{"id":697245,"date":"2024-03-03T19:00:46","date_gmt":"2024-03-03T15:00:46","guid":{"rendered":"https:\/\/arantv.az\/?p=697245"},"modified":"2024-03-03T19:00:46","modified_gmt":"2024-03-03T15:00:46","slug":"erm%c9%99nistan-konstitusiyasinda-fransiz-barmagi-t%c9%99hlil-foto","status":"publish","type":"post","link":"https:\/\/arantv.az\/?p=697245","title":{"rendered":"Erm\u0259nistan Konstitusiyas\u0131nda frans\u0131z barma\u011f\u0131 &#8211; T\u018fHL\u0130L + FOTO"},"content":{"rendered":"<p>Fransan\u0131n son \u00fc\u00e7 il \u0259rzind\u0259 yersiz m\u00fcdaxil\u0259si v\u0259 Erm\u0259nistana a\u00e7\u0131q k\u00f6m\u0259k etm\u0259si Avropan\u0131n dig\u0259r n\u0259h\u0259ngi olan Almaniyan\u0131n v\u0259ziyy\u0259t\u0259 soyuq ba\u015fla yana\u015fmas\u0131na s\u0259b\u0259b olur. \u00c7\u00fcnki Fransaya g\u00f6r\u0259 korlanan Avropa-Az\u0259rbaycan m\u00fcnasib\u0259tl\u0259rinin f\u0259sadlar\u0131n\u0131 t\u0259k frans\u0131zlar deyil, ham\u0131 ya\u015faya bil\u0259r.<\/p>\n<p><a href=\"https:\/\/kaspi.az\/alman-praqmatikliyi-fransiz-ekspansionizmi-t-hlil?fbclid=IwAR2PIzOiuREasmBvcmN5IwGc538FNgbjkEpgS3bJHdcpA6-69X0mOnbQ7p4\" target=\"_blank\" rel=\"noopener\"><strong>\u201cKaspi\u201d<\/strong><\/a>\u00a0q\u0259zeti\u00a0m\u00f6vzu il\u0259 ba\u011fl\u0131 m\u0259qal\u0259 d\u0259rc edib.<\/p>\n<p>Az\u0259rbaycan v\u0259 Erm\u0259nistan X\u0130N r\u0259hb\u0259rl\u0259rinin Berlin g\u00f6r\u00fc\u015f\u00fcn\u00fcn n\u0259tic\u0259l\u0259ri bar\u0259d\u0259 ehtimal ir\u0259li s\u00fcrm\u0259k asan deyil. Erm\u0259nistan \u015f\u0259rti s\u0259rh\u0259dd\u0259 t\u0259xribatlar\u0131 b\u0259rpa edib, Avropa is\u0259 ba\u015fda Fransa olmaqla, qit\u0259 miqyasl\u0131 strukturlar vasit\u0259sil\u0259 Az\u0259rbaycana m\u00fcnasib\u0259td\u0259 q\u0259r\u0259zli aksiyalar\u0131n\u0131 davam etdirir. Avropal\u0131 parlamentaril\u0259r t\u0259r\u0259find\u0259n Bak\u0131ya qar\u015f\u0131 sanksiya v\u0259 h\u0259tta embarqonun t\u0259tbiq edilm\u0259sin\u0259 dair \u00e7a\u011f\u0131r\u0131\u015flar s\u0259sl\u0259nir. Bu m\u0259zmunlu b\u0259yanatlar t\u0259bi\u0259ti etibaril\u0259 populist olsa da, t\u0259bli\u011fati m\u00fcst\u0259vid\u0259 \u00f6z i\u015fini g\u00f6r\u00fcr: Az\u0259rbaycan neqativ, Erm\u0259nistan z\u0259r\u0259r\u00e7\u0259k\u0259n obrazda t\u0259qdim olunur. Bel\u0259 bir m\u0259nz\u0259r\u0259 prosesin s\u00fclh\u0259 do\u011fru ir\u0259lil\u0259m\u0259sind\u0259n daha \u00e7ox, m\u00fcharib\u0259 ehtimal\u0131na t\u0259r\u0259f yuvarlanmas\u0131 anlam\u0131na g\u0259lir, x\u00fcsusil\u0259 Erm\u0259nistan\u0131n Fransa t\u0259r\u0259find\u0259n silahland\u0131r\u0131lmas\u0131 fonunda.<\/p>\n<p><img src=\"https:\/\/cdn.oxu.az\/uploads\/W1siZiIsIjIwMjQvMDMvMDMvMTEvMTIvMzcvNzNlMWEwNTQtMzc4My00ODU3LWE1MTgtZmIzMGIyZmEzYjcyL2czN1F4Zkk5VkdpZFl6YklKQTQ3MEJEM2N2dmg3Nkl5Z3lTV1FhQzYgKDEpLmpwZyJdLFsicCIsImVuY29kZSIsImpwZyIsIi1xdWFsaXR5IDgwIl0sWyJwIiwidGh1bWIiLCI1OTB4NTkwXHUwMDNlIl1d?sha=6522234a486c34d3\" alt=\"\" \/><strong>Berlin dilemmas\u0131<\/strong><\/p>\n<p>Ceyhun Bayramovla Ararat Mirzoyan\u0131n Almaniyan\u0131n X\u0130N r\u0259hb\u0259ri Annalena Berbokun vasit\u0259sil\u0259 ba\u015f tutan iki g\u00fcnl\u00fck g\u00f6r\u00fc\u015f\u00fc g\u00f6st\u0259rir ki, s\u00fclh prosesi yenid\u0259n m\u0259ktubla\u015fma format\u0131ndan canl\u0131 formata ke\u00e7ir. 44 g\u00fcnl\u00fck m\u00fcharib\u0259 v\u0259 bir sutkal\u0131q antiterror t\u0259dbirl\u0259ri il\u0259 nokdauna d\u00fc\u015f\u0259n Erm\u0259nistan\u0131n nokautla rinqi t\u0259rk etm\u0259m\u0259si Az\u0259rbaycan\u0131n humanist yana\u015fmas\u0131n\u0131n g\u00f6st\u0259ricisidir. S\u00fclh m\u00fcqavil\u0259sinin haz\u0131rlanmas\u0131 zaman\u0131 m\u0259\u011flub t\u0259r\u0259fin qalibl\u0259 eyni statusda t\u0259msil olunmas\u0131 m\u00fcmk\u00fcn deyil. H\u0259rb v\u0259 s\u00fclh tarixind\u0259 h\u0259l\u0259 bel\u0259 bir hal qeyd\u0259 al\u0131nmay\u0131b. \u0130r\u0259van \u00fc\u00e7\u00fcn s\u00fclh\u0259 nail olmaq hava-su kimi laz\u0131md\u0131r. N\u00f6vb\u0259ti m\u00fcharib\u0259 Erm\u0259nistan\u0131n d\u00f6vl\u0259t, erm\u0259nil\u0259rin is\u0259 xalq kimi C\u0259nubi Qafqazdak\u0131 m\u00f6vcudlu\u011funa son qoya bil\u0259r. T\u0259k Az\u0259rbaycan deyil, T\u00fcrkiy\u0259 il\u0259 \u0259dav\u0259ti v\u0259 Rusiya il\u0259 m\u00fcnasib\u0259tl\u0259rinin d\u00fc\u015fm\u0259n\u00e7ilik statusuna qald\u0131r\u0131lmas\u0131 Erm\u0259nistan\u0131n haz\u0131rk\u0131 geosiyasi v\u0259ziyy\u0259tini o q\u0259d\u0259r m\u00fcr\u0259kk\u0259bl\u0259\u015fdirib ki, ondan tarix\u0259n formala\u015fm\u0131\u015f \u00fcmummilli immunitet vasit\u0259sil\u0259 \u00e7\u0131xmaq m\u00fc\u015fk\u00fcl m\u0259s\u0259l\u0259dir. Erm\u0259ni xalq\u0131 s\u00fcr\u0259tl\u0259 \u00f6lk\u0259ni t\u0259rk edir. Bu, erm\u0259nil\u0259rin tarix\u0259n bu torpaqlara ba\u011fl\u0131 olmamalar\u0131 il\u0259 yana\u015f\u0131, h\u0259m d\u0259 yeni m\u00fcharib\u0259d\u0259n qorxunun \u0259lam\u0259tidir. \u015e\u00fcbh\u0259siz ki, bunu Pa\u015finyan hakimiyy\u0259tind\u0259 yax\u015f\u0131 d\u0259rk edirl\u0259r. Ancaq r\u0259smi \u0130r\u0259van\u0131n aras\u0131nda qald\u0131\u011f\u0131 m\u0259ng\u0259n\u0259 getdikc\u0259 daral\u0131r, bir t\u0259r\u0259fd\u0259n reall\u0131q, dig\u0259r t\u0259r\u0259fd\u0259n is\u0259 \u0259siri oldu\u011fu Fransan\u0131n geosiyasi i\u015ftahas\u0131 Pa\u015finyan\u0131 \u00e7\u0131x\u0131lmaz hala sal\u0131b.<\/p>\n<p><strong>Avropa \u00f6z qorxular\u0131n\u0131 neytralla\u015fd\u0131rmaq ist\u0259yir\u00a0<\/strong><\/p>\n<p>\u018fvv\u0259l M\u00fcnhend\u0259, sonra is\u0259 Berlind\u0259 Almaniyan\u0131n vasit\u0259\u00e7ilik missiyas\u0131n\u0131 \u00fcz\u0259rin\u0259 g\u00f6t\u00fcrm\u0259si, t\u0259\u015f\u0259bb\u00fcsd\u0259n daha \u00e7ox m\u0259suliyy\u0259tin hiss edilm\u0259sidir. Almaniya bu kimi prosesl\u0259rd\u0259 ad\u0259t\u0259n aktiv g\u00f6r\u00fcnm\u00fcr. M\u00fcnaqi\u015f\u0259 t\u0259r\u0259fl\u0259ri aras\u0131ndak\u0131 moderatorluq r\u0259smi Berlinin \u0259n yax\u015f\u0131 bacard\u0131\u011f\u0131 i\u015f deyil. Ancaq Fransan\u0131n son \u00fc\u00e7 il \u0259rzind\u0259 yersiz m\u00fcdaxil\u0259si v\u0259 Erm\u0259nistana a\u00e7\u0131q k\u00f6m\u0259k etm\u0259si Avropan\u0131n dig\u0259r n\u0259h\u0259ngi olan Almaniyan\u0131n v\u0259ziyy\u0259t\u0259 soyuq ba\u015fla yana\u015fmas\u0131na s\u0259b\u0259b olur. \u00c7\u00fcnki Fransaya g\u00f6r\u0259 korlanan Avropa-Az\u0259rbaycan m\u00fcnasib\u0259tl\u0259rinin f\u0259sadlar\u0131n\u0131 t\u0259k frans\u0131zlar deyil, ham\u0131 ya\u015faya bil\u0259r. Qit\u0259nin iqtisadi probleml\u0259rinin \u00e7\u00f6z\u00fcm\u00fc ad\u0259t\u0259n Almaniyan\u0131n \u00e7iyinl\u0259rin\u0259 d\u00fc\u015fd\u00fcy\u00fcnd\u0259n, Berlind\u0259 haz\u0131rk\u0131 durumun m\u0259suliyy\u0259tini yax\u015f\u0131 d\u0259rk edirl\u0259r. Avropa Parlamentind\u0259 Az\u0259rbaycandan idxal edil\u0259n neft v\u0259 qazdan imtinaya dair populist b\u0259yanatlar fonunda praqmatik almanlar \u00fc\u00e7\u00fcn durum o q\u0259d\u0259r d\u0259 \u00fcr\u0259ka\u00e7an g\u00f6r\u00fcnm\u00fcr. Bu bax\u0131mdan, Olaf \u015eoltsun t\u0259\u015f\u0259bb\u00fcsl\u0259ri s\u00fclh prosesini dalandan \u00e7\u0131xarmaqdan daha \u00e7ox Avropan\u0131n \u00f6z qorxular\u0131n\u0131n neytralla\u015fd\u0131r\u0131lmas\u0131na hesablan\u0131b.<\/p>\n<p><img src=\"https:\/\/cdn.oxu.az\/uploads\/W1siZiIsIjIwMjQvMDMvMDMvMTEvMTIvMzcvOGQxNDY5MGEtYTM3Ny00MGQzLWE2ZWUtZjIxZmNkMTg4ZGIxLzRiWTdGTjRDazJrd1dKNlNQbUJ1MGNWMG44VGw3SGVIank5YVRWZG0gKDEpLmpwZyJdLFsicCIsImVuY29kZSIsImpwZyIsIi1xdWFsaXR5IDgwIl0sWyJwIiwidGh1bWIiLCI1OTB4NTkwXHUwMDNlIl1d?sha=83462c2b78af160f\" alt=\"\" \/><\/p>\n<p><strong>Fransa b\u00fct\u00fcn Avropan\u0131 oyundank\u0259nar v\u0259ziyy\u0259t\u0259 sal\u0131b<\/strong><\/p>\n<p>Fransa aqressiv v\u0259 birt\u0259r\u0259fli yana\u015fmas\u0131 il\u0259 t\u0259k \u00f6z\u00fcn\u00fc deyil, b\u00fct\u00fcn Avropan\u0131 oyundank\u0259nar v\u0259ziyy\u0259t\u0259 sal\u0131b. Parisin Qafqaz\u0131n c\u0259nubundan olan ekspansionist g\u00f6zl\u0259ntil\u0259ri b\u00fct\u00fcn Avropan\u0131 d\u00fc\u015f\u00fcnd\u00fcr\u0259c\u0259k v\u0259 \u00e7\u0259tinliy\u0259 salacaq problem deyil. Uzanan Rusiya-Ukrayna m\u00fcharib\u0259si v\u0259 Q\u0259rb-Moskva ziddiyy\u0259tl\u0259ri reall\u0131\u011f\u0131nda Avropaya, \u0259sas\u0259n d\u0259 onun m\u00fch\u0259rriki rolunda \u00e7\u0131x\u0131\u015f ed\u0259n Almaniyaya enerji m\u0259nb\u0259l\u0259ri v\u0259 tranzit yollar\u0131 laz\u0131md\u0131r. Son iki ildir d\u00fcnyan\u0131n diqq\u0259tinin C\u0259nubi Qafqazdan ke\u00e7\u0259n \u201cOrta d\u0259hliz\u201d\u0259 y\u00f6n\u0259ldiyi bir vaxtda Almaniya v\u0259 b\u00fct\u00fcn Avropan\u0131n, Fransan\u0131n Erm\u0259nistan ambisiyalar\u0131na ili\u015fib qalmas\u0131 a\u011flas\u0131\u011fmaz g\u00f6r\u00fcn\u00fcr. Bu g\u00fcn \u00c7in d\u00fcnya istehsal\u0131n\u0131n 35%-n\u0259 malikdir v\u0259 \u201cOrta d\u0259hliz\u201din \u0259sas t\u0259\u015fviqat\u00e7\u0131lar\u0131ndan biridir. Fermerl\u0259rinin \u0259lind\u0259 qalm\u0131\u015f Makronun bel\u0259 bir iqtisadi sunaminin qar\u015f\u0131s\u0131nda n\u0259 vaxtad\u0259k tab g\u0259tir\u0259c\u0259yi sual do\u011furur. Bu miqyasda qlobal tranzit v\u0259 logistik layih\u0259nin c\u0259mi bir ne\u00e7\u0259 kilometrlik Z\u0259ng\u0259zur d\u0259hlizin\u0259 g\u00f6r\u0259 realla\u015fmamas\u0131 n\u0259 q\u0259d\u0259r a\u011flabatand\u0131r?<\/p>\n<p><strong>Erm\u0259nistan Konstitusiyas\u0131nda frans\u0131z barma\u011f\u0131<\/strong><\/p>\n<p>\u018fminlikl\u0259 qeyd etm\u0259k olar ki, Berlin dan\u0131\u015f\u0131qlar\u0131n\u0131n \u0259sas m\u00f6vzular\u0131ndan biri Erm\u0259nistan\u0131n daxili qanunvericiliyi olub. Konstitusiyada Az\u0259rbaycana v\u0259 T\u00fcrkiy\u0259y\u0259 qar\u015f\u0131 \u0259razi iddialar\u0131n\u0131n olmas\u0131 imzalana bil\u0259c\u0259k ist\u0259nil\u0259n s\u00fclh\u00fc qeyri-yetkin v\u0259 m\u00fcv\u0259qq\u0259ti edir. Erm\u0259nistandan f\u0259rqli olaraq, Az\u0259rbaycan v\u0259 T\u00fcrkiy\u0259 ciddi d\u00f6vl\u0259tl\u0259rdir. Bu s\u0259b\u0259bd\u0259n konstitusiya d\u0259yi\u015film\u0259zs\u0259, yekun s\u00fclhd\u0259n dan\u0131\u015fmaq \u0259b\u0259sdir. M\u00fcharib\u0259nin h\u0259rb t\u0259r\u0259fi d\u00f6y\u00fc\u015f meydan\u0131nda ordular aras\u0131nda h\u0259ll edilir. Qon\u015fulara qar\u015f\u0131 aqressiv daxili qanunvericilik is\u0259 xalq\u0131n v\u0259 xalq\u0131 arxas\u0131nca aparan hakimiyy\u0259tin m\u0259suliyy\u0259t dair\u0259sidir. Pa\u015finyan h\u00f6kum\u0259tinin bu ballastdan qurtulmaq ist\u0259yi hiss olunur, ancaq bel\u0259 g\u00f6r\u00fcn\u00fcr ki, burada da Fransan\u0131n t\u0259zyiql\u0259ri il\u0259 \u00fczl\u0259\u015fir. Paris indi Erm\u0259nistan\u0131n daxili i\u015fl\u0259rin\u0259, h\u0259tta qanunvericilik prosesin\u0259 d\u0259 m\u00fcdaxil\u0259 etm\u0259y\u0259 ba\u015flay\u0131b. Parisd\u0259 s\u0259f\u0259rd\u0259 olan Pa\u015finyan\u0131 bu \u00f6lk\u0259d\u0259ki ba\u015f da\u015fnak Murad Papazyanla bar\u0131\u015fd\u0131rmaq niyy\u0259ti Makronun m\u0259hz bu h\u0259d\u0259finin g\u00f6st\u0259ricisidir.<\/p>\n<p>Qanunverici s\u0259viyy\u0259d\u0259 \u0259razi iddialar\u0131 m\u00fcharib\u0259nin davam etm\u0259si dem\u0259kdir. Bel\u0259dirs\u0259, hans\u0131 s\u00fclh bar\u0259d\u0259 dan\u0131\u015fmaq olar? 30 illik i\u015f\u011fala 44 g\u00fcn 23 saata son qoyan Az\u0259rbaycan suverenliyin\u0259 qar\u015f\u0131 y\u00f6n\u0259lmi\u015f t\u0259hdidin aradan qald\u0131r\u0131lmas\u0131n\u0131 \u00e7ox g\u00f6zl\u0259y\u0259 bilm\u0259z. Pa\u015finyan\u0131n \u00f6t\u0259n ilin sonundan etibar\u0259n r\u0259smi g\u00f6r\u00fc\u015fl\u0259rd\u0259 geyinm\u0259y\u0259 ba\u015flad\u0131\u011f\u0131 papa\u011f\u0131n\u0131 qar\u015f\u0131s\u0131na qoyub d\u00fc\u015f\u00fcnm\u0259si vaxt\u0131d\u0131r: \u0259sas imic deyil, d\u00f6vl\u0259tin v\u0259 xalq\u0131n m\u00fcq\u0259dd\u0259rat\u0131d\u0131r.<\/p>\n","protected":false},"excerpt":{"rendered":"<p>Fransan\u0131n son \u00fc\u00e7 il \u0259rzind\u0259 yersiz m\u00fcdaxil\u0259si v\u0259 Erm\u0259nistana a\u00e7\u0131q k\u00f6m\u0259k etm\u0259si Avropan\u0131n dig\u0259r n\u0259h\u0259ngi olan Almaniyan\u0131n v\u0259ziyy\u0259t\u0259 soyuq ba\u015fla yana\u015fmas\u0131na s\u0259b\u0259b olur. \u00c7\u00fcnki Fransaya g\u00f6r\u0259 korlanan Avropa-Az\u0259rbaycan m\u00fcnasib\u0259tl\u0259rinin f\u0259sadlar\u0131n\u0131 t\u0259k frans\u0131zlar deyil, ham\u0131 ya\u015faya bil\u0259r. \u201cKaspi\u201d\u00a0q\u0259zeti\u00a0m\u00f6vzu il\u0259 ba\u011fl\u0131 m\u0259qal\u0259 d\u0259rc edib. Az\u0259rbaycan v\u0259 Erm\u0259nistan X\u0130N r\u0259hb\u0259rl\u0259rinin Berlin g\u00f6r\u00fc\u015f\u00fcn\u00fcn n\u0259tic\u0259l\u0259ri bar\u0259d\u0259 ehtimal ir\u0259li s\u00fcrm\u0259k asan deyil. Erm\u0259nistan \u015f\u0259rti s\u0259rh\u0259dd\u0259 t\u0259xribatlar\u0131 b\u0259rpa edib, Avropa is\u0259 ba\u015fda Fransa olmaqla, qit\u0259 miqyasl\u0131 strukturlar vasit\u0259sil\u0259 Az\u0259rbaycana m\u00fcnasib\u0259td\u0259 q\u0259r\u0259zli aksiyalar\u0131n\u0131 davam etdirir. Avropal\u0131 parlamentaril\u0259r t\u0259r\u0259find\u0259n Bak\u0131ya qar\u015f\u0131 sanksiya v\u0259 h\u0259tta embarqonun t\u0259tbiq edilm\u0259sin\u0259 dair \u00e7a\u011f\u0131r\u0131\u015flar&hellip;<\/p>\n","protected":false},"author":2,"featured_media":697246,"comment_status":"closed","ping_status":"closed","sticky":false,"template":"","format":"standard","meta":{"om_disable_all_campaigns":false,"_monsterinsights_skip_tracking":false,"_monsterinsights_sitenote_active":false,"_monsterinsights_sitenote_note":"","_monsterinsights_sitenote_category":0},"categories":[4],"tags":[],"aioseo_notices":[],"gutentor_comment":0,"rttpg_featured_image_url":{"full":["https:\/\/arantv.az\/wp-content\/uploads\/2024\/03\/GEV9N58rUr77I3glWzsBeZVZUTPa8kKu1VNRWJlt.jpg",620,413,false],"landscape":["https:\/\/arantv.az\/wp-content\/uploads\/2024\/03\/GEV9N58rUr77I3glWzsBeZVZUTPa8kKu1VNRWJlt.jpg",620,413,false],"portraits":["https:\/\/arantv.az\/wp-content\/uploads\/2024\/03\/GEV9N58rUr77I3glWzsBeZVZUTPa8kKu1VNRWJlt.jpg",620,413,false],"thumbnail":["https:\/\/arantv.az\/wp-content\/uploads\/2024\/03\/GEV9N58rUr77I3glWzsBeZVZUTPa8kKu1VNRWJlt-500x280.jpg",500,280,true],"medium":["https:\/\/arantv.az\/wp-content\/uploads\/2024\/03\/GEV9N58rUr77I3glWzsBeZVZUTPa8kKu1VNRWJlt-548x365.jpg",548,365,true],"large":["https:\/\/arantv.az\/wp-content\/uploads\/2024\/03\/GEV9N58rUr77I3glWzsBeZVZUTPa8kKu1VNRWJlt.jpg",620,413,false],"1536x1536":["https:\/\/arantv.az\/wp-content\/uploads\/2024\/03\/GEV9N58rUr77I3glWzsBeZVZUTPa8kKu1VNRWJlt.jpg",620,413,false],"2048x2048":["https:\/\/arantv.az\/wp-content\/uploads\/2024\/03\/GEV9N58rUr77I3glWzsBeZVZUTPa8kKu1VNRWJlt.jpg",620,413,false],"post-thumbnail":["https:\/\/arantv.az\/wp-content\/uploads\/2024\/03\/GEV9N58rUr77I3glWzsBeZVZUTPa8kKu1VNRWJlt-240x172.jpg",240,172,true],"advps-thumb-one":["https:\/\/arantv.az\/wp-content\/uploads\/2024\/03\/GEV9N58rUr77I3glWzsBeZVZUTPa8kKu1VNRWJlt.jpg",620,413,false]},"rttpg_author":{"display_name":"V\u00fcsal Rafiqo\u011flu","author_link":"https:\/\/arantv.az\/?author=2"},"rttpg_comment":0,"rttpg_category":"<a href=\"https:\/\/arantv.az\/?cat=4\" rel=\"category\">Siyas\u0259t<\/a>","rttpg_excerpt":"Fransan\u0131n son \u00fc\u00e7 il \u0259rzind\u0259 yersiz m\u00fcdaxil\u0259si v\u0259 Erm\u0259nistana a\u00e7\u0131q k\u00f6m\u0259k etm\u0259si Avropan\u0131n dig\u0259r n\u0259h\u0259ngi olan Almaniyan\u0131n v\u0259ziyy\u0259t\u0259 soyuq ba\u015fla yana\u015fmas\u0131na s\u0259b\u0259b olur. \u00c7\u00fcnki Fransaya g\u00f6r\u0259 korlanan Avropa-Az\u0259rbaycan m\u00fcnasib\u0259tl\u0259rinin f\u0259sadlar\u0131n\u0131 t\u0259k frans\u0131zlar deyil, ham\u0131 ya\u015faya bil\u0259r. \u201cKaspi\u201d\u00a0q\u0259zeti\u00a0m\u00f6vzu il\u0259 ba\u011fl\u0131 m\u0259qal\u0259 d\u0259rc edib. Az\u0259rbaycan v\u0259 Erm\u0259nistan X\u0130N r\u0259hb\u0259rl\u0259rinin Berlin g\u00f6r\u00fc\u015f\u00fcn\u00fcn n\u0259tic\u0259l\u0259ri bar\u0259d\u0259 ehtimal ir\u0259li s\u00fcrm\u0259k asan&hellip;","_links":{"self":[{"href":"https:\/\/arantv.az\/index.php?rest_route=\/wp\/v2\/posts\/697245"}],"collection":[{"href":"https:\/\/arantv.az\/index.php?rest_route=\/wp\/v2\/posts"}],"about":[{"href":"https:\/\/arantv.az\/index.php?rest_route=\/wp\/v2\/types\/post"}],"author":[{"embeddable":true,"href":"https:\/\/arantv.az\/index.php?rest_route=\/wp\/v2\/users\/2"}],"replies":[{"embeddable":true,"href":"https:\/\/arantv.az\/index.php?rest_route=%2Fwp%2Fv2%2Fcomments&post=697245"}],"version-history":[{"count":0,"href":"https:\/\/arantv.az\/index.php?rest_route=\/wp\/v2\/posts\/697245\/revisions"}],"wp:featuredmedia":[{"embeddable":true,"href":"https:\/\/arantv.az\/index.php?rest_route=\/wp\/v2\/media\/697246"}],"wp:attachment":[{"href":"https:\/\/arantv.az\/index.php?rest_route=%2Fwp%2Fv2%2Fmedia&parent=697245"}],"wp:term":[{"taxonomy":"category","embeddable":true,"href":"https:\/\/arantv.az\/index.php?rest_route=%2Fwp%2Fv2%2Fcategories&post=697245"},{"taxonomy":"post_tag","embeddable":true,"href":"https:\/\/arantv.az\/index.php?rest_route=%2Fwp%2Fv2%2Ftags&post=697245"}],"curies":[{"name":"wp","href":"https:\/\/api.w.org\/{rel}","templated":true}]}}