{"id":697266,"date":"2024-03-03T19:04:19","date_gmt":"2024-03-03T15:04:19","guid":{"rendered":"https:\/\/arantv.az\/?p=697266"},"modified":"2024-03-03T19:04:19","modified_gmt":"2024-03-03T15:04:19","slug":"fransali-siyas%c9%99tci-makron-dozulm%c9%99z-d%c9%99r%c9%99c%c9%99d%c9%99-qeyri-ciddilik-gost%c9%99rdi","status":"publish","type":"post","link":"https:\/\/arantv.az\/?p=697266","title":{"rendered":"Fransal\u0131 siyas\u0259t\u00e7i: \u201cMakron d\u00f6z\u00fclm\u0259z d\u0259r\u0259c\u0259d\u0259 qeyri-ciddilik g\u00f6st\u0259rdi\u201d"},"content":{"rendered":"<p>Fransan\u0131n Overn-Rona-Alp b\u00f6lg\u0259sinin r\u0259hb\u0259ri Loran Vokye \u201cTribuna\u201d q\u0259zetind\u0259 d\u0259rc olunan k\u00f6\u015f\u0259 yaz\u0131s\u0131nda \u00f6lk\u0259 prezidenti Emmanuel Makronun Ukraynaya qo\u015fun g\u00f6nd\u0259rilm\u0259sinin m\u00fcmk\u00fcnl\u00fcy\u00fc il\u0259 ba\u011fl\u0131 b\u0259yanat\u0131n\u0131 \u015f\u0259rh edib.<\/p>\n<p>\u201cPrezident Ukrayna \u0259razisin\u0259 qo\u015fun yeridilm\u0259sinin m\u00fcmk\u00fcnl\u00fcy\u00fcn\u00fc dil\u0259 g\u0259tirib. O, bu bo\u015f s\u00f6zl\u0259ri il\u0259 Fransa v\u0259 dig\u0259r Q\u0259rb \u00f6lk\u0259l\u0259rinin m\u00fcharib\u0259y\u0259 qo\u015fulmas\u0131n\u0131 n\u0259z\u0259rd\u0259 tutmaqla d\u00f6z\u00fclm\u0259z d\u0259r\u0259c\u0259d\u0259 qeyri-ciddilik n\u00fcmayi\u015f etdirib\u201d, &#8211; dey\u0259 b\u00f6lg\u0259\u00a0r\u0259hb\u0259ri yaz\u0131b.<\/p>\n<p>Vokye \u0259lav\u0259 edib ki, Fransa Prezidenti he\u00e7 bir Avropa \u00f6lk\u0259sind\u0259n v\u0259 ya AB\u015e-d\u0259n d\u0259st\u0259k almadan n\u00fcv\u0259 d\u00f6vl\u0259tin\u0259 qar\u015f\u0131 t\u0259kba\u015f\u0131na dayan\u0131b. N\u0259tic\u0259d\u0259, m\u0259qal\u0259 m\u00fc\u0259llifinin fikrinc\u0259, Fransa indi t\u0259kl\u0259nib, etibar\u0131n\u0131 itir\u0259r\u0259k g\u00f6zd\u0259n d\u00fc\u015f\u00fcb. Fransa t\u0259r\u0259finin b\u0259yanatlar\u0131 d\u0259rhal r\u0259dd edildikd\u0259n sonra Q\u0259rb\u00a0b\u00fct\u00fcn d\u00fc\u015fm\u0259nl\u0259rin\u0259 \u00f6z par\u00e7alanmas\u0131n\u0131 v\u0259 g\u00fccs\u00fczl\u00fcy\u00fcn\u00fc n\u00fcmayi\u015f etdirib.<\/p>\n","protected":false},"excerpt":{"rendered":"<p>Fransan\u0131n Overn-Rona-Alp b\u00f6lg\u0259sinin r\u0259hb\u0259ri Loran Vokye \u201cTribuna\u201d q\u0259zetind\u0259 d\u0259rc olunan k\u00f6\u015f\u0259 yaz\u0131s\u0131nda \u00f6lk\u0259 prezidenti Emmanuel Makronun Ukraynaya qo\u015fun g\u00f6nd\u0259rilm\u0259sinin m\u00fcmk\u00fcnl\u00fcy\u00fc il\u0259 ba\u011fl\u0131 b\u0259yanat\u0131n\u0131 \u015f\u0259rh edib. \u201cPrezident Ukrayna \u0259razisin\u0259 qo\u015fun yeridilm\u0259sinin m\u00fcmk\u00fcnl\u00fcy\u00fcn\u00fc dil\u0259 g\u0259tirib. O, bu bo\u015f s\u00f6zl\u0259ri il\u0259 Fransa v\u0259 dig\u0259r Q\u0259rb \u00f6lk\u0259l\u0259rinin m\u00fcharib\u0259y\u0259 qo\u015fulmas\u0131n\u0131 n\u0259z\u0259rd\u0259 tutmaqla d\u00f6z\u00fclm\u0259z d\u0259r\u0259c\u0259d\u0259 qeyri-ciddilik n\u00fcmayi\u015f etdirib\u201d, &#8211; dey\u0259 b\u00f6lg\u0259\u00a0r\u0259hb\u0259ri yaz\u0131b. Vokye \u0259lav\u0259 edib ki, Fransa Prezidenti he\u00e7 bir Avropa \u00f6lk\u0259sind\u0259n v\u0259 ya AB\u015e-d\u0259n d\u0259st\u0259k almadan n\u00fcv\u0259 d\u00f6vl\u0259tin\u0259 qar\u015f\u0131 t\u0259kba\u015f\u0131na dayan\u0131b. N\u0259tic\u0259d\u0259, m\u0259qal\u0259 m\u00fc\u0259llifinin fikrinc\u0259, Fransa indi t\u0259kl\u0259nib, etibar\u0131n\u0131 itir\u0259r\u0259k g\u00f6zd\u0259n d\u00fc\u015f\u00fcb. Fransa t\u0259r\u0259finin b\u0259yanatlar\u0131&hellip;<\/p>\n","protected":false},"author":2,"featured_media":697267,"comment_status":"closed","ping_status":"closed","sticky":false,"template":"","format":"standard","meta":{"om_disable_all_campaigns":false,"_monsterinsights_skip_tracking":false,"_monsterinsights_sitenote_active":false,"_monsterinsights_sitenote_note":"","_monsterinsights_sitenote_category":0},"categories":[4],"tags":[],"aioseo_notices":[],"gutentor_comment":0,"rttpg_featured_image_url":{"full":["https:\/\/arantv.az\/wp-content\/uploads\/2024\/03\/430192318_416233394096293_2718397141617117283_n.jpg",620,413,false],"landscape":["https:\/\/arantv.az\/wp-content\/uploads\/2024\/03\/430192318_416233394096293_2718397141617117283_n.jpg",620,413,false],"portraits":["https:\/\/arantv.az\/wp-content\/uploads\/2024\/03\/430192318_416233394096293_2718397141617117283_n.jpg",620,413,false],"thumbnail":["https:\/\/arantv.az\/wp-content\/uploads\/2024\/03\/430192318_416233394096293_2718397141617117283_n-500x280.jpg",500,280,true],"medium":["https:\/\/arantv.az\/wp-content\/uploads\/2024\/03\/430192318_416233394096293_2718397141617117283_n-548x365.jpg",548,365,true],"large":["https:\/\/arantv.az\/wp-content\/uploads\/2024\/03\/430192318_416233394096293_2718397141617117283_n.jpg",620,413,false],"1536x1536":["https:\/\/arantv.az\/wp-content\/uploads\/2024\/03\/430192318_416233394096293_2718397141617117283_n.jpg",620,413,false],"2048x2048":["https:\/\/arantv.az\/wp-content\/uploads\/2024\/03\/430192318_416233394096293_2718397141617117283_n.jpg",620,413,false],"post-thumbnail":["https:\/\/arantv.az\/wp-content\/uploads\/2024\/03\/430192318_416233394096293_2718397141617117283_n-240x172.jpg",240,172,true],"advps-thumb-one":["https:\/\/arantv.az\/wp-content\/uploads\/2024\/03\/430192318_416233394096293_2718397141617117283_n.jpg",620,413,false]},"rttpg_author":{"display_name":"V\u00fcsal Rafiqo\u011flu","author_link":"https:\/\/arantv.az\/?author=2"},"rttpg_comment":0,"rttpg_category":"<a href=\"https:\/\/arantv.az\/?cat=4\" rel=\"category\">Siyas\u0259t<\/a>","rttpg_excerpt":"Fransan\u0131n Overn-Rona-Alp b\u00f6lg\u0259sinin r\u0259hb\u0259ri Loran Vokye \u201cTribuna\u201d q\u0259zetind\u0259 d\u0259rc olunan k\u00f6\u015f\u0259 yaz\u0131s\u0131nda \u00f6lk\u0259 prezidenti Emmanuel Makronun Ukraynaya qo\u015fun g\u00f6nd\u0259rilm\u0259sinin m\u00fcmk\u00fcnl\u00fcy\u00fc il\u0259 ba\u011fl\u0131 b\u0259yanat\u0131n\u0131 \u015f\u0259rh edib. \u201cPrezident Ukrayna \u0259razisin\u0259 qo\u015fun yeridilm\u0259sinin m\u00fcmk\u00fcnl\u00fcy\u00fcn\u00fc dil\u0259 g\u0259tirib. O, bu bo\u015f s\u00f6zl\u0259ri il\u0259 Fransa v\u0259 dig\u0259r Q\u0259rb \u00f6lk\u0259l\u0259rinin m\u00fcharib\u0259y\u0259 qo\u015fulmas\u0131n\u0131 n\u0259z\u0259rd\u0259 tutmaqla d\u00f6z\u00fclm\u0259z d\u0259r\u0259c\u0259d\u0259 qeyri-ciddilik n\u00fcmayi\u015f etdirib\u201d, &#8211; dey\u0259 b\u00f6lg\u0259\u00a0r\u0259hb\u0259ri&hellip;","_links":{"self":[{"href":"https:\/\/arantv.az\/index.php?rest_route=\/wp\/v2\/posts\/697266"}],"collection":[{"href":"https:\/\/arantv.az\/index.php?rest_route=\/wp\/v2\/posts"}],"about":[{"href":"https:\/\/arantv.az\/index.php?rest_route=\/wp\/v2\/types\/post"}],"author":[{"embeddable":true,"href":"https:\/\/arantv.az\/index.php?rest_route=\/wp\/v2\/users\/2"}],"replies":[{"embeddable":true,"href":"https:\/\/arantv.az\/index.php?rest_route=%2Fwp%2Fv2%2Fcomments&post=697266"}],"version-history":[{"count":0,"href":"https:\/\/arantv.az\/index.php?rest_route=\/wp\/v2\/posts\/697266\/revisions"}],"wp:featuredmedia":[{"embeddable":true,"href":"https:\/\/arantv.az\/index.php?rest_route=\/wp\/v2\/media\/697267"}],"wp:attachment":[{"href":"https:\/\/arantv.az\/index.php?rest_route=%2Fwp%2Fv2%2Fmedia&parent=697266"}],"wp:term":[{"taxonomy":"category","embeddable":true,"href":"https:\/\/arantv.az\/index.php?rest_route=%2Fwp%2Fv2%2Fcategories&post=697266"},{"taxonomy":"post_tag","embeddable":true,"href":"https:\/\/arantv.az\/index.php?rest_route=%2Fwp%2Fv2%2Ftags&post=697266"}],"curies":[{"name":"wp","href":"https:\/\/api.w.org\/{rel}","templated":true}]}}