{"id":697269,"date":"2024-03-03T19:04:53","date_gmt":"2024-03-03T15:04:53","guid":{"rendered":"https:\/\/arantv.az\/?p=697269"},"modified":"2024-03-03T19:04:53","modified_gmt":"2024-03-03T15:04:53","slug":"b%c9%99rd%c9%99d%c9%99-77-yasli-piyadani-avtomobil-vuraraq-oldurub-foto","status":"publish","type":"post","link":"https:\/\/arantv.az\/?p=697269","title":{"rendered":"B\u0259rd\u0259d\u0259 77 ya\u015fl\u0131 piyadan\u0131 avtomobil vuraraq \u00f6ld\u00fcr\u00fcb &#8211; FOTO"},"content":{"rendered":"<p>B\u0259rd\u0259d\u0259 piyadan\u0131n \u00f6l\u00fcm\u00fc il\u0259 n\u0259tic\u0259l\u0259n\u0259n yol-n\u0259qliyyat hadis\u0259si ba\u015f verib.<\/p>\n<p>APA x\u0259b\u0259r verir ki, hadis\u0259 B\u0259rd\u0259-A\u011fdam avtomobil yolunun B\u0259rd\u0259 rayonu \u015eirvanl\u0131 k\u0259ndind\u0259n ke\u00e7\u0259n hiss\u0259sind\u0259 qeyd\u0259 al\u0131n\u0131b.<\/p>\n<p>B\u0259rd\u0259 rayon sakini 1979-cu il t\u0259v\u0259ll\u00fcdl\u00fc Elmir Mehdiyev idar\u0259 etdiyi 99-CC-602 d\u00f6vl\u0259t qeydiyyat ni\u015fanl\u0131 \u201cFord\u201d markal\u0131 y\u00fck avtomobili il\u0259 yolu ke\u00e7m\u0259k ist\u0259y\u0259n A\u011fcab\u0259di rayon sakini 1947-ci il t\u0259v\u0259ll\u00fcdl\u00fc \u018fziz\u00a0K\u0259rimovu vurub. Piyada ald\u0131\u011f\u0131 x\u0259sar\u0259tl\u0259rd\u0259n hadis\u0259 yerind\u0259 \u00f6l\u00fcb.<\/p>\n<p>Daxili \u0130\u015fl\u0259r Nazirliyinin M\u0259tbuat Xidm\u0259tinin B\u0259rd\u0259 regional qrupundan fakt\u00a0t\u0259sdiql\u0259nib. Bildirilib ki, faktla ba\u011fl\u0131 cinay\u0259t i\u015fi ba\u015flan\u0131l\u0131b, istintaq apar\u0131l\u0131r.<\/p>\n<p>&nbsp;<\/p>\n<div class=\"gallery\">\n<div class=\"gallery-i\"><img src=\"https:\/\/cdn.oxu.az\/uploads\/W1siZiIsIjIwMjQvMDMvMDMvMTIvNDUvMjEvMzRkMzNkZDctNWI1ZC00OTYwLTk0ODctMWVkYmIyZDUwMTc1LzY1ZTQzNWU1YTA0ZDY2NWU0MzVlNWEwNGQ3MTcwOTQ1NDgyMTY1ZTQzNWU1YTA0ZDM2NWU0MzVlNWEwNGQ1LmpwZyJdLFsicCIsImVuY29kZSIsImpwZyIsIi1xdWFsaXR5IDgwIl0sWyJwIiwidGh1bWIiLCI1OTB4NTkwXHUwMDNlIl1d?sha=07caf6fa6423ff24\" alt=\"\" \/><\/p>\n<div class=\"gallery-i-caption\"><\/div>\n<\/div>\n<div class=\"gallery-i\"><img src=\"https:\/\/cdn.oxu.az\/uploads\/W1siZiIsIjIwMjQvMDMvMDMvMTIvNDUvMjEvOWRmOGQ2YTYtYzk2OC00YTFkLWJiZjItZTcyN2ZlNGI1NjJiLzY1ZTQzNWU1OTM2YTk2NWU0MzVlNTkzNmFhMTcwOTQ1NDgyMTY1ZTQzNWU1OTM2YTY2NWU0MzVlNTkzNmE4LmpwZyJdLFsicCIsImVuY29kZSIsImpwZyIsIi1xdWFsaXR5IDgwIl0sWyJwIiwidGh1bWIiLCI1OTB4NTkwXHUwMDNlIl1d?sha=26dc5f5c53a3f788\" alt=\"\" \/><\/p>\n<div class=\"gallery-i-caption\"><\/div>\n<\/div>\n<div class=\"gallery-i\"><img src=\"https:\/\/cdn.oxu.az\/uploads\/W1siZiIsIjIwMjQvMDMvMDMvMTIvNDUvMjEvNGM3MTYyNDMtN2RkOC00OGQwLTg1N2EtMjQ4ZDkyNDZkNzE4LzY1ZTQzNWU1ODZhZGQ2NWU0MzVlNTg2YWRlMTcwOTQ1NDgyMTY1ZTQzNWU1ODZhZGE2NWU0MzVlNTg2YWRiLmpwZyJdLFsicCIsImVuY29kZSIsImpwZyIsIi1xdWFsaXR5IDgwIl0sWyJwIiwidGh1bWIiLCI1OTB4NTkwXHUwMDNlIl1d?sha=e0dbc2c270a286c1\" alt=\"\" \/><\/p>\n<div class=\"gallery-i-caption\"><\/div>\n<\/div>\n<div class=\"gallery-i\"><img src=\"https:\/\/cdn.oxu.az\/uploads\/W1siZiIsIjIwMjQvMDMvMDMvMTIvNDUvMjEvZjc5OWNiYWYtNWQwMy00NDA4LTg4YzQtZDE3MWZlM2I2Y2IyLzY1ZTQzNWU1NzljN2Q2NWU0MzVlNTc5YzdlMTcwOTQ1NDgyMTY1ZTQzNWU1NzljN2I2NWU0MzVlNTc5YzdjLmpwZyJdLFsicCIsImVuY29kZSIsImpwZyIsIi1xdWFsaXR5IDgwIl0sWyJwIiwidGh1bWIiLCI1OTB4NTkwXHUwMDNlIl1d?sha=30ba43acac40f3bb\" alt=\"\" \/><\/p>\n<div class=\"gallery-i-caption\"><\/div>\n<\/div>\n<div class=\"gallery-i\"><img src=\"https:\/\/cdn.oxu.az\/uploads\/W1siZiIsIjIwMjQvMDMvMDMvMTIvNTMvMTQvNmUxMWZmZmItNTZhZS00YTRjLThhN2QtNDQwMTAzNTBhZWNhLzY1ZTQzNWU1YWQxOTk2NWU0MzVlNWFkMTlhMTcwOTQ1NDgyMTY1ZTQzNWU1YWQxOTY2NWU0MzVlNWFkMTk4LmpwZyJdLFsicCIsImVuY29kZSIsImpwZyIsIi1xdWFsaXR5IDgwIl0sWyJwIiwidGh1bWIiLCI1OTB4NTkwXHUwMDNlIl1d?sha=9f5d4e136a73933e\" alt=\"\" \/><\/div>\n<\/div>\n","protected":false},"excerpt":{"rendered":"<p>B\u0259rd\u0259d\u0259 piyadan\u0131n \u00f6l\u00fcm\u00fc il\u0259 n\u0259tic\u0259l\u0259n\u0259n yol-n\u0259qliyyat hadis\u0259si ba\u015f verib. APA x\u0259b\u0259r verir ki, hadis\u0259 B\u0259rd\u0259-A\u011fdam avtomobil yolunun B\u0259rd\u0259 rayonu \u015eirvanl\u0131 k\u0259ndind\u0259n ke\u00e7\u0259n hiss\u0259sind\u0259 qeyd\u0259 al\u0131n\u0131b. B\u0259rd\u0259 rayon sakini 1979-cu il t\u0259v\u0259ll\u00fcdl\u00fc Elmir Mehdiyev idar\u0259 etdiyi 99-CC-602 d\u00f6vl\u0259t qeydiyyat ni\u015fanl\u0131 \u201cFord\u201d markal\u0131 y\u00fck avtomobili il\u0259 yolu ke\u00e7m\u0259k ist\u0259y\u0259n A\u011fcab\u0259di rayon sakini 1947-ci il t\u0259v\u0259ll\u00fcdl\u00fc \u018fziz\u00a0K\u0259rimovu vurub. Piyada ald\u0131\u011f\u0131 x\u0259sar\u0259tl\u0259rd\u0259n hadis\u0259 yerind\u0259 \u00f6l\u00fcb. Daxili \u0130\u015fl\u0259r Nazirliyinin M\u0259tbuat Xidm\u0259tinin B\u0259rd\u0259 regional qrupundan fakt\u00a0t\u0259sdiql\u0259nib. Bildirilib ki, faktla ba\u011fl\u0131 cinay\u0259t i\u015fi ba\u015flan\u0131l\u0131b, istintaq apar\u0131l\u0131r. &nbsp;<\/p>\n","protected":false},"author":2,"featured_media":697270,"comment_status":"closed","ping_status":"closed","sticky":false,"template":"","format":"standard","meta":{"om_disable_all_campaigns":false,"_monsterinsights_skip_tracking":false,"_monsterinsights_sitenote_active":false,"_monsterinsights_sitenote_note":"","_monsterinsights_sitenote_category":0},"categories":[5],"tags":[],"aioseo_notices":[],"gutentor_comment":0,"rttpg_featured_image_url":{"full":["https:\/\/arantv.az\/wp-content\/uploads\/2024\/03\/FotoJet-33.jpg",620,413,false],"landscape":["https:\/\/arantv.az\/wp-content\/uploads\/2024\/03\/FotoJet-33.jpg",620,413,false],"portraits":["https:\/\/arantv.az\/wp-content\/uploads\/2024\/03\/FotoJet-33.jpg",620,413,false],"thumbnail":["https:\/\/arantv.az\/wp-content\/uploads\/2024\/03\/FotoJet-33-500x280.jpg",500,280,true],"medium":["https:\/\/arantv.az\/wp-content\/uploads\/2024\/03\/FotoJet-33-548x365.jpg",548,365,true],"large":["https:\/\/arantv.az\/wp-content\/uploads\/2024\/03\/FotoJet-33.jpg",620,413,false],"1536x1536":["https:\/\/arantv.az\/wp-content\/uploads\/2024\/03\/FotoJet-33.jpg",620,413,false],"2048x2048":["https:\/\/arantv.az\/wp-content\/uploads\/2024\/03\/FotoJet-33.jpg",620,413,false],"post-thumbnail":["https:\/\/arantv.az\/wp-content\/uploads\/2024\/03\/FotoJet-33-240x172.jpg",240,172,true],"advps-thumb-one":["https:\/\/arantv.az\/wp-content\/uploads\/2024\/03\/FotoJet-33.jpg",620,413,false]},"rttpg_author":{"display_name":"V\u00fcsal Rafiqo\u011flu","author_link":"https:\/\/arantv.az\/?author=2"},"rttpg_comment":0,"rttpg_category":"<a href=\"https:\/\/arantv.az\/?cat=5\" rel=\"category\">Hadis\u0259<\/a>","rttpg_excerpt":"B\u0259rd\u0259d\u0259 piyadan\u0131n \u00f6l\u00fcm\u00fc il\u0259 n\u0259tic\u0259l\u0259n\u0259n yol-n\u0259qliyyat hadis\u0259si ba\u015f verib. APA x\u0259b\u0259r verir ki, hadis\u0259 B\u0259rd\u0259-A\u011fdam avtomobil yolunun B\u0259rd\u0259 rayonu \u015eirvanl\u0131 k\u0259ndind\u0259n ke\u00e7\u0259n hiss\u0259sind\u0259 qeyd\u0259 al\u0131n\u0131b. B\u0259rd\u0259 rayon sakini 1979-cu il t\u0259v\u0259ll\u00fcdl\u00fc Elmir Mehdiyev idar\u0259 etdiyi 99-CC-602 d\u00f6vl\u0259t qeydiyyat ni\u015fanl\u0131 \u201cFord\u201d markal\u0131 y\u00fck avtomobili il\u0259 yolu ke\u00e7m\u0259k ist\u0259y\u0259n A\u011fcab\u0259di rayon sakini 1947-ci il t\u0259v\u0259ll\u00fcdl\u00fc \u018fziz\u00a0K\u0259rimovu vurub.&hellip;","_links":{"self":[{"href":"https:\/\/arantv.az\/index.php?rest_route=\/wp\/v2\/posts\/697269"}],"collection":[{"href":"https:\/\/arantv.az\/index.php?rest_route=\/wp\/v2\/posts"}],"about":[{"href":"https:\/\/arantv.az\/index.php?rest_route=\/wp\/v2\/types\/post"}],"author":[{"embeddable":true,"href":"https:\/\/arantv.az\/index.php?rest_route=\/wp\/v2\/users\/2"}],"replies":[{"embeddable":true,"href":"https:\/\/arantv.az\/index.php?rest_route=%2Fwp%2Fv2%2Fcomments&post=697269"}],"version-history":[{"count":0,"href":"https:\/\/arantv.az\/index.php?rest_route=\/wp\/v2\/posts\/697269\/revisions"}],"wp:featuredmedia":[{"embeddable":true,"href":"https:\/\/arantv.az\/index.php?rest_route=\/wp\/v2\/media\/697270"}],"wp:attachment":[{"href":"https:\/\/arantv.az\/index.php?rest_route=%2Fwp%2Fv2%2Fmedia&parent=697269"}],"wp:term":[{"taxonomy":"category","embeddable":true,"href":"https:\/\/arantv.az\/index.php?rest_route=%2Fwp%2Fv2%2Fcategories&post=697269"},{"taxonomy":"post_tag","embeddable":true,"href":"https:\/\/arantv.az\/index.php?rest_route=%2Fwp%2Fv2%2Ftags&post=697269"}],"curies":[{"name":"wp","href":"https:\/\/api.w.org\/{rel}","templated":true}]}}