{"id":697275,"date":"2024-03-03T19:06:19","date_gmt":"2024-03-03T15:06:19","guid":{"rendered":"https:\/\/arantv.az\/?p=697275"},"modified":"2024-03-03T19:06:19","modified_gmt":"2024-03-03T15:06:19","slug":"sabah-b%c9%99zi-rayonlarda-yollar-buz-baglayacaq-x%c9%99b%c9%99rdarliq","status":"publish","type":"post","link":"https:\/\/arantv.az\/?p=697275","title":{"rendered":"Sabah b\u0259zi rayonlarda yollar buz ba\u011flayacaq &#8211; X\u018fB\u018fRDARLIQ"},"content":{"rendered":"<p>Az\u0259rbaycanda avtomobil yollar\u0131ndak\u0131 v\u0259ziyy\u0259t a\u00e7\u0131qlan\u0131b.<\/p>\n<p>Bu bar\u0259d\u0259 Ekologiya v\u0259 T\u0259bii S\u0259rv\u0259tl\u0259r Nazirliyinin Milli Hidrometeorologiya Xidm\u0259ti m\u0259lumat yay\u0131b.<\/p>\n<p>Bildirilib ki, mart\u0131n 4-d\u0259 gec\u0259 v\u0259 s\u0259h\u0259r saatlar\u0131nda b\u0259zi da\u011fl\u0131q v\u0259 da\u011f\u0259t\u0259yi rayonlarda dumanl\u0131 hava \u015f\u0259raiti il\u0259 \u0259laq\u0259dar olaraq avtomobil magistral yollar\u0131nda g\u00f6r\u00fcn\u00fc\u015f m\u0259saf\u0259sinin 200-800 metr\u0259d\u0259k m\u0259hdudla\u015faca\u011f\u0131 ehtimal\u0131 var.<\/p>\n<p>Gec\u0259 v\u0259 s\u0259h\u0259r saatlar\u0131nda b\u0259zi da\u011fl\u0131q rayonlarda yollar\u0131n buz ba\u011flayaca\u011f\u0131 ehtimal\u0131 var.<\/p>\n","protected":false},"excerpt":{"rendered":"<p>Az\u0259rbaycanda avtomobil yollar\u0131ndak\u0131 v\u0259ziyy\u0259t a\u00e7\u0131qlan\u0131b. Bu bar\u0259d\u0259 Ekologiya v\u0259 T\u0259bii S\u0259rv\u0259tl\u0259r Nazirliyinin Milli Hidrometeorologiya Xidm\u0259ti m\u0259lumat yay\u0131b. Bildirilib ki, mart\u0131n 4-d\u0259 gec\u0259 v\u0259 s\u0259h\u0259r saatlar\u0131nda b\u0259zi da\u011fl\u0131q v\u0259 da\u011f\u0259t\u0259yi rayonlarda dumanl\u0131 hava \u015f\u0259raiti il\u0259 \u0259laq\u0259dar olaraq avtomobil magistral yollar\u0131nda g\u00f6r\u00fcn\u00fc\u015f m\u0259saf\u0259sinin 200-800 metr\u0259d\u0259k m\u0259hdudla\u015faca\u011f\u0131 ehtimal\u0131 var. Gec\u0259 v\u0259 s\u0259h\u0259r saatlar\u0131nda b\u0259zi da\u011fl\u0131q rayonlarda yollar\u0131n buz ba\u011flayaca\u011f\u0131 ehtimal\u0131 var.<\/p>\n","protected":false},"author":2,"featured_media":273600,"comment_status":"closed","ping_status":"closed","sticky":false,"template":"","format":"standard","meta":{"om_disable_all_campaigns":false,"_monsterinsights_skip_tracking":false,"_monsterinsights_sitenote_active":false,"_monsterinsights_sitenote_note":"","_monsterinsights_sitenote_category":0},"categories":[22],"tags":[],"aioseo_notices":[],"gutentor_comment":0,"rttpg_featured_image_url":{"full":["https:\/\/arantv.az\/wp-content\/uploads\/2021\/01\/buzzzz.jpg",620,413,false],"landscape":["https:\/\/arantv.az\/wp-content\/uploads\/2021\/01\/buzzzz.jpg",620,413,false],"portraits":["https:\/\/arantv.az\/wp-content\/uploads\/2021\/01\/buzzzz.jpg",620,413,false],"thumbnail":["https:\/\/arantv.az\/wp-content\/uploads\/2021\/01\/buzzzz-150x150.jpg",150,150,true],"medium":["https:\/\/arantv.az\/wp-content\/uploads\/2021\/01\/buzzzz-300x200.jpg",300,200,true],"large":["https:\/\/arantv.az\/wp-content\/uploads\/2021\/01\/buzzzz.jpg",620,413,false],"1536x1536":["https:\/\/arantv.az\/wp-content\/uploads\/2021\/01\/buzzzz.jpg",620,413,false],"2048x2048":["https:\/\/arantv.az\/wp-content\/uploads\/2021\/01\/buzzzz.jpg",620,413,false],"post-thumbnail":["https:\/\/arantv.az\/wp-content\/uploads\/2021\/01\/buzzzz-240x172.jpg",240,172,true],"advps-thumb-one":["https:\/\/arantv.az\/wp-content\/uploads\/2021\/01\/buzzzz.jpg",620,413,false]},"rttpg_author":{"display_name":"V\u00fcsal Rafiqo\u011flu","author_link":"https:\/\/arantv.az\/?author=2"},"rttpg_comment":0,"rttpg_category":"<a href=\"https:\/\/arantv.az\/?cat=22\" rel=\"category\">Hava<\/a>","rttpg_excerpt":"Az\u0259rbaycanda avtomobil yollar\u0131ndak\u0131 v\u0259ziyy\u0259t a\u00e7\u0131qlan\u0131b. Bu bar\u0259d\u0259 Ekologiya v\u0259 T\u0259bii S\u0259rv\u0259tl\u0259r Nazirliyinin Milli Hidrometeorologiya Xidm\u0259ti m\u0259lumat yay\u0131b. Bildirilib ki, mart\u0131n 4-d\u0259 gec\u0259 v\u0259 s\u0259h\u0259r saatlar\u0131nda b\u0259zi da\u011fl\u0131q v\u0259 da\u011f\u0259t\u0259yi rayonlarda dumanl\u0131 hava \u015f\u0259raiti il\u0259 \u0259laq\u0259dar olaraq avtomobil magistral yollar\u0131nda g\u00f6r\u00fcn\u00fc\u015f m\u0259saf\u0259sinin 200-800 metr\u0259d\u0259k m\u0259hdudla\u015faca\u011f\u0131 ehtimal\u0131 var. Gec\u0259 v\u0259 s\u0259h\u0259r saatlar\u0131nda b\u0259zi da\u011fl\u0131q rayonlarda yollar\u0131n buz&hellip;","_links":{"self":[{"href":"https:\/\/arantv.az\/index.php?rest_route=\/wp\/v2\/posts\/697275"}],"collection":[{"href":"https:\/\/arantv.az\/index.php?rest_route=\/wp\/v2\/posts"}],"about":[{"href":"https:\/\/arantv.az\/index.php?rest_route=\/wp\/v2\/types\/post"}],"author":[{"embeddable":true,"href":"https:\/\/arantv.az\/index.php?rest_route=\/wp\/v2\/users\/2"}],"replies":[{"embeddable":true,"href":"https:\/\/arantv.az\/index.php?rest_route=%2Fwp%2Fv2%2Fcomments&post=697275"}],"version-history":[{"count":0,"href":"https:\/\/arantv.az\/index.php?rest_route=\/wp\/v2\/posts\/697275\/revisions"}],"wp:featuredmedia":[{"embeddable":true,"href":"https:\/\/arantv.az\/index.php?rest_route=\/wp\/v2\/media\/273600"}],"wp:attachment":[{"href":"https:\/\/arantv.az\/index.php?rest_route=%2Fwp%2Fv2%2Fmedia&parent=697275"}],"wp:term":[{"taxonomy":"category","embeddable":true,"href":"https:\/\/arantv.az\/index.php?rest_route=%2Fwp%2Fv2%2Fcategories&post=697275"},{"taxonomy":"post_tag","embeddable":true,"href":"https:\/\/arantv.az\/index.php?rest_route=%2Fwp%2Fv2%2Ftags&post=697275"}],"curies":[{"name":"wp","href":"https:\/\/api.w.org\/{rel}","templated":true}]}}