{"id":697282,"date":"2024-03-03T19:08:11","date_gmt":"2024-03-03T15:08:11","guid":{"rendered":"https:\/\/arantv.az\/?p=697282"},"modified":"2024-03-03T19:08:11","modified_gmt":"2024-03-03T15:08:11","slug":"agdamda-minaya-dus%c9%99n-s%c9%99xsin-v%c9%99ziyy%c9%99ti-aciqlandi-yenil%c9%99nib-video","status":"publish","type":"post","link":"https:\/\/arantv.az\/?p=697282","title":{"rendered":"A\u011fdamda minaya d\u00fc\u015f\u0259n \u015f\u0259xsin v\u0259ziyy\u0259ti A\u00c7IQLANDI &#8211; YEN\u0130L\u018fN\u0130B + V\u0130DEO"},"content":{"rendered":"<article class=\"news\">\n<div class=\"news-inner\">\n<p>A\u011fdam rayonunun \u018fhm\u0259da\u011fal\u0131 k\u0259ndi \u0259razisind\u0259 minaya d\u00fc\u015f\u0259r\u0259k yaralanan B\u0259xtiyar Abbasov B\u0259rd\u0259 Rayon M\u0259rk\u0259zi X\u0259st\u0259xanas\u0131n\u0131n t\u0259cili tibbi yard\u0131m \u015f\u00f6b\u0259sin\u0259 yerl\u0259\u015fdirilib.<\/p>\n<p>\u201cReport\u201d x\u0259b\u0259r verir ki, haz\u0131rda \u0259m\u0259liyyatda olan B\u0259xtiyar Abbasovun v\u0259ziyy\u0259ti a\u011f\u0131r qiym\u0259tl\u0259ndirilir.<\/p>\n<p>Qeyd ed\u0259k ki, mart\u0131n 3-d\u0259 A\u011fdam rayonunun \u018fhm\u0259da\u011fal\u0131 k\u0259ndi \u0259razisind\u0259 1995-ci il t\u0259v\u0259ll\u00fcdl\u00fc\u00a0B\u0259xtiyar Yaqub o\u011flu Abbasov\u00a0mina partlay\u0131\u015f\u0131 n\u0259tic\u0259sind\u0259 x\u0259sar\u0259t al\u0131b.<\/p>\n<p>Haz\u0131rda faktla ba\u011fl\u0131 A\u011fdam Rayon Prokurorlu\u011funda ara\u015fd\u0131rma apar\u0131l\u0131r.<\/p>\n<p><strong>12:29<\/strong><\/p>\n<p>Mart\u0131n 3-d\u0259 A\u011fdam rayonunun \u018fhm\u0259da\u011fal\u0131 k\u0259ndi \u0259razisind\u0259 1995-ci il t\u0259v\u0259ll\u00fcdl\u00fc B\u0259xtiyar Yaqub o\u011flu\u00a0Abbasovun mina partlay\u0131\u015f\u0131 n\u0259tic\u0259sind\u0259 x\u0259sar\u0259t almas\u0131 fakt\u0131 \u00fczr\u0259 A\u011fdam Rayon Prokurorlu\u011funda ara\u015fd\u0131rma apar\u0131l\u0131r.<\/p>\n<p>Bu bar\u0259d\u0259\u00a0<strong>Oxu.Az<\/strong>-\u0131n sor\u011fusuna cavab olaraq Ba\u015f Prokurorlu\u011fun M\u0259tbuat Xidm\u0259tind\u0259n bildirilib.<\/p>\n<p><strong>12:03<\/strong><\/p>\n<p>Bu g\u00fcn A\u011fdam rayonunun \u018fhm\u0259da\u011fal\u0131 k\u0259ndi \u0259razisind\u0259 mina partlay\u0131\u015f\u0131 ba\u015f verib.<\/p>\n<p>Bu bar\u0259d\u0259 Az\u0259rbaycan Respublikas\u0131 Daxili \u0130\u015fl\u0259r Nazirliyi, Ba\u015f Prokurorlu\u011fu v\u0259 Minat\u0259mizl\u0259m\u0259 Agentliyinin (ANAMA) M\u0259tbuat Xidm\u0259tl\u0259rinin birg\u0259 m\u0259lumat\u0131nda bildirilib.<\/p>\n<p>Qeyd olunub ki, 1995-ci il t\u0259v\u0259ll\u00fcdl\u00fc A\u011fdam rayon sakini B\u0259xtiyar Yaqub o\u011flu\u00a0Abbasov\u00a0ke\u00e7mi\u015f t\u0259mas x\u0259ttind\u0259, minalardan t\u0259mizl\u0259nm\u0259mi\u015f \u0259razid\u0259 heyvan otarark\u0259n piyada \u0259leyhin\u0259 mina partlay\u0131\u015f\u0131 n\u0259tisind\u0259 h\u0259r iki aya\u011f\u0131ndan x\u0259sar\u0259t al\u0131b.<\/p>\n<p>X\u0259sar\u0259t alan \u015f\u0259xs x\u0259st\u0259xanaya t\u0259xliy\u0259 edilib.<\/p>\n<p>\u201cAR D\u0130N, Ba\u015f Prokurorluq v\u0259 ANAMA bir daha v\u0259t\u0259nda\u015flar\u0131 t\u0259hl\u00fck\u0259sizlik qaydalar\u0131na riay\u0259t etm\u0259y\u0259, b\u0259l\u0259d olmad\u0131qlar\u0131 \u0259razil\u0259r\u0259 daxil olmama\u011fa v\u0259 t\u0259hl\u00fck\u0259 bildir\u0259n b\u00fct\u00fcn \u0259lam\u0259tl\u0259r\u0259 diqq\u0259tl\u0259 yana\u015fma\u011fa \u00e7a\u011f\u0131r\u0131r\u201d, &#8211; dey\u0259 m\u0259lumatda vur\u011fulan\u0131b.<\/p>\n<div><iframe loading=\"lazy\" title=\"YouTube video player\" src=\"https:\/\/www.youtube.com\/embed\/TBOR_XFAZxM?si=2jATCJJle28Uo2AE\" width=\"560\" height=\"315\" frameborder=\"0\" allowfullscreen=\"allowfullscreen\" data-mce-fragment=\"1\"><\/iframe><\/div>\n<\/div>\n<\/article>\n","protected":false},"excerpt":{"rendered":"<p>A\u011fdam rayonunun \u018fhm\u0259da\u011fal\u0131 k\u0259ndi \u0259razisind\u0259 minaya d\u00fc\u015f\u0259r\u0259k yaralanan B\u0259xtiyar Abbasov B\u0259rd\u0259 Rayon M\u0259rk\u0259zi X\u0259st\u0259xanas\u0131n\u0131n t\u0259cili tibbi yard\u0131m \u015f\u00f6b\u0259sin\u0259 yerl\u0259\u015fdirilib. \u201cReport\u201d x\u0259b\u0259r verir ki, haz\u0131rda \u0259m\u0259liyyatda olan B\u0259xtiyar Abbasovun v\u0259ziyy\u0259ti a\u011f\u0131r qiym\u0259tl\u0259ndirilir. Qeyd ed\u0259k ki, mart\u0131n 3-d\u0259 A\u011fdam rayonunun \u018fhm\u0259da\u011fal\u0131 k\u0259ndi \u0259razisind\u0259 1995-ci il t\u0259v\u0259ll\u00fcdl\u00fc\u00a0B\u0259xtiyar Yaqub o\u011flu Abbasov\u00a0mina partlay\u0131\u015f\u0131 n\u0259tic\u0259sind\u0259 x\u0259sar\u0259t al\u0131b. Haz\u0131rda faktla ba\u011fl\u0131 A\u011fdam Rayon Prokurorlu\u011funda ara\u015fd\u0131rma apar\u0131l\u0131r. 12:29 Mart\u0131n 3-d\u0259 A\u011fdam rayonunun \u018fhm\u0259da\u011fal\u0131 k\u0259ndi \u0259razisind\u0259 1995-ci il t\u0259v\u0259ll\u00fcdl\u00fc B\u0259xtiyar Yaqub o\u011flu\u00a0Abbasovun mina partlay\u0131\u015f\u0131 n\u0259tic\u0259sind\u0259 x\u0259sar\u0259t almas\u0131 fakt\u0131 \u00fczr\u0259 A\u011fdam Rayon Prokurorlu\u011funda ara\u015fd\u0131rma apar\u0131l\u0131r. Bu bar\u0259d\u0259\u00a0Oxu.Az-\u0131n sor\u011fusuna cavab olaraq&hellip;<\/p>\n","protected":false},"author":2,"featured_media":348410,"comment_status":"closed","ping_status":"closed","sticky":false,"template":"","format":"standard","meta":{"om_disable_all_campaigns":false,"_monsterinsights_skip_tracking":false,"_monsterinsights_sitenote_active":false,"_monsterinsights_sitenote_note":"","_monsterinsights_sitenote_category":0},"categories":[1],"tags":[],"aioseo_notices":[],"gutentor_comment":0,"rttpg_featured_image_url":{"full":["https:\/\/arantv.az\/wp-content\/uploads\/2021\/06\/mina_0985.jpg",800,600,false],"landscape":["https:\/\/arantv.az\/wp-content\/uploads\/2021\/06\/mina_0985.jpg",800,600,false],"portraits":["https:\/\/arantv.az\/wp-content\/uploads\/2021\/06\/mina_0985.jpg",800,600,false],"thumbnail":["https:\/\/arantv.az\/wp-content\/uploads\/2021\/06\/mina_0985-500x280.jpg",500,280,true],"medium":["https:\/\/arantv.az\/wp-content\/uploads\/2021\/06\/mina_0985-487x365.jpg",487,365,true],"large":["https:\/\/arantv.az\/wp-content\/uploads\/2021\/06\/mina_0985.jpg",640,480,false],"1536x1536":["https:\/\/arantv.az\/wp-content\/uploads\/2021\/06\/mina_0985.jpg",800,600,false],"2048x2048":["https:\/\/arantv.az\/wp-content\/uploads\/2021\/06\/mina_0985.jpg",800,600,false],"post-thumbnail":["https:\/\/arantv.az\/wp-content\/uploads\/2021\/06\/mina_0985-240x172.jpg",240,172,true],"advps-thumb-one":["https:\/\/arantv.az\/wp-content\/uploads\/2021\/06\/mina_0985.jpg",800,600,false]},"rttpg_author":{"display_name":"V\u00fcsal Rafiqo\u011flu","author_link":"https:\/\/arantv.az\/?author=2"},"rttpg_comment":0,"rttpg_category":"<a href=\"https:\/\/arantv.az\/?cat=1\" rel=\"category\">C\u0259miyy\u0259t<\/a>","rttpg_excerpt":"A\u011fdam rayonunun \u018fhm\u0259da\u011fal\u0131 k\u0259ndi \u0259razisind\u0259 minaya d\u00fc\u015f\u0259r\u0259k yaralanan B\u0259xtiyar Abbasov B\u0259rd\u0259 Rayon M\u0259rk\u0259zi X\u0259st\u0259xanas\u0131n\u0131n t\u0259cili tibbi yard\u0131m \u015f\u00f6b\u0259sin\u0259 yerl\u0259\u015fdirilib. \u201cReport\u201d x\u0259b\u0259r verir ki, haz\u0131rda \u0259m\u0259liyyatda olan B\u0259xtiyar Abbasovun v\u0259ziyy\u0259ti a\u011f\u0131r qiym\u0259tl\u0259ndirilir. Qeyd ed\u0259k ki, mart\u0131n 3-d\u0259 A\u011fdam rayonunun \u018fhm\u0259da\u011fal\u0131 k\u0259ndi \u0259razisind\u0259 1995-ci il t\u0259v\u0259ll\u00fcdl\u00fc\u00a0B\u0259xtiyar Yaqub o\u011flu Abbasov\u00a0mina partlay\u0131\u015f\u0131 n\u0259tic\u0259sind\u0259 x\u0259sar\u0259t al\u0131b. Haz\u0131rda faktla ba\u011fl\u0131 A\u011fdam&hellip;","_links":{"self":[{"href":"https:\/\/arantv.az\/index.php?rest_route=\/wp\/v2\/posts\/697282"}],"collection":[{"href":"https:\/\/arantv.az\/index.php?rest_route=\/wp\/v2\/posts"}],"about":[{"href":"https:\/\/arantv.az\/index.php?rest_route=\/wp\/v2\/types\/post"}],"author":[{"embeddable":true,"href":"https:\/\/arantv.az\/index.php?rest_route=\/wp\/v2\/users\/2"}],"replies":[{"embeddable":true,"href":"https:\/\/arantv.az\/index.php?rest_route=%2Fwp%2Fv2%2Fcomments&post=697282"}],"version-history":[{"count":0,"href":"https:\/\/arantv.az\/index.php?rest_route=\/wp\/v2\/posts\/697282\/revisions"}],"wp:featuredmedia":[{"embeddable":true,"href":"https:\/\/arantv.az\/index.php?rest_route=\/wp\/v2\/media\/348410"}],"wp:attachment":[{"href":"https:\/\/arantv.az\/index.php?rest_route=%2Fwp%2Fv2%2Fmedia&parent=697282"}],"wp:term":[{"taxonomy":"category","embeddable":true,"href":"https:\/\/arantv.az\/index.php?rest_route=%2Fwp%2Fv2%2Fcategories&post=697282"},{"taxonomy":"post_tag","embeddable":true,"href":"https:\/\/arantv.az\/index.php?rest_route=%2Fwp%2Fv2%2Ftags&post=697282"}],"curies":[{"name":"wp","href":"https:\/\/api.w.org\/{rel}","templated":true}]}}