{"id":697309,"date":"2024-03-03T19:22:11","date_gmt":"2024-03-03T15:22:11","guid":{"rendered":"https:\/\/arantv.az\/?p=697309"},"modified":"2024-03-03T19:22:11","modified_gmt":"2024-03-03T15:22:11","slug":"rafael-agayev-el%c9%99-r%c9%99qs-etdi-ki-video","status":"publish","type":"post","link":"https:\/\/arantv.az\/?p=697309","title":{"rendered":"Rafael A\u011fayev el\u0259 r\u0259qs etdi ki&#8230; &#8211; V\u0130DEO"},"content":{"rendered":"<p><strong>Az\u0259rbaycan\u0131n karate \u00fczr\u0259 5 qat d\u00fcnya v\u0259 11 qat Avropa \u00e7empionu Rafael A\u011fayevin yeni g\u00f6r\u00fcnt\u00fcl\u0259ri yay\u0131l\u0131b.<\/strong><\/p>\n<p>\u0130dman\u00e7\u0131n\u0131n i\u015ftirak etdiyi toyda \u00e7\u0259kilmi\u015f r\u0259qs g\u00f6r\u00fcnt\u00fcl\u0259ri sosial \u015f\u0259b\u0259k\u0259l\u0259rd\u0259 m\u00fcsb\u0259t reaksiyalar toplay\u0131b.<\/p>\n<p>Qeyd ed\u0259k ki, Rafael A\u011fayev \u00f6t\u0259n ay Az\u0259rbaycan Karate Federasiyas\u0131n\u0131n (AKF) WKF \u00fczr\u0259 vitse-prezidenti v\u0259zif\u0259sin\u0259 t\u0259yin olunub.<\/p>\n<p><strong>H\u0259min g\u00f6r\u00fcnt\u00fcl\u0259ri t\u0259qdim edirik:<\/strong><\/p>\n<div><iframe loading=\"lazy\" src=\"https:\/\/player.bizim.media\/?v=28044\" width=\"640\" height=\"360\" frameborder=\"0\" seamless=\"\" allowfullscreen=\"allowfullscreen\" data-mce-fragment=\"1\"><\/iframe><\/div>\n<div>\u00a0<strong>Bizim.Media<\/strong><\/div>\n","protected":false},"excerpt":{"rendered":"<p>Az\u0259rbaycan\u0131n karate \u00fczr\u0259 5 qat d\u00fcnya v\u0259 11 qat Avropa \u00e7empionu Rafael A\u011fayevin yeni g\u00f6r\u00fcnt\u00fcl\u0259ri yay\u0131l\u0131b. \u0130dman\u00e7\u0131n\u0131n i\u015ftirak etdiyi toyda \u00e7\u0259kilmi\u015f r\u0259qs g\u00f6r\u00fcnt\u00fcl\u0259ri sosial \u015f\u0259b\u0259k\u0259l\u0259rd\u0259 m\u00fcsb\u0259t reaksiyalar toplay\u0131b. Qeyd ed\u0259k ki, Rafael A\u011fayev \u00f6t\u0259n ay Az\u0259rbaycan Karate Federasiyas\u0131n\u0131n (AKF) WKF \u00fczr\u0259 vitse-prezidenti v\u0259zif\u0259sin\u0259 t\u0259yin olunub. H\u0259min g\u00f6r\u00fcnt\u00fcl\u0259ri t\u0259qdim edirik: \u00a0Bizim.Media<\/p>\n","protected":false},"author":2,"featured_media":697310,"comment_status":"closed","ping_status":"closed","sticky":false,"template":"","format":"standard","meta":{"om_disable_all_campaigns":false,"_monsterinsights_skip_tracking":false,"_monsterinsights_sitenote_active":false,"_monsterinsights_sitenote_note":"","_monsterinsights_sitenote_category":0},"categories":[1],"tags":[],"aioseo_notices":[],"gutentor_comment":0,"rttpg_featured_image_url":{"full":["https:\/\/arantv.az\/wp-content\/uploads\/2024\/03\/508a1b7d6d789d9df78a37c98460e6ca.png",430,242,false],"landscape":["https:\/\/arantv.az\/wp-content\/uploads\/2024\/03\/508a1b7d6d789d9df78a37c98460e6ca.png",430,242,false],"portraits":["https:\/\/arantv.az\/wp-content\/uploads\/2024\/03\/508a1b7d6d789d9df78a37c98460e6ca.png",430,242,false],"thumbnail":["https:\/\/arantv.az\/wp-content\/uploads\/2024\/03\/508a1b7d6d789d9df78a37c98460e6ca.png",430,242,false],"medium":["https:\/\/arantv.az\/wp-content\/uploads\/2024\/03\/508a1b7d6d789d9df78a37c98460e6ca.png",430,242,false],"large":["https:\/\/arantv.az\/wp-content\/uploads\/2024\/03\/508a1b7d6d789d9df78a37c98460e6ca.png",430,242,false],"1536x1536":["https:\/\/arantv.az\/wp-content\/uploads\/2024\/03\/508a1b7d6d789d9df78a37c98460e6ca.png",430,242,false],"2048x2048":["https:\/\/arantv.az\/wp-content\/uploads\/2024\/03\/508a1b7d6d789d9df78a37c98460e6ca.png",430,242,false],"post-thumbnail":["https:\/\/arantv.az\/wp-content\/uploads\/2024\/03\/508a1b7d6d789d9df78a37c98460e6ca-240x172.png",240,172,true],"advps-thumb-one":["https:\/\/arantv.az\/wp-content\/uploads\/2024\/03\/508a1b7d6d789d9df78a37c98460e6ca.png",430,242,false]},"rttpg_author":{"display_name":"V\u00fcsal Rafiqo\u011flu","author_link":"https:\/\/arantv.az\/?author=2"},"rttpg_comment":0,"rttpg_category":"<a href=\"https:\/\/arantv.az\/?cat=1\" rel=\"category\">C\u0259miyy\u0259t<\/a>","rttpg_excerpt":"Az\u0259rbaycan\u0131n karate \u00fczr\u0259 5 qat d\u00fcnya v\u0259 11 qat Avropa \u00e7empionu Rafael A\u011fayevin yeni g\u00f6r\u00fcnt\u00fcl\u0259ri yay\u0131l\u0131b. \u0130dman\u00e7\u0131n\u0131n i\u015ftirak etdiyi toyda \u00e7\u0259kilmi\u015f r\u0259qs g\u00f6r\u00fcnt\u00fcl\u0259ri sosial \u015f\u0259b\u0259k\u0259l\u0259rd\u0259 m\u00fcsb\u0259t reaksiyalar toplay\u0131b. Qeyd ed\u0259k ki, Rafael A\u011fayev \u00f6t\u0259n ay Az\u0259rbaycan Karate Federasiyas\u0131n\u0131n (AKF) WKF \u00fczr\u0259 vitse-prezidenti v\u0259zif\u0259sin\u0259 t\u0259yin olunub. H\u0259min g\u00f6r\u00fcnt\u00fcl\u0259ri t\u0259qdim edirik: \u00a0Bizim.Media","_links":{"self":[{"href":"https:\/\/arantv.az\/index.php?rest_route=\/wp\/v2\/posts\/697309"}],"collection":[{"href":"https:\/\/arantv.az\/index.php?rest_route=\/wp\/v2\/posts"}],"about":[{"href":"https:\/\/arantv.az\/index.php?rest_route=\/wp\/v2\/types\/post"}],"author":[{"embeddable":true,"href":"https:\/\/arantv.az\/index.php?rest_route=\/wp\/v2\/users\/2"}],"replies":[{"embeddable":true,"href":"https:\/\/arantv.az\/index.php?rest_route=%2Fwp%2Fv2%2Fcomments&post=697309"}],"version-history":[{"count":0,"href":"https:\/\/arantv.az\/index.php?rest_route=\/wp\/v2\/posts\/697309\/revisions"}],"wp:featuredmedia":[{"embeddable":true,"href":"https:\/\/arantv.az\/index.php?rest_route=\/wp\/v2\/media\/697310"}],"wp:attachment":[{"href":"https:\/\/arantv.az\/index.php?rest_route=%2Fwp%2Fv2%2Fmedia&parent=697309"}],"wp:term":[{"taxonomy":"category","embeddable":true,"href":"https:\/\/arantv.az\/index.php?rest_route=%2Fwp%2Fv2%2Fcategories&post=697309"},{"taxonomy":"post_tag","embeddable":true,"href":"https:\/\/arantv.az\/index.php?rest_route=%2Fwp%2Fv2%2Ftags&post=697309"}],"curies":[{"name":"wp","href":"https:\/\/api.w.org\/{rel}","templated":true}]}}