{"id":697565,"date":"2024-03-04T14:32:43","date_gmt":"2024-03-04T10:32:43","guid":{"rendered":"https:\/\/arantv.az\/?p=697565"},"modified":"2024-03-04T14:32:43","modified_gmt":"2024-03-04T10:32:43","slug":"az%c9%99rbaycan-sulh-prosesin%c9%99-sadiqdir-2","status":"publish","type":"post","link":"https:\/\/arantv.az\/?p=697565","title":{"rendered":"Az\u0259rbaycan s\u00fclh prosesin\u0259 sadiqdir"},"content":{"rendered":"<p><strong>Bu g\u00fcn Az\u0259rbaycan d\u00f6vl\u0259ti qalib d\u00f6vl\u0259t kimi ya\u015fay\u0131r.\u00a0Ali Ba\u015f Komandan\u0131n\u00a0 \u201cQaraba\u011f Az\u0259rbaycand\u0131r \u201c \u015f\u00fcar\u0131 alt\u0131nda birl\u0259\u015f\u0259n Az\u0259rbaycan xalq\u0131n\u0131n \u0259zmkarl\u0131\u011f\u0131n\u0131, q\u0259hr\u0259manl\u0131\u011f\u0131n\u0131, birliyini \u00a0b\u00fct\u00fcn d\u00fcnyaya n\u00fcmayi\u015f etdirmi\u015f olduq. \u00a0Az\u0259rbaycan d\u00f6vl\u0259ti\u00a0 44 g\u00fcnl\u00fck V\u0259t\u0259n m\u00fcharib\u0259sind\u0259 \u00a0i\u015f\u011fal \u00a0alt\u0131nda qalan torpaqlar\u0131n\u0131 azad etm\u0259kl\u0259 tarixi \u0259dal\u0259ti b\u0259rpa etdi. \u0130kinci Qaraba\u011f m\u00fcharib\u0259sind\u0259 qazan\u0131lm\u0131\u015f\u00a0\u015eanl\u0131 Q\u0259l\u0259b\u0259 n\u0259tic\u0259sind\u0259 30 il\u0259 yax\u0131n i\u015f\u011fal alt\u0131nda qalan torpaqlar azad edildi \u00a0Qaraba\u011f m\u00fcnaqi\u015f\u0259sin\u0259 son qoyuldu.<\/strong><\/p>\n<p>\u00dcmummilli\u00a0 Lider Heyd\u0259r \u018fliyevin m\u00fcdrikliyi \u00a0Az\u0259rbaycan d\u00f6vl\u0259tinin h\u0259m siyasi, \u00a0h\u0259m iqtisadi inki\u015faf\u0131nda, \u00a0m\u00fcst\u0259qilliyin m\u00f6hk\u0259ml\u0259ndirilm\u0259si \u00a0n\u0259tic\u0259sind\u0259 \u00a0Az\u0259rbaycan \u00a0ild\u0259n il\u0259 g\u00fccl\u0259nm\u0259y\u0259 \u00a0ba\u015flad\u0131 . Bu yolun u\u011furlu davam\u00e7\u0131s\u0131 \u00a0Az\u0259rbaycan Respublikas\u0131n\u0131n Prezidenti \u00a0\u0130lham \u018fliyevin d\u00fc\u015f\u00fcn\u00fclm\u00fc\u015f siyas\u0259ti Az\u0259rbaycan\u0131n daha da g\u00fccl\u0259nm\u0259sini \u00a0t\u0259min etdi.<\/p>\n<p>\u018frazi b\u00fct\u00f6vl\u00fcy\u00fcn\u00fcn b\u0259rpas\u0131nda \u00a0d\u00fc\u015f\u00fcn\u00fclm\u00fc\u015f\u00a0 g\u00fccl\u00fc siyas\u0259 i \u00a0n\u0259tic\u0259sind\u0259 30 il \u0259sar\u0259td\u0259 qalm\u0131\u015f torpaqlar\u0131n azad edilm\u0259si,\u00a0 44 g\u00fcn davam ed\u0259n V\u0259t\u0259n m\u00fcharib\u0259si \u00a0Ali \u00a0Ba\u015f Komandan \u0130lham \u018fliyevin g\u00fccl\u00fc siyas\u0259tinin v\u0259 \u015fanl\u0131 Az\u0259rbaycan ordusunun \u00a0g\u00fcc\u00fcn\u00fc \u00a0g\u00f6st\u0259r\u0259r\u0259k \u00a0\u00f6lk\u0259mizin q\u0259l\u0259b\u0259si il\u0259 ba\u015fa \u00e7atm\u0131\u015fd\u0131r. Bu g\u00fcn i\u015f\u011faldan azad edilm\u0131\u015f \u0259razil\u0259rd\u0259 quruculuq i\u015fl\u0259ri s\u00fcr\u0259tl\u0259 davam edir.<\/p>\n<p>Az\u0259rbaycan Respublikas\u0131n\u0131n Prezidenti \u0130lham \u018fliyev m\u00fcsabiq\u0259l\u0259rind\u0259, \u00e7\u0131x\u0131\u015flar\u0131nda bildirmi\u015fdir ki: Az\u0259rbaycan s\u00fclh prosesin\u0259 sadiqdir \u00a0v\u0259 s\u00fclh sazi\u015finin \u0259n q\u0131sa zamanda ba\u011flanmas\u0131 bizim milli maraqlar\u0131m\u0131za cavab verir.<\/p>\n<p>Bu g\u00fcn \u00f6lk\u0259miz dayan\u0131ql\u0131 inki\u015fafa, m\u00f6hk\u0259m ictimai siyasi sabitliy\u0259 malik olan d\u00f6vl\u0259tdir. Az\u0259rbaycan regionda s\u00fclh\u00fcn b\u0259rq\u0259rar olmas\u0131nda maraql\u0131 t\u0259r\u0259fdir. \u00d6lk\u0259miz haqq\u0131n, \u0259dal\u0259tin, s\u00fclh\u00fcn t\u0259r\u0259fdar\u0131d\u0131r. Az\u0259rbaycan d\u00f6vl\u0259ti \u00a0h\u0259r zaman dan\u0131\u015f\u0131q prosesl\u0259rin\u0259 haz\u0131rd\u0131r, \u00a0s\u00fclh prosesl\u0259rin\u0259 sadiqdir.<\/p>\n<p><img src=\"https:\/\/ikisahil.az\/upload\/\/2024\/03\/04\/\/-26310c70170954788642942815210832496.jpg\" alt=\"\" \/><\/p>\n<p><strong>Nazil\u0259 M\u0259mm\u0259dova,<\/strong><br \/>\n<em>7 sayl\u0131 \u015f\u0259h\u0259r poliklinikas\u0131, Ail\u0259 h\u0259kim, terapevt,<\/em><br \/>\n<em>YAP X\u0259tai rayon t\u0259\u015fkilat\u0131n\u0131n \u00fczv\u00fc<\/em><\/p>\n","protected":false},"excerpt":{"rendered":"<p>Bu g\u00fcn Az\u0259rbaycan d\u00f6vl\u0259ti qalib d\u00f6vl\u0259t kimi ya\u015fay\u0131r.\u00a0Ali Ba\u015f Komandan\u0131n\u00a0 \u201cQaraba\u011f Az\u0259rbaycand\u0131r \u201c \u015f\u00fcar\u0131 alt\u0131nda birl\u0259\u015f\u0259n Az\u0259rbaycan xalq\u0131n\u0131n \u0259zmkarl\u0131\u011f\u0131n\u0131, q\u0259hr\u0259manl\u0131\u011f\u0131n\u0131, birliyini \u00a0b\u00fct\u00fcn d\u00fcnyaya n\u00fcmayi\u015f etdirmi\u015f olduq. \u00a0Az\u0259rbaycan d\u00f6vl\u0259ti\u00a0 44 g\u00fcnl\u00fck V\u0259t\u0259n m\u00fcharib\u0259sind\u0259 \u00a0i\u015f\u011fal \u00a0alt\u0131nda qalan torpaqlar\u0131n\u0131 azad etm\u0259kl\u0259 tarixi \u0259dal\u0259ti b\u0259rpa etdi. \u0130kinci Qaraba\u011f m\u00fcharib\u0259sind\u0259 qazan\u0131lm\u0131\u015f\u00a0\u015eanl\u0131 Q\u0259l\u0259b\u0259 n\u0259tic\u0259sind\u0259 30 il\u0259 yax\u0131n i\u015f\u011fal alt\u0131nda qalan torpaqlar azad edildi \u00a0Qaraba\u011f m\u00fcnaqi\u015f\u0259sin\u0259 son qoyuldu. \u00dcmummilli\u00a0 Lider Heyd\u0259r \u018fliyevin m\u00fcdrikliyi \u00a0Az\u0259rbaycan d\u00f6vl\u0259tinin h\u0259m siyasi, \u00a0h\u0259m iqtisadi inki\u015faf\u0131nda, \u00a0m\u00fcst\u0259qilliyin m\u00f6hk\u0259ml\u0259ndirilm\u0259si \u00a0n\u0259tic\u0259sind\u0259 \u00a0Az\u0259rbaycan \u00a0ild\u0259n il\u0259 g\u00fccl\u0259nm\u0259y\u0259 \u00a0ba\u015flad\u0131 . Bu yolun u\u011furlu davam\u00e7\u0131s\u0131 \u00a0Az\u0259rbaycan Respublikas\u0131n\u0131n Prezidenti \u00a0\u0130lham&hellip;<\/p>\n","protected":false},"author":2,"featured_media":697566,"comment_status":"closed","ping_status":"closed","sticky":false,"template":"","format":"standard","meta":{"om_disable_all_campaigns":false,"_monsterinsights_skip_tracking":false,"_monsterinsights_sitenote_active":false,"_monsterinsights_sitenote_note":"","_monsterinsights_sitenote_category":0},"categories":[19],"tags":[],"aioseo_notices":[],"gutentor_comment":0,"rttpg_featured_image_url":{"full":["https:\/\/arantv.az\/wp-content\/uploads\/2024\/03\/70162fe6170600079324967880510692125.jpg",975,540,false],"landscape":["https:\/\/arantv.az\/wp-content\/uploads\/2024\/03\/70162fe6170600079324967880510692125.jpg",975,540,false],"portraits":["https:\/\/arantv.az\/wp-content\/uploads\/2024\/03\/70162fe6170600079324967880510692125.jpg",975,540,false],"thumbnail":["https:\/\/arantv.az\/wp-content\/uploads\/2024\/03\/70162fe6170600079324967880510692125-500x280.jpg",500,280,true],"medium":["https:\/\/arantv.az\/wp-content\/uploads\/2024\/03\/70162fe6170600079324967880510692125-660x365.jpg",660,365,true],"large":["https:\/\/arantv.az\/wp-content\/uploads\/2024\/03\/70162fe6170600079324967880510692125-840x465.jpg",640,354,true],"1536x1536":["https:\/\/arantv.az\/wp-content\/uploads\/2024\/03\/70162fe6170600079324967880510692125.jpg",975,540,false],"2048x2048":["https:\/\/arantv.az\/wp-content\/uploads\/2024\/03\/70162fe6170600079324967880510692125.jpg",975,540,false],"post-thumbnail":["https:\/\/arantv.az\/wp-content\/uploads\/2024\/03\/70162fe6170600079324967880510692125-240x172.jpg",240,172,true],"advps-thumb-one":["https:\/\/arantv.az\/wp-content\/uploads\/2024\/03\/70162fe6170600079324967880510692125.jpg",975,540,false]},"rttpg_author":{"display_name":"V\u00fcsal Rafiqo\u011flu","author_link":"https:\/\/arantv.az\/?author=2"},"rttpg_comment":0,"rttpg_category":"<a href=\"https:\/\/arantv.az\/?cat=19\" rel=\"category\">G\u00fcnd\u0259m<\/a>","rttpg_excerpt":"Bu g\u00fcn Az\u0259rbaycan d\u00f6vl\u0259ti qalib d\u00f6vl\u0259t kimi ya\u015fay\u0131r.\u00a0Ali Ba\u015f Komandan\u0131n\u00a0 \u201cQaraba\u011f Az\u0259rbaycand\u0131r \u201c \u015f\u00fcar\u0131 alt\u0131nda birl\u0259\u015f\u0259n Az\u0259rbaycan xalq\u0131n\u0131n \u0259zmkarl\u0131\u011f\u0131n\u0131, q\u0259hr\u0259manl\u0131\u011f\u0131n\u0131, birliyini \u00a0b\u00fct\u00fcn d\u00fcnyaya n\u00fcmayi\u015f etdirmi\u015f olduq. \u00a0Az\u0259rbaycan d\u00f6vl\u0259ti\u00a0 44 g\u00fcnl\u00fck V\u0259t\u0259n m\u00fcharib\u0259sind\u0259 \u00a0i\u015f\u011fal \u00a0alt\u0131nda qalan torpaqlar\u0131n\u0131 azad etm\u0259kl\u0259 tarixi \u0259dal\u0259ti b\u0259rpa etdi. \u0130kinci Qaraba\u011f m\u00fcharib\u0259sind\u0259 qazan\u0131lm\u0131\u015f\u00a0\u015eanl\u0131 Q\u0259l\u0259b\u0259 n\u0259tic\u0259sind\u0259 30 il\u0259 yax\u0131n i\u015f\u011fal alt\u0131nda qalan torpaqlar&hellip;","_links":{"self":[{"href":"https:\/\/arantv.az\/index.php?rest_route=\/wp\/v2\/posts\/697565"}],"collection":[{"href":"https:\/\/arantv.az\/index.php?rest_route=\/wp\/v2\/posts"}],"about":[{"href":"https:\/\/arantv.az\/index.php?rest_route=\/wp\/v2\/types\/post"}],"author":[{"embeddable":true,"href":"https:\/\/arantv.az\/index.php?rest_route=\/wp\/v2\/users\/2"}],"replies":[{"embeddable":true,"href":"https:\/\/arantv.az\/index.php?rest_route=%2Fwp%2Fv2%2Fcomments&post=697565"}],"version-history":[{"count":0,"href":"https:\/\/arantv.az\/index.php?rest_route=\/wp\/v2\/posts\/697565\/revisions"}],"wp:featuredmedia":[{"embeddable":true,"href":"https:\/\/arantv.az\/index.php?rest_route=\/wp\/v2\/media\/697566"}],"wp:attachment":[{"href":"https:\/\/arantv.az\/index.php?rest_route=%2Fwp%2Fv2%2Fmedia&parent=697565"}],"wp:term":[{"taxonomy":"category","embeddable":true,"href":"https:\/\/arantv.az\/index.php?rest_route=%2Fwp%2Fv2%2Fcategories&post=697565"},{"taxonomy":"post_tag","embeddable":true,"href":"https:\/\/arantv.az\/index.php?rest_route=%2Fwp%2Fv2%2Ftags&post=697565"}],"curies":[{"name":"wp","href":"https:\/\/api.w.org\/{rel}","templated":true}]}}