{"id":697572,"date":"2024-03-04T14:34:09","date_gmt":"2024-03-04T10:34:09","guid":{"rendered":"https:\/\/arantv.az\/?p=697572"},"modified":"2024-03-04T14:34:09","modified_gmt":"2024-03-04T10:34:09","slug":"beyn%c9%99lxalq-huquq-normalari-az%c9%99rbaycanin-t%c9%99r%c9%99find%c9%99dir","status":"publish","type":"post","link":"https:\/\/arantv.az\/?p=697572","title":{"rendered":"Beyn\u0259lxalq h\u00fcquq normalar\u0131 Az\u0259rbaycan\u0131n t\u0259r\u0259find\u0259dir"},"content":{"rendered":"<section>\n<div class=\"content lead font-weight-normal\">\n<p><em><strong>Alman \u0130qtisadiyyat\u0131n\u0131n \u015e\u0259rq Komit\u0259sinin s\u0259dri Mixael Harms\u0131n r\u0259hb\u0259rlik etdiyi n\u00fcmay\u0259nd\u0259 hey\u0259ti il\u0259 g\u00f6r\u00fc\u015fd\u0259 Prezident \u0130lham \u018fliyev iki \u00f6lk\u0259 aras\u0131nda m\u00fcnasib\u0259tl\u0259rin m\u00fcsb\u0259t inki\u015faf dinamikas\u0131na diqq\u0259t \u00e7\u0259kdi. Az\u0259rbaycan-Almaniya ikit\u0259r\u0259fli m\u00fcnasib\u0259tl\u0259rinin iqtisadi sah\u0259si h\u0259mi\u015f\u0259 m\u00fch\u00fcm rol oynay\u0131b. \u00d6lk\u0259 ba\u015f\u00e7\u0131s\u0131 qeyd etdi ki, Almaniya Fransadan f\u0259rqli olaraq alovun \u00fcst\u00fcn\u0259 benzin t\u00f6km\u00fcr v\u0259 Erm\u0259nistan\u0131 \u00f6ld\u00fcr\u00fcc\u00fc silahlarla t\u0259chiz etmir. Bir s\u00f6zl\u0259, Almaniya m\u00f6vqeyind\u0259 neytrall\u0131q n\u00fcmayi\u015f etdirir.<\/strong><\/em><\/p>\n<p>G\u00f6r\u00fc\u015fd\u0259 Prezident \u0130lham \u018fliyev diqq\u0259t\u0259 \u00e7atd\u0131rd\u0131 ki, beyn\u0259lxalq h\u00fcququn normalar\u0131 Az\u0259rbaycan\u0131n t\u0259r\u0259find\u0259dir. Az\u0259rbaycan\u0131n suverenliyini v\u0259 \u0259razi b\u00fct\u00f6vl\u00fcy\u00fcn\u00fc t\u0259min etm\u0259si il\u0259 ba\u011fl\u0131 \u00f6lk\u0259mizi h\u0259r hans\u0131 g\u00fcnahland\u0131rma c\u0259hdl\u0259ri tamamil\u0259 \u0259sass\u0131z v\u0259 q\u0259r\u0259zlidir. Az\u0259rbaycan \u00f6z \u0259razi b\u00fct\u00f6vl\u00fcy\u00fcn\u00fc v\u0259 suverenliyini t\u0259min etm\u0259kl\u0259 ba\u011fl\u0131 dig\u0259r \u00f6lk\u0259l\u0259rin atd\u0131\u011f\u0131 add\u0131mlardan f\u0259rqli add\u0131mlar atm\u0131r. Bu g\u00fcn ikili standartlar bir s\u0131ra beyn\u0259lxalq institutlar, o c\u00fcml\u0259d\u0259n Avropa \u0130ttifaq\u0131 \u00fc\u00e7\u00fcn adi hala \u00e7evrilib.<\/p>\n<p>\u00d6lk\u0259 ba\u015f\u00e7\u0131s\u0131 \u00f6lk\u0259mizin \u00fczl\u0259\u015fdiyi anti-Az\u0259rbaycan siyas\u0259tin\u0259 d\u0259 diqq\u0259t \u00e7\u0259k\u0259r\u0259k Borrelin \u0259sass\u0131z ittihamlar s\u0259sl\u0259ndirdiyini bildirdi. Borrel bildirib ki, Az\u0259rbaycan Erm\u0259nistana h\u00fccum ed\u0259rs\u0259, bunun ac\u0131 n\u0259tic\u0259l\u0259rini g\u00f6r\u0259c\u0259k. Bu m\u0259lumat h\u0259qiq\u0259ti \u0259ks etdirmir. Az\u0259rbaycan\u0131n bel\u0259 bir planlar\u0131 yoxdur. B\u00fct\u00fcn bunlar Fransan\u0131n guya Az\u0259rbaycan\u0131n Erm\u0259nistana h\u00fccuma haz\u0131rla\u015fmas\u0131 il\u0259 ba\u011fl\u0131 \u00f6lk\u0259mizin demoniz\u0259 edilm\u0259sin\u0259 \u0259saslan\u0131r.<\/p>\n<p>Erm\u0259nistanla s\u0259rh\u0259dd\u0259 son d\u0259f\u0259 2023-c\u00fc ilin sentyabr\u0131nda ciddi g\u0259rginl\u0259\u015fm\u0259d\u0259n sonra bu ilin fevral\u0131nad\u0259k olan d\u00f6vrd\u0259 s\u0259rh\u0259dd\u0259 v\u0259ziyy\u0259t sakit idi. Lakin fevral ay\u0131nda erm\u0259ni snayperi \u0259sg\u0259rimizi a\u011f\u0131r yaralad\u0131qdan sonra Az\u0259rbaycan t\u0259r\u0259fi buna vaxt\u0131nda adekvat v\u0259 d\u0259qiq cavab verm\u0259li oldu. Prezident \u0130lham \u018fliyev vur\u011fulad\u0131 ki, Az\u0259rbaycan s\u00fclh prosesin\u0259 sadiqdir. M\u0259hz Az\u0259rbaycan \u0130kinci Qaraba\u011f m\u00fcharib\u0259si ba\u015fa \u00e7atd\u0131qdan sonra s\u00fclh dan\u0131\u015f\u0131qlar\u0131 t\u0259\u015f\u0259bb\u00fcs\u00fc il\u0259 \u00e7\u0131x\u0131\u015f edib. Az\u0259rbaycan \u0259razil\u0259ri 30 il Erm\u0259nistan\u0131n i\u015f\u011fal\u0131 alt\u0131nda olub. Erm\u0259nil\u0259r torpaqlar\u0131m\u0131z\u0131n 20 faizini i\u015f\u011fal ed\u0259r\u0259k, h\u0259min \u0259razil\u0259ri da\u011f\u0131d\u0131blar v\u0259 1 milyona yax\u0131n soyda\u015f\u0131m\u0131z m\u0259cburi k\u00f6\u00e7k\u00fcn v\u0259ziyy\u0259tin\u0259 d\u00fc\u015f\u00fcb. Torpaqlar\u0131m\u0131z\u0131 i\u015f\u011fal alt\u0131nda saxlayan Erm\u0259nistan bu m\u00fcdd\u0259td\u0259 BMT T\u0259hl\u00fck\u0259sizlik \u015euras\u0131n\u0131n m\u0259lum q\u0259tnam\u0259l\u0259rin\u0259, beyn\u0259lxalq h\u00fcququn normalar\u0131na, o c\u00fcml\u0259d\u0259n humanitar normalara m\u0259h\u0259l qoymad\u0131. Bu is\u0259 \u201cikili standartlar\u201d siyas\u0259tinin t\u0259zah\u00fcr\u00fcd\u00fcr.<\/p>\n<p>Alman \u0130qtisadiyyat\u0131n\u0131n \u015e\u0259rq Komit\u0259sinin s\u0259dri Mixael Harms\u0131n r\u0259hb\u0259rlik etdiyi n\u00fcmay\u0259nd\u0259 hey\u0259ti il\u0259 g\u00f6r\u00fc\u015fd\u0259 Prezident \u0130lham \u018fliyev bildirdi ki, C\u0259nubi Qafqazda ay\u0131r\u0131c\u0131 x\u0259tl\u0259rin qurulmas\u0131 c\u0259hdl\u0259rini g\u00f6r\u00fcr\u00fck. Bununla ba\u011fl\u0131 Az\u0259rbaycanda bir \u00e7ox insanlar bel\u0259 d\u00fc\u015f\u00fcn\u00fcrl\u0259r ki, Avropa institutlar\u0131 t\u0259r\u0259find\u0259n C\u0259nubi Qafqazda G\u00fcrc\u00fcstan v\u0259 Erm\u0259nistan\u0131 \u00e7ox yax\u0131n q\u0259bul etdikl\u0259ri, Az\u0259rbaycan\u0131n is\u0259 demoniz\u0259 edildiyi bir \u015f\u0259raitd\u0259 yegan\u0259 \u00e7\u0131x\u0131\u015f yolu bizim \u0130slam dinimizdir.<\/p>\n<p>\u00d6lk\u0259miz \u0259razi b\u00fct\u00f6vl\u00fcy\u00fc v\u0259 suverenliyini b\u0259rpa etdikd\u0259n sonra Avropa \u015euras\u0131 Parlament Assambleyas\u0131 Az\u0259rbaycan n\u00fcmay\u0259nd\u0259 hey\u0259tinin s\u0259s h\u00fcququndan m\u0259hrum edilm\u0259si bar\u0259d\u0259 q\u0259rar q\u0259bul edib. Bu q\u0259rar Almaniya parlamentinin \u00fczv\u00fcn\u00fcn t\u0259\u015f\u0259bb\u00fcs\u00fc il\u0259 q\u0259bul olunub v\u0259 o \u015f\u0259xs Kansler \u015eoltsun r\u0259hb\u0259rlik etdiyi partiyan\u0131n \u00fczv\u00fcd\u00fcr. \u00d6lk\u0259 ba\u015f\u00e7\u0131s\u0131 bildirdi ki, Az\u0259rbaycan haqq\u0131nda bil\u0259r\u0259kd\u0259n \u00e7ox m\u0259nfi t\u0259\u0259ss\u00fcrat yarad\u0131l\u0131r. \u018fg\u0259r bir il \u0259rzind\u0259 n\u00fcmay\u0259nd\u0259 hey\u0259timizin h\u00fcquqlar\u0131 b\u0259rpa olunmazsa, biz Avropa \u015euras\u0131ndan tamamil\u0259 \u00e7\u0131xma\u011f\u0131m\u0131z bar\u0259d\u0259 m\u0259s\u0259l\u0259y\u0259 ciddi \u015f\u0259kild\u0259 baxa bil\u0259rik. Almaniya m\u0259tbuat\u0131nda Az\u0259rbaycan guya azadl\u0131qlar\u0131n t\u0259min olunmad\u0131\u011f\u0131, insanlar\u0131n \u00f6z fikirl\u0259rin\u0259 g\u00f6r\u0259 h\u0259bs olundu\u011fu, diktaturan\u0131n h\u00f6km s\u00fcrd\u00fcy\u00fc despotik bir \u00f6lk\u0259 kimi t\u0259qdim edilir. B\u00fct\u00fcn bunlar \u201cikili standartlar\u201d v\u0259 anti-Az\u0259rbaycan siyas\u0259tinin n\u0259tic\u0259sidir. \u018fslind\u0259 Az\u0259rbaycan davaml\u0131 inki\u015faf ed\u0259n \u00f6lk\u0259dir. \u00d6lk\u0259mizd\u0259 ged\u0259n prosesl\u0259r v\u0259 h\u0259yata ke\u00e7iril\u0259n i\u015fl\u0259r Az\u0259rbaycan\u0131n normal h\u0259yat\u0131n\u0131 t\u0259min edir.<\/p>\n<p><strong>Vusal\u0259\u00a0Mehtiyeva,<\/strong><br \/>\n<em>X\u0259tai rayonu, 265 sayl\u0131 m\u0259kt\u0259bin m\u00fc\u0259llimi,<br \/>\nYAP X\u0259tai rayon t\u0259\u015fkilat\u0131n\u0131n \u00fczv\u00fc<\/em><\/p>\n<div class=\"clearfix\"><\/div>\n<\/div>\n<div class=\"sharing my-2 row no-gutters d-print-none\"><\/div>\n<div class=\"d-none d-sm-block\"><\/div>\n<\/section>\n<section id=\"new_block_2\" class=\"mt-3 d-print-none\">\n<div class=\"row\">\n<div class=\"col-md-12\"><\/div>\n<\/div>\n<\/section>\n","protected":false},"excerpt":{"rendered":"<p>Alman \u0130qtisadiyyat\u0131n\u0131n \u015e\u0259rq Komit\u0259sinin s\u0259dri Mixael Harms\u0131n r\u0259hb\u0259rlik etdiyi n\u00fcmay\u0259nd\u0259 hey\u0259ti il\u0259 g\u00f6r\u00fc\u015fd\u0259 Prezident \u0130lham \u018fliyev iki \u00f6lk\u0259 aras\u0131nda m\u00fcnasib\u0259tl\u0259rin m\u00fcsb\u0259t inki\u015faf dinamikas\u0131na diqq\u0259t \u00e7\u0259kdi. Az\u0259rbaycan-Almaniya ikit\u0259r\u0259fli m\u00fcnasib\u0259tl\u0259rinin iqtisadi sah\u0259si h\u0259mi\u015f\u0259 m\u00fch\u00fcm rol oynay\u0131b. \u00d6lk\u0259 ba\u015f\u00e7\u0131s\u0131 qeyd etdi ki, Almaniya Fransadan f\u0259rqli olaraq alovun \u00fcst\u00fcn\u0259 benzin t\u00f6km\u00fcr v\u0259 Erm\u0259nistan\u0131 \u00f6ld\u00fcr\u00fcc\u00fc silahlarla t\u0259chiz etmir. Bir s\u00f6zl\u0259, Almaniya m\u00f6vqeyind\u0259 neytrall\u0131q n\u00fcmayi\u015f etdirir. G\u00f6r\u00fc\u015fd\u0259 Prezident \u0130lham \u018fliyev diqq\u0259t\u0259 \u00e7atd\u0131rd\u0131 ki, beyn\u0259lxalq h\u00fcququn normalar\u0131 Az\u0259rbaycan\u0131n t\u0259r\u0259find\u0259dir. Az\u0259rbaycan\u0131n suverenliyini v\u0259 \u0259razi b\u00fct\u00f6vl\u00fcy\u00fcn\u00fc t\u0259min etm\u0259si il\u0259 ba\u011fl\u0131 \u00f6lk\u0259mizi h\u0259r hans\u0131 g\u00fcnahland\u0131rma c\u0259hdl\u0259ri tamamil\u0259 \u0259sass\u0131z v\u0259 q\u0259r\u0259zlidir.&hellip;<\/p>\n","protected":false},"author":2,"featured_media":697573,"comment_status":"closed","ping_status":"closed","sticky":false,"template":"","format":"standard","meta":{"om_disable_all_campaigns":false,"_monsterinsights_skip_tracking":false,"_monsterinsights_sitenote_active":false,"_monsterinsights_sitenote_note":"","_monsterinsights_sitenote_category":0},"categories":[19],"tags":[],"aioseo_notices":[],"gutentor_comment":0,"rttpg_featured_image_url":{"full":["https:\/\/arantv.az\/wp-content\/uploads\/2024\/03\/7302e3f5170927470715118288910185310.jpg",975,540,false],"landscape":["https:\/\/arantv.az\/wp-content\/uploads\/2024\/03\/7302e3f5170927470715118288910185310.jpg",975,540,false],"portraits":["https:\/\/arantv.az\/wp-content\/uploads\/2024\/03\/7302e3f5170927470715118288910185310.jpg",975,540,false],"thumbnail":["https:\/\/arantv.az\/wp-content\/uploads\/2024\/03\/7302e3f5170927470715118288910185310-500x280.jpg",500,280,true],"medium":["https:\/\/arantv.az\/wp-content\/uploads\/2024\/03\/7302e3f5170927470715118288910185310-660x365.jpg",660,365,true],"large":["https:\/\/arantv.az\/wp-content\/uploads\/2024\/03\/7302e3f5170927470715118288910185310-840x465.jpg",640,354,true],"1536x1536":["https:\/\/arantv.az\/wp-content\/uploads\/2024\/03\/7302e3f5170927470715118288910185310.jpg",975,540,false],"2048x2048":["https:\/\/arantv.az\/wp-content\/uploads\/2024\/03\/7302e3f5170927470715118288910185310.jpg",975,540,false],"post-thumbnail":["https:\/\/arantv.az\/wp-content\/uploads\/2024\/03\/7302e3f5170927470715118288910185310-240x172.jpg",240,172,true],"advps-thumb-one":["https:\/\/arantv.az\/wp-content\/uploads\/2024\/03\/7302e3f5170927470715118288910185310.jpg",975,540,false]},"rttpg_author":{"display_name":"V\u00fcsal Rafiqo\u011flu","author_link":"https:\/\/arantv.az\/?author=2"},"rttpg_comment":0,"rttpg_category":"<a href=\"https:\/\/arantv.az\/?cat=19\" rel=\"category\">G\u00fcnd\u0259m<\/a>","rttpg_excerpt":"Alman \u0130qtisadiyyat\u0131n\u0131n \u015e\u0259rq Komit\u0259sinin s\u0259dri Mixael Harms\u0131n r\u0259hb\u0259rlik etdiyi n\u00fcmay\u0259nd\u0259 hey\u0259ti il\u0259 g\u00f6r\u00fc\u015fd\u0259 Prezident \u0130lham \u018fliyev iki \u00f6lk\u0259 aras\u0131nda m\u00fcnasib\u0259tl\u0259rin m\u00fcsb\u0259t inki\u015faf dinamikas\u0131na diqq\u0259t \u00e7\u0259kdi. Az\u0259rbaycan-Almaniya ikit\u0259r\u0259fli m\u00fcnasib\u0259tl\u0259rinin iqtisadi sah\u0259si h\u0259mi\u015f\u0259 m\u00fch\u00fcm rol oynay\u0131b. \u00d6lk\u0259 ba\u015f\u00e7\u0131s\u0131 qeyd etdi ki, Almaniya Fransadan f\u0259rqli olaraq alovun \u00fcst\u00fcn\u0259 benzin t\u00f6km\u00fcr v\u0259 Erm\u0259nistan\u0131 \u00f6ld\u00fcr\u00fcc\u00fc silahlarla t\u0259chiz etmir. Bir s\u00f6zl\u0259,&hellip;","_links":{"self":[{"href":"https:\/\/arantv.az\/index.php?rest_route=\/wp\/v2\/posts\/697572"}],"collection":[{"href":"https:\/\/arantv.az\/index.php?rest_route=\/wp\/v2\/posts"}],"about":[{"href":"https:\/\/arantv.az\/index.php?rest_route=\/wp\/v2\/types\/post"}],"author":[{"embeddable":true,"href":"https:\/\/arantv.az\/index.php?rest_route=\/wp\/v2\/users\/2"}],"replies":[{"embeddable":true,"href":"https:\/\/arantv.az\/index.php?rest_route=%2Fwp%2Fv2%2Fcomments&post=697572"}],"version-history":[{"count":0,"href":"https:\/\/arantv.az\/index.php?rest_route=\/wp\/v2\/posts\/697572\/revisions"}],"wp:featuredmedia":[{"embeddable":true,"href":"https:\/\/arantv.az\/index.php?rest_route=\/wp\/v2\/media\/697573"}],"wp:attachment":[{"href":"https:\/\/arantv.az\/index.php?rest_route=%2Fwp%2Fv2%2Fmedia&parent=697572"}],"wp:term":[{"taxonomy":"category","embeddable":true,"href":"https:\/\/arantv.az\/index.php?rest_route=%2Fwp%2Fv2%2Fcategories&post=697572"},{"taxonomy":"post_tag","embeddable":true,"href":"https:\/\/arantv.az\/index.php?rest_route=%2Fwp%2Fv2%2Ftags&post=697572"}],"curies":[{"name":"wp","href":"https:\/\/api.w.org\/{rel}","templated":true}]}}