{"id":697583,"date":"2024-03-04T14:41:25","date_gmt":"2024-03-04T10:41:25","guid":{"rendered":"https:\/\/arantv.az\/?p=697583"},"modified":"2024-03-04T14:41:25","modified_gmt":"2024-03-04T10:41:25","slug":"rusiyanin-primorye-diyarinda-t%c9%99bi%c9%99t-yanginlari-bas-verib-video","status":"publish","type":"post","link":"https:\/\/arantv.az\/?p=697583","title":{"rendered":"Rusiyan\u0131n Primorye diyar\u0131nda t\u0259bi\u0259t yan\u011f\u0131nlar\u0131 ba\u015f verib &#8211; V\u0130DEO"},"content":{"rendered":"<p>Rusiyan\u0131n Primorye diyar\u0131n\u0131n c\u0259nubunda t\u0259bii yan\u011f\u0131nlar\u0131n sah\u0259si g\u00fcn \u0259rzind\u0259 3,8 min hektardan 4,9 min hektara y\u00fcks\u0259lib, \u00fc\u00e7 yerd\u0259 yan\u011f\u0131n qeyd\u0259 al\u0131n\u0131b. \u00dcmumilikd\u0259 1000 hektardan \u00e7ox sah\u0259d\u0259 yan\u011f\u0131n\u0131n oldu\u011fu bildirilir.<\/p>\n<p>M\u0259lumata g\u00f6r\u0259, Xasan q\u0259s\u0259b\u0259si \u0259razisind\u0259 3 min hektara yax\u0131n \u0259razini \u0259hat\u0259 ed\u0259n bir yan\u011f\u0131n lokalla\u015fd\u0131r\u0131l\u0131b. 1,8 min hektar \u0259razini \u0259hat\u0259 ed\u0259n ikinci yan\u011f\u0131n Qvozdevo b\u00f6lg\u0259sind\u0259dir. Haz\u0131rda ya\u015fay\u0131\u015f m\u0259nt\u0259q\u0259l\u0259ri \u00fc\u00e7\u00fcn t\u0259hl\u00fck\u0259 yoxdur.<\/p>\n<p>Qeyd ed\u0259k ki, yan\u011f\u0131nla m\u00fcbariz\u0259 davam edir, onun k\u0259nar \u0259razil\u0259r\u0259 yay\u0131lmamas\u0131 \u00fc\u00e7\u00fcn t\u0259dbirl\u0259r g\u00f6r\u00fcl\u00fcr.<\/p>\n<div><iframe loading=\"lazy\" src=\"https:\/\/baku.tv\/embed\/125447\" width=\"560\" height=\"315\" frameborder=\"0\" allowfullscreen=\"allowfullscreen\" data-mce-fragment=\"1\"><\/iframe><\/div>\n<p>M\u0259nb\u0259: Gazeta.ru<\/p>\n","protected":false},"excerpt":{"rendered":"<p>Rusiyan\u0131n Primorye diyar\u0131n\u0131n c\u0259nubunda t\u0259bii yan\u011f\u0131nlar\u0131n sah\u0259si g\u00fcn \u0259rzind\u0259 3,8 min hektardan 4,9 min hektara y\u00fcks\u0259lib, \u00fc\u00e7 yerd\u0259 yan\u011f\u0131n qeyd\u0259 al\u0131n\u0131b. \u00dcmumilikd\u0259 1000 hektardan \u00e7ox sah\u0259d\u0259 yan\u011f\u0131n\u0131n oldu\u011fu bildirilir. M\u0259lumata g\u00f6r\u0259, Xasan q\u0259s\u0259b\u0259si \u0259razisind\u0259 3 min hektara yax\u0131n \u0259razini \u0259hat\u0259 ed\u0259n bir yan\u011f\u0131n lokalla\u015fd\u0131r\u0131l\u0131b. 1,8 min hektar \u0259razini \u0259hat\u0259 ed\u0259n ikinci yan\u011f\u0131n Qvozdevo b\u00f6lg\u0259sind\u0259dir. Haz\u0131rda ya\u015fay\u0131\u015f m\u0259nt\u0259q\u0259l\u0259ri \u00fc\u00e7\u00fcn t\u0259hl\u00fck\u0259 yoxdur. Qeyd ed\u0259k ki, yan\u011f\u0131nla m\u00fcbariz\u0259 davam edir, onun k\u0259nar \u0259razil\u0259r\u0259 yay\u0131lmamas\u0131 \u00fc\u00e7\u00fcn t\u0259dbirl\u0259r g\u00f6r\u00fcl\u00fcr. M\u0259nb\u0259: Gazeta.ru<\/p>\n","protected":false},"author":2,"featured_media":697584,"comment_status":"closed","ping_status":"closed","sticky":false,"template":"","format":"standard","meta":{"om_disable_all_campaigns":false,"_monsterinsights_skip_tracking":false,"_monsterinsights_sitenote_active":false,"_monsterinsights_sitenote_note":"","_monsterinsights_sitenote_category":0},"categories":[7],"tags":[],"aioseo_notices":[],"gutentor_comment":0,"rttpg_featured_image_url":{"full":["https:\/\/arantv.az\/wp-content\/uploads\/2024\/03\/FotoJet-10-1.jpg",620,413,false],"landscape":["https:\/\/arantv.az\/wp-content\/uploads\/2024\/03\/FotoJet-10-1.jpg",620,413,false],"portraits":["https:\/\/arantv.az\/wp-content\/uploads\/2024\/03\/FotoJet-10-1.jpg",620,413,false],"thumbnail":["https:\/\/arantv.az\/wp-content\/uploads\/2024\/03\/FotoJet-10-1-500x280.jpg",500,280,true],"medium":["https:\/\/arantv.az\/wp-content\/uploads\/2024\/03\/FotoJet-10-1-548x365.jpg",548,365,true],"large":["https:\/\/arantv.az\/wp-content\/uploads\/2024\/03\/FotoJet-10-1.jpg",620,413,false],"1536x1536":["https:\/\/arantv.az\/wp-content\/uploads\/2024\/03\/FotoJet-10-1.jpg",620,413,false],"2048x2048":["https:\/\/arantv.az\/wp-content\/uploads\/2024\/03\/FotoJet-10-1.jpg",620,413,false],"post-thumbnail":["https:\/\/arantv.az\/wp-content\/uploads\/2024\/03\/FotoJet-10-1-240x172.jpg",240,172,true],"advps-thumb-one":["https:\/\/arantv.az\/wp-content\/uploads\/2024\/03\/FotoJet-10-1.jpg",620,413,false]},"rttpg_author":{"display_name":"V\u00fcsal Rafiqo\u011flu","author_link":"https:\/\/arantv.az\/?author=2"},"rttpg_comment":0,"rttpg_category":"<a href=\"https:\/\/arantv.az\/?cat=7\" rel=\"category\">D\u00fcnya<\/a>","rttpg_excerpt":"Rusiyan\u0131n Primorye diyar\u0131n\u0131n c\u0259nubunda t\u0259bii yan\u011f\u0131nlar\u0131n sah\u0259si g\u00fcn \u0259rzind\u0259 3,8 min hektardan 4,9 min hektara y\u00fcks\u0259lib, \u00fc\u00e7 yerd\u0259 yan\u011f\u0131n qeyd\u0259 al\u0131n\u0131b. \u00dcmumilikd\u0259 1000 hektardan \u00e7ox sah\u0259d\u0259 yan\u011f\u0131n\u0131n oldu\u011fu bildirilir. M\u0259lumata g\u00f6r\u0259, Xasan q\u0259s\u0259b\u0259si \u0259razisind\u0259 3 min hektara yax\u0131n \u0259razini \u0259hat\u0259 ed\u0259n bir yan\u011f\u0131n lokalla\u015fd\u0131r\u0131l\u0131b. 1,8 min hektar \u0259razini \u0259hat\u0259 ed\u0259n ikinci yan\u011f\u0131n Qvozdevo b\u00f6lg\u0259sind\u0259dir. Haz\u0131rda&hellip;","_links":{"self":[{"href":"https:\/\/arantv.az\/index.php?rest_route=\/wp\/v2\/posts\/697583"}],"collection":[{"href":"https:\/\/arantv.az\/index.php?rest_route=\/wp\/v2\/posts"}],"about":[{"href":"https:\/\/arantv.az\/index.php?rest_route=\/wp\/v2\/types\/post"}],"author":[{"embeddable":true,"href":"https:\/\/arantv.az\/index.php?rest_route=\/wp\/v2\/users\/2"}],"replies":[{"embeddable":true,"href":"https:\/\/arantv.az\/index.php?rest_route=%2Fwp%2Fv2%2Fcomments&post=697583"}],"version-history":[{"count":0,"href":"https:\/\/arantv.az\/index.php?rest_route=\/wp\/v2\/posts\/697583\/revisions"}],"wp:featuredmedia":[{"embeddable":true,"href":"https:\/\/arantv.az\/index.php?rest_route=\/wp\/v2\/media\/697584"}],"wp:attachment":[{"href":"https:\/\/arantv.az\/index.php?rest_route=%2Fwp%2Fv2%2Fmedia&parent=697583"}],"wp:term":[{"taxonomy":"category","embeddable":true,"href":"https:\/\/arantv.az\/index.php?rest_route=%2Fwp%2Fv2%2Fcategories&post=697583"},{"taxonomy":"post_tag","embeddable":true,"href":"https:\/\/arantv.az\/index.php?rest_route=%2Fwp%2Fv2%2Ftags&post=697583"}],"curies":[{"name":"wp","href":"https:\/\/api.w.org\/{rel}","templated":true}]}}