{"id":697590,"date":"2024-03-04T14:42:54","date_gmt":"2024-03-04T10:42:54","guid":{"rendered":"https:\/\/arantv.az\/?p=697590"},"modified":"2024-03-04T14:42:54","modified_gmt":"2024-03-04T10:42:54","slug":"almaniyada-qocalar-evind%c9%99-guclu-yangin-dord-n%c9%99f%c9%99r-olub-onlarla-insan-x%c9%99sar%c9%99t-alib-video","status":"publish","type":"post","link":"https:\/\/arantv.az\/?p=697590","title":{"rendered":"Almaniyada qocalar evind\u0259 g\u00fccl\u00fc yan\u011f\u0131n: D\u00f6rd n\u0259f\u0259r \u00f6l\u00fcb, onlarla insan x\u0259sar\u0259t al\u0131b &#8211; V\u0130DEO"},"content":{"rendered":"<p>Almaniyan\u0131n q\u0259rbind\u0259 qocalar evind\u0259 ba\u015f ver\u0259n yan\u011f\u0131n n\u0259tic\u0259sind\u0259 d\u00f6rd n\u0259f\u0259r \u00f6l\u00fcb, \u0259n az\u0131 58 n\u0259f\u0259r yaralan\u0131b.<\/p>\n<p>Qeyd olunub\u00a0ki, yan\u011f\u0131n \u015eimali Reyn-Vestfaliya \u0259yal\u0259tinin Bedburq-Hau kommunas\u0131nda yerl\u0259\u015f\u0259n qocalar evind\u0259 s\u0259h\u0259r saat 5 rad\u0259l\u0259rind\u0259 ba\u015f verib. Yan\u011f\u0131ns\u00f6nd\u00fcr\u0259nl\u0259r g\u0259l\u0259n\u0259 q\u0259d\u0259r yan\u011f\u0131n o q\u0259d\u0259r geni\u015fl\u0259nib ki, ikim\u0259rt\u0259b\u0259li binan\u0131n b\u0259zi hiss\u0259l\u0259rin\u0259 daxil olmaq m\u00fcmk\u00fcn olmay\u0131b. Yan\u011f\u0131ns\u00f6nd\u00fcr\u0259nl\u0259r sakinl\u0259ri xilas etm\u0259k \u00fc\u00e7\u00fcn p\u0259nc\u0259r\u0259l\u0259ri s\u0131nd\u0131rmal\u0131 olublar.<\/p>\n<p>X\u0259sar\u0259t alanlar aras\u0131nda polis v\u0259 yan\u011f\u0131ns\u00f6nd\u00fcr\u0259n d\u0259 var.<\/p>\n<p>Yan\u011f\u0131n\u0131n ba\u015fverm\u0259 s\u0259b\u0259bi m\u00fc\u0259yy\u0259nl\u0259\u015fdirilir. Yan\u011f\u0131n ya\u015fay\u0131\u015f otaqlar\u0131ndan birind\u0259 ba\u015flay\u0131b v\u0259 \u0259trafa yay\u0131l\u0131b.<\/p>\n<div><iframe loading=\"lazy\" src=\"https:\/\/baku.tv\/embed\/125465\" width=\"560\" height=\"315\" frameborder=\"0\" allowfullscreen=\"allowfullscreen\" data-mce-fragment=\"1\"><\/iframe><\/div>\n<p>M\u0259nb\u0259: Tagesschau<\/p>\n","protected":false},"excerpt":{"rendered":"<p>Almaniyan\u0131n q\u0259rbind\u0259 qocalar evind\u0259 ba\u015f ver\u0259n yan\u011f\u0131n n\u0259tic\u0259sind\u0259 d\u00f6rd n\u0259f\u0259r \u00f6l\u00fcb, \u0259n az\u0131 58 n\u0259f\u0259r yaralan\u0131b. Qeyd olunub\u00a0ki, yan\u011f\u0131n \u015eimali Reyn-Vestfaliya \u0259yal\u0259tinin Bedburq-Hau kommunas\u0131nda yerl\u0259\u015f\u0259n qocalar evind\u0259 s\u0259h\u0259r saat 5 rad\u0259l\u0259rind\u0259 ba\u015f verib. Yan\u011f\u0131ns\u00f6nd\u00fcr\u0259nl\u0259r g\u0259l\u0259n\u0259 q\u0259d\u0259r yan\u011f\u0131n o q\u0259d\u0259r geni\u015fl\u0259nib ki, ikim\u0259rt\u0259b\u0259li binan\u0131n b\u0259zi hiss\u0259l\u0259rin\u0259 daxil olmaq m\u00fcmk\u00fcn olmay\u0131b. Yan\u011f\u0131ns\u00f6nd\u00fcr\u0259nl\u0259r sakinl\u0259ri xilas etm\u0259k \u00fc\u00e7\u00fcn p\u0259nc\u0259r\u0259l\u0259ri s\u0131nd\u0131rmal\u0131 olublar. X\u0259sar\u0259t alanlar aras\u0131nda polis v\u0259 yan\u011f\u0131ns\u00f6nd\u00fcr\u0259n d\u0259 var. Yan\u011f\u0131n\u0131n ba\u015fverm\u0259 s\u0259b\u0259bi m\u00fc\u0259yy\u0259nl\u0259\u015fdirilir. Yan\u011f\u0131n ya\u015fay\u0131\u015f otaqlar\u0131ndan birind\u0259 ba\u015flay\u0131b v\u0259 \u0259trafa yay\u0131l\u0131b. M\u0259nb\u0259: Tagesschau<\/p>\n","protected":false},"author":2,"featured_media":697591,"comment_status":"closed","ping_status":"closed","sticky":false,"template":"","format":"standard","meta":{"om_disable_all_campaigns":false,"_monsterinsights_skip_tracking":false,"_monsterinsights_sitenote_active":false,"_monsterinsights_sitenote_note":"","_monsterinsights_sitenote_category":0},"categories":[7],"tags":[],"aioseo_notices":[],"gutentor_comment":0,"rttpg_featured_image_url":{"full":["https:\/\/arantv.az\/wp-content\/uploads\/2024\/03\/426666405_1086940089192169_1908492533327493661_n.jpg",620,413,false],"landscape":["https:\/\/arantv.az\/wp-content\/uploads\/2024\/03\/426666405_1086940089192169_1908492533327493661_n.jpg",620,413,false],"portraits":["https:\/\/arantv.az\/wp-content\/uploads\/2024\/03\/426666405_1086940089192169_1908492533327493661_n.jpg",620,413,false],"thumbnail":["https:\/\/arantv.az\/wp-content\/uploads\/2024\/03\/426666405_1086940089192169_1908492533327493661_n-500x280.jpg",500,280,true],"medium":["https:\/\/arantv.az\/wp-content\/uploads\/2024\/03\/426666405_1086940089192169_1908492533327493661_n-548x365.jpg",548,365,true],"large":["https:\/\/arantv.az\/wp-content\/uploads\/2024\/03\/426666405_1086940089192169_1908492533327493661_n.jpg",620,413,false],"1536x1536":["https:\/\/arantv.az\/wp-content\/uploads\/2024\/03\/426666405_1086940089192169_1908492533327493661_n.jpg",620,413,false],"2048x2048":["https:\/\/arantv.az\/wp-content\/uploads\/2024\/03\/426666405_1086940089192169_1908492533327493661_n.jpg",620,413,false],"post-thumbnail":["https:\/\/arantv.az\/wp-content\/uploads\/2024\/03\/426666405_1086940089192169_1908492533327493661_n-240x172.jpg",240,172,true],"advps-thumb-one":["https:\/\/arantv.az\/wp-content\/uploads\/2024\/03\/426666405_1086940089192169_1908492533327493661_n.jpg",620,413,false]},"rttpg_author":{"display_name":"V\u00fcsal Rafiqo\u011flu","author_link":"https:\/\/arantv.az\/?author=2"},"rttpg_comment":0,"rttpg_category":"<a href=\"https:\/\/arantv.az\/?cat=7\" rel=\"category\">D\u00fcnya<\/a>","rttpg_excerpt":"Almaniyan\u0131n q\u0259rbind\u0259 qocalar evind\u0259 ba\u015f ver\u0259n yan\u011f\u0131n n\u0259tic\u0259sind\u0259 d\u00f6rd n\u0259f\u0259r \u00f6l\u00fcb, \u0259n az\u0131 58 n\u0259f\u0259r yaralan\u0131b. Qeyd olunub\u00a0ki, yan\u011f\u0131n \u015eimali Reyn-Vestfaliya \u0259yal\u0259tinin Bedburq-Hau kommunas\u0131nda yerl\u0259\u015f\u0259n qocalar evind\u0259 s\u0259h\u0259r saat 5 rad\u0259l\u0259rind\u0259 ba\u015f verib. Yan\u011f\u0131ns\u00f6nd\u00fcr\u0259nl\u0259r g\u0259l\u0259n\u0259 q\u0259d\u0259r yan\u011f\u0131n o q\u0259d\u0259r geni\u015fl\u0259nib ki, ikim\u0259rt\u0259b\u0259li binan\u0131n b\u0259zi hiss\u0259l\u0259rin\u0259 daxil olmaq m\u00fcmk\u00fcn olmay\u0131b. Yan\u011f\u0131ns\u00f6nd\u00fcr\u0259nl\u0259r sakinl\u0259ri xilas etm\u0259k \u00fc\u00e7\u00fcn p\u0259nc\u0259r\u0259l\u0259ri&hellip;","_links":{"self":[{"href":"https:\/\/arantv.az\/index.php?rest_route=\/wp\/v2\/posts\/697590"}],"collection":[{"href":"https:\/\/arantv.az\/index.php?rest_route=\/wp\/v2\/posts"}],"about":[{"href":"https:\/\/arantv.az\/index.php?rest_route=\/wp\/v2\/types\/post"}],"author":[{"embeddable":true,"href":"https:\/\/arantv.az\/index.php?rest_route=\/wp\/v2\/users\/2"}],"replies":[{"embeddable":true,"href":"https:\/\/arantv.az\/index.php?rest_route=%2Fwp%2Fv2%2Fcomments&post=697590"}],"version-history":[{"count":0,"href":"https:\/\/arantv.az\/index.php?rest_route=\/wp\/v2\/posts\/697590\/revisions"}],"wp:featuredmedia":[{"embeddable":true,"href":"https:\/\/arantv.az\/index.php?rest_route=\/wp\/v2\/media\/697591"}],"wp:attachment":[{"href":"https:\/\/arantv.az\/index.php?rest_route=%2Fwp%2Fv2%2Fmedia&parent=697590"}],"wp:term":[{"taxonomy":"category","embeddable":true,"href":"https:\/\/arantv.az\/index.php?rest_route=%2Fwp%2Fv2%2Fcategories&post=697590"},{"taxonomy":"post_tag","embeddable":true,"href":"https:\/\/arantv.az\/index.php?rest_route=%2Fwp%2Fv2%2Ftags&post=697590"}],"curies":[{"name":"wp","href":"https:\/\/api.w.org\/{rel}","templated":true}]}}