{"id":697594,"date":"2024-03-04T15:33:53","date_gmt":"2024-03-04T11:33:53","guid":{"rendered":"https:\/\/arantv.az\/?p=697594"},"modified":"2024-03-04T15:33:53","modified_gmt":"2024-03-04T11:33:53","slug":"zaxarovadan-almaniyaya-t%c9%99hdid-v%c9%99ziyy%c9%99ti-d%c9%99yism%c9%99s%c9%99l%c9%99r-n%c9%99tic%c9%99l%c9%99r-d%c9%99hs%c9%99tli-olacaq","status":"publish","type":"post","link":"https:\/\/arantv.az\/?p=697594","title":{"rendered":"Zaxarovadan Almaniyaya t\u0259hdid: \u201cV\u0259ziyy\u0259ti d\u0259yi\u015fm\u0259s\u0259l\u0259r, n\u0259tic\u0259l\u0259r d\u0259h\u015f\u0259tli olacaq\u201d"},"content":{"rendered":"<p>\u201cAlmaniyada denasifikasiya (m\u00fcharib\u0259d\u0259n sonrak\u0131 Almaniya v\u0259 Avstriya c\u0259miyy\u0259tini, m\u0259d\u0259niyy\u0259tini, m\u0259tbuat\u0131n\u0131, iqtisadiyyat\u0131n\u0131, t\u0259hsilini, h\u00fcquq v\u0259 siyas\u0259tini nasist ideologiyas\u0131n\u0131n t\u0259sirind\u0259n t\u0259mizl\u0259m\u0259y\u0259 y\u00f6n\u0259lmi\u015f t\u0259dbirl\u0259r kompleksi &#8211; red.) tamamlanmay\u0131b\u201d.<\/p>\n<p>Bu s\u00f6zl\u0259ri Rusiya Xarici \u0130\u015fl\u0259r Nazirliyinin r\u0259smi n\u00fcmay\u0259nd\u0259si Mariya Zaxarova Bundesver h\u0259rb\u00e7il\u0259rinin Kr\u0131m k\u00f6rp\u00fcs\u00fcn\u0259 m\u00fcmk\u00fcn h\u00fccumla ba\u011fl\u0131 mediaya s\u0131zd\u0131r\u0131lm\u0131\u015f s\u00f6hb\u0259tl\u0259ri il\u0259 ba\u011fl\u0131 dan\u0131\u015fark\u0259n deyib.<\/p>\n<p>Onun s\u00f6zl\u0259rin\u0259 g\u00f6r\u0259, almanlar v\u0259ziyy\u0259ti d\u0259yi\u015fm\u0259s\u0259l\u0259r, Almaniya \u00fc\u00e7\u00fcn n\u0259tic\u0259l\u0259r d\u0259h\u015f\u0259tli olacaq.<\/p>\n<p>Zaxarovan\u0131n fikrinc\u0259, Q\u0259rb planla\u015fd\u0131rd\u0131\u011f\u0131 v\u0259 b\u00f6y\u00fck \u00f6l\u00e7\u00fcd\u0259 h\u0259yata ke\u00e7irdiyi da\u011f\u0131d\u0131c\u0131 h\u0259r\u0259k\u0259tl\u0259r\u0259 g\u00f6r\u0259 cavab verm\u0259y\u0259 borcludur. O hesab edir ki, Berlin m\u0259suliyy\u0259t da\u015f\u0131mal\u0131d\u0131r.<\/p>\n<p>M\u0259nb\u0259: NEWS.ru<\/p>\n","protected":false},"excerpt":{"rendered":"<p>\u201cAlmaniyada denasifikasiya (m\u00fcharib\u0259d\u0259n sonrak\u0131 Almaniya v\u0259 Avstriya c\u0259miyy\u0259tini, m\u0259d\u0259niyy\u0259tini, m\u0259tbuat\u0131n\u0131, iqtisadiyyat\u0131n\u0131, t\u0259hsilini, h\u00fcquq v\u0259 siyas\u0259tini nasist ideologiyas\u0131n\u0131n t\u0259sirind\u0259n t\u0259mizl\u0259m\u0259y\u0259 y\u00f6n\u0259lmi\u015f t\u0259dbirl\u0259r kompleksi &#8211; red.) tamamlanmay\u0131b\u201d. Bu s\u00f6zl\u0259ri Rusiya Xarici \u0130\u015fl\u0259r Nazirliyinin r\u0259smi n\u00fcmay\u0259nd\u0259si Mariya Zaxarova Bundesver h\u0259rb\u00e7il\u0259rinin Kr\u0131m k\u00f6rp\u00fcs\u00fcn\u0259 m\u00fcmk\u00fcn h\u00fccumla ba\u011fl\u0131 mediaya s\u0131zd\u0131r\u0131lm\u0131\u015f s\u00f6hb\u0259tl\u0259ri il\u0259 ba\u011fl\u0131 dan\u0131\u015fark\u0259n deyib. Onun s\u00f6zl\u0259rin\u0259 g\u00f6r\u0259, almanlar v\u0259ziyy\u0259ti d\u0259yi\u015fm\u0259s\u0259l\u0259r, Almaniya \u00fc\u00e7\u00fcn n\u0259tic\u0259l\u0259r d\u0259h\u015f\u0259tli olacaq. Zaxarovan\u0131n fikrinc\u0259, Q\u0259rb planla\u015fd\u0131rd\u0131\u011f\u0131 v\u0259 b\u00f6y\u00fck \u00f6l\u00e7\u00fcd\u0259 h\u0259yata ke\u00e7irdiyi da\u011f\u0131d\u0131c\u0131 h\u0259r\u0259k\u0259tl\u0259r\u0259 g\u00f6r\u0259 cavab verm\u0259y\u0259 borcludur. O hesab edir ki, Berlin m\u0259suliyy\u0259t da\u015f\u0131mal\u0131d\u0131r. M\u0259nb\u0259: NEWS.ru<\/p>\n","protected":false},"author":2,"featured_media":697595,"comment_status":"closed","ping_status":"closed","sticky":false,"template":"","format":"standard","meta":{"om_disable_all_campaigns":false,"_monsterinsights_skip_tracking":false,"_monsterinsights_sitenote_active":false,"_monsterinsights_sitenote_note":"","_monsterinsights_sitenote_category":0},"categories":[7],"tags":[],"aioseo_notices":[],"gutentor_comment":0,"rttpg_featured_image_url":{"full":["https:\/\/arantv.az\/wp-content\/uploads\/2024\/03\/FotoJet-2024-03-04T140703.663.jpg",620,413,false],"landscape":["https:\/\/arantv.az\/wp-content\/uploads\/2024\/03\/FotoJet-2024-03-04T140703.663.jpg",620,413,false],"portraits":["https:\/\/arantv.az\/wp-content\/uploads\/2024\/03\/FotoJet-2024-03-04T140703.663.jpg",620,413,false],"thumbnail":["https:\/\/arantv.az\/wp-content\/uploads\/2024\/03\/FotoJet-2024-03-04T140703.663-500x280.jpg",500,280,true],"medium":["https:\/\/arantv.az\/wp-content\/uploads\/2024\/03\/FotoJet-2024-03-04T140703.663-548x365.jpg",548,365,true],"large":["https:\/\/arantv.az\/wp-content\/uploads\/2024\/03\/FotoJet-2024-03-04T140703.663.jpg",620,413,false],"1536x1536":["https:\/\/arantv.az\/wp-content\/uploads\/2024\/03\/FotoJet-2024-03-04T140703.663.jpg",620,413,false],"2048x2048":["https:\/\/arantv.az\/wp-content\/uploads\/2024\/03\/FotoJet-2024-03-04T140703.663.jpg",620,413,false],"post-thumbnail":["https:\/\/arantv.az\/wp-content\/uploads\/2024\/03\/FotoJet-2024-03-04T140703.663-240x172.jpg",240,172,true],"advps-thumb-one":["https:\/\/arantv.az\/wp-content\/uploads\/2024\/03\/FotoJet-2024-03-04T140703.663.jpg",620,413,false]},"rttpg_author":{"display_name":"V\u00fcsal Rafiqo\u011flu","author_link":"https:\/\/arantv.az\/?author=2"},"rttpg_comment":0,"rttpg_category":"<a href=\"https:\/\/arantv.az\/?cat=7\" rel=\"category\">D\u00fcnya<\/a>","rttpg_excerpt":"\u201cAlmaniyada denasifikasiya (m\u00fcharib\u0259d\u0259n sonrak\u0131 Almaniya v\u0259 Avstriya c\u0259miyy\u0259tini, m\u0259d\u0259niyy\u0259tini, m\u0259tbuat\u0131n\u0131, iqtisadiyyat\u0131n\u0131, t\u0259hsilini, h\u00fcquq v\u0259 siyas\u0259tini nasist ideologiyas\u0131n\u0131n t\u0259sirind\u0259n t\u0259mizl\u0259m\u0259y\u0259 y\u00f6n\u0259lmi\u015f t\u0259dbirl\u0259r kompleksi &#8211; red.) tamamlanmay\u0131b\u201d. Bu s\u00f6zl\u0259ri Rusiya Xarici \u0130\u015fl\u0259r Nazirliyinin r\u0259smi n\u00fcmay\u0259nd\u0259si Mariya Zaxarova Bundesver h\u0259rb\u00e7il\u0259rinin Kr\u0131m k\u00f6rp\u00fcs\u00fcn\u0259 m\u00fcmk\u00fcn h\u00fccumla ba\u011fl\u0131 mediaya s\u0131zd\u0131r\u0131lm\u0131\u015f s\u00f6hb\u0259tl\u0259ri il\u0259 ba\u011fl\u0131 dan\u0131\u015fark\u0259n deyib. Onun s\u00f6zl\u0259rin\u0259 g\u00f6r\u0259, almanlar v\u0259ziyy\u0259ti d\u0259yi\u015fm\u0259s\u0259l\u0259r,&hellip;","_links":{"self":[{"href":"https:\/\/arantv.az\/index.php?rest_route=\/wp\/v2\/posts\/697594"}],"collection":[{"href":"https:\/\/arantv.az\/index.php?rest_route=\/wp\/v2\/posts"}],"about":[{"href":"https:\/\/arantv.az\/index.php?rest_route=\/wp\/v2\/types\/post"}],"author":[{"embeddable":true,"href":"https:\/\/arantv.az\/index.php?rest_route=\/wp\/v2\/users\/2"}],"replies":[{"embeddable":true,"href":"https:\/\/arantv.az\/index.php?rest_route=%2Fwp%2Fv2%2Fcomments&post=697594"}],"version-history":[{"count":0,"href":"https:\/\/arantv.az\/index.php?rest_route=\/wp\/v2\/posts\/697594\/revisions"}],"wp:featuredmedia":[{"embeddable":true,"href":"https:\/\/arantv.az\/index.php?rest_route=\/wp\/v2\/media\/697595"}],"wp:attachment":[{"href":"https:\/\/arantv.az\/index.php?rest_route=%2Fwp%2Fv2%2Fmedia&parent=697594"}],"wp:term":[{"taxonomy":"category","embeddable":true,"href":"https:\/\/arantv.az\/index.php?rest_route=%2Fwp%2Fv2%2Fcategories&post=697594"},{"taxonomy":"post_tag","embeddable":true,"href":"https:\/\/arantv.az\/index.php?rest_route=%2Fwp%2Fv2%2Ftags&post=697594"}],"curies":[{"name":"wp","href":"https:\/\/api.w.org\/{rel}","templated":true}]}}