{"id":697598,"date":"2024-03-04T15:34:32","date_gmt":"2024-03-04T11:34:32","guid":{"rendered":"https:\/\/arantv.az\/?p=697598"},"modified":"2024-03-04T15:34:32","modified_gmt":"2024-03-04T11:34:32","slug":"qvatemala-prezidenti-ilham-%c9%99liyevi-t%c9%99brik-etdi","status":"publish","type":"post","link":"https:\/\/arantv.az\/?p=697598","title":{"rendered":"Qvatemala prezidenti \u0130lham \u018fliyevi t\u0259brik etdi"},"content":{"rendered":"<p>Qvatemala Respublikas\u0131n\u0131n Prezidenti Bernardo Arevalo Az\u0259rbaycan Respublikas\u0131n\u0131n Prezidenti\u00a0<strong>\u0130lham \u018fliyevi<\/strong>\u00a0t\u0259brik edib.<\/p>\n<p><a href=\"https:\/\/president.az\/az\/articles\/view\/65070\" target=\"_blank\" rel=\"noopener\"><strong>President.az<\/strong><\/a>\u00a0x\u0259b\u0259r verir ki, t\u0259brik m\u0259ktubunda deyilir:<\/p>\n<p>\u201cYenid\u0259n Az\u0259rbaycan Respublikas\u0131n\u0131n Prezidenti se\u00e7ilm\u0259yiniz m\u00fcnasib\u0259til\u0259 Qvatemala xalq\u0131, H\u00f6kum\u0259ti ad\u0131ndan v\u0259 \u015f\u0259xs\u0259n \u00f6z ad\u0131mdan Siz\u0259 \u0259n s\u0259mimi t\u0259brikl\u0259rimizi \u00e7atd\u0131rmaqdan m\u0259mnunluq duyuram. \u018fminik ki, yeni prezidentlik m\u00fcdd\u0259tind\u0259 f\u0259aliyy\u0259tiniz m\u00f6vcud \u0259n\u0259n\u0259vi dostluq, h\u0259mr\u0259ylik v\u0259 \u0259m\u0259kda\u015fl\u0131q m\u00fcnasib\u0259tl\u0259rini m\u00f6hk\u0259ml\u0259ndirm\u0259y\u0259 imkan yaradacaqd\u0131r.<\/p>\n<p>Qvatemala il\u0259 Az\u0259rbaycan aras\u0131nda 1994-c\u00fc il noyabr\u0131n 1-d\u0259 qurulmu\u015f diplomatik m\u00fcnasib\u0259tl\u0259r \u0259m\u0259kda\u015fl\u0131\u011f\u0131m\u0131z\u0131 d\u0259rinl\u0259\u015fdir\u0259n t\u0259\u015f\u0259bb\u00fcsl\u0259rin ir\u0259li s\u00fcr\u00fclm\u0259si kimi \u00fcmumi maraqlar\u0131 m\u00fc\u0259yy\u0259nl\u0259\u015fdirm\u0259k f\u00fcrs\u0259tini yaratm\u0131\u015fd\u0131r. Bu, Sizin r\u0259hb\u0259rliyinizl\u0259 qar\u015f\u0131l\u0131ql\u0131 fayda namin\u0259 yeni layih\u0259l\u0259rin t\u0259\u015fviqi kimi m\u00fcxt\u0259lif sah\u0259l\u0259r \u00fczr\u0259 ikit\u0259r\u0259fli, regional v\u0259 \u00e7oxt\u0259r\u0259fli g\u00fcnd\u0259likd\u0259 olan m\u0259s\u0259l\u0259l\u0259rin h\u0259yata ke\u00e7irilm\u0259sin\u0259 imkan ver\u0259c\u0259kdir.<\/p>\n<p>F\u00fcrs\u0259td\u0259n istifad\u0259 ed\u0259r\u0259k, ali d\u00f6vl\u0259ti f\u0259aliyy\u0259tinizd\u0259 Siz\u0259 b\u00f6y\u00fck u\u011furlar arzu edir v\u0259 d\u0259rin ehtiram\u0131m\u0131 bildirir\u0259m\u201d.<\/p>\n","protected":false},"excerpt":{"rendered":"<p>Qvatemala Respublikas\u0131n\u0131n Prezidenti Bernardo Arevalo Az\u0259rbaycan Respublikas\u0131n\u0131n Prezidenti\u00a0\u0130lham \u018fliyevi\u00a0t\u0259brik edib. President.az\u00a0x\u0259b\u0259r verir ki, t\u0259brik m\u0259ktubunda deyilir: \u201cYenid\u0259n Az\u0259rbaycan Respublikas\u0131n\u0131n Prezidenti se\u00e7ilm\u0259yiniz m\u00fcnasib\u0259til\u0259 Qvatemala xalq\u0131, H\u00f6kum\u0259ti ad\u0131ndan v\u0259 \u015f\u0259xs\u0259n \u00f6z ad\u0131mdan Siz\u0259 \u0259n s\u0259mimi t\u0259brikl\u0259rimizi \u00e7atd\u0131rmaqdan m\u0259mnunluq duyuram. \u018fminik ki, yeni prezidentlik m\u00fcdd\u0259tind\u0259 f\u0259aliyy\u0259tiniz m\u00f6vcud \u0259n\u0259n\u0259vi dostluq, h\u0259mr\u0259ylik v\u0259 \u0259m\u0259kda\u015fl\u0131q m\u00fcnasib\u0259tl\u0259rini m\u00f6hk\u0259ml\u0259ndirm\u0259y\u0259 imkan yaradacaqd\u0131r. Qvatemala il\u0259 Az\u0259rbaycan aras\u0131nda 1994-c\u00fc il noyabr\u0131n 1-d\u0259 qurulmu\u015f diplomatik m\u00fcnasib\u0259tl\u0259r \u0259m\u0259kda\u015fl\u0131\u011f\u0131m\u0131z\u0131 d\u0259rinl\u0259\u015fdir\u0259n t\u0259\u015f\u0259bb\u00fcsl\u0259rin ir\u0259li s\u00fcr\u00fclm\u0259si kimi \u00fcmumi maraqlar\u0131 m\u00fc\u0259yy\u0259nl\u0259\u015fdirm\u0259k f\u00fcrs\u0259tini yaratm\u0131\u015fd\u0131r. Bu, Sizin r\u0259hb\u0259rliyinizl\u0259 qar\u015f\u0131l\u0131ql\u0131 fayda namin\u0259 yeni layih\u0259l\u0259rin t\u0259\u015fviqi kimi m\u00fcxt\u0259lif sah\u0259l\u0259r \u00fczr\u0259 ikit\u0259r\u0259fli, regional&hellip;<\/p>\n","protected":false},"author":2,"featured_media":697599,"comment_status":"closed","ping_status":"closed","sticky":false,"template":"","format":"standard","meta":{"om_disable_all_campaigns":false,"_monsterinsights_skip_tracking":false,"_monsterinsights_sitenote_active":false,"_monsterinsights_sitenote_note":"","_monsterinsights_sitenote_category":0},"categories":[4],"tags":[],"aioseo_notices":[],"gutentor_comment":0,"rttpg_featured_image_url":{"full":["https:\/\/arantv.az\/wp-content\/uploads\/2024\/03\/16584722392788628721_1000x669.jpg",620,413,false],"landscape":["https:\/\/arantv.az\/wp-content\/uploads\/2024\/03\/16584722392788628721_1000x669.jpg",620,413,false],"portraits":["https:\/\/arantv.az\/wp-content\/uploads\/2024\/03\/16584722392788628721_1000x669.jpg",620,413,false],"thumbnail":["https:\/\/arantv.az\/wp-content\/uploads\/2024\/03\/16584722392788628721_1000x669-500x280.jpg",500,280,true],"medium":["https:\/\/arantv.az\/wp-content\/uploads\/2024\/03\/16584722392788628721_1000x669-548x365.jpg",548,365,true],"large":["https:\/\/arantv.az\/wp-content\/uploads\/2024\/03\/16584722392788628721_1000x669.jpg",620,413,false],"1536x1536":["https:\/\/arantv.az\/wp-content\/uploads\/2024\/03\/16584722392788628721_1000x669.jpg",620,413,false],"2048x2048":["https:\/\/arantv.az\/wp-content\/uploads\/2024\/03\/16584722392788628721_1000x669.jpg",620,413,false],"post-thumbnail":["https:\/\/arantv.az\/wp-content\/uploads\/2024\/03\/16584722392788628721_1000x669-240x172.jpg",240,172,true],"advps-thumb-one":["https:\/\/arantv.az\/wp-content\/uploads\/2024\/03\/16584722392788628721_1000x669.jpg",620,413,false]},"rttpg_author":{"display_name":"V\u00fcsal Rafiqo\u011flu","author_link":"https:\/\/arantv.az\/?author=2"},"rttpg_comment":0,"rttpg_category":"<a href=\"https:\/\/arantv.az\/?cat=4\" rel=\"category\">Siyas\u0259t<\/a>","rttpg_excerpt":"Qvatemala Respublikas\u0131n\u0131n Prezidenti Bernardo Arevalo Az\u0259rbaycan Respublikas\u0131n\u0131n Prezidenti\u00a0\u0130lham \u018fliyevi\u00a0t\u0259brik edib. President.az\u00a0x\u0259b\u0259r verir ki, t\u0259brik m\u0259ktubunda deyilir: \u201cYenid\u0259n Az\u0259rbaycan Respublikas\u0131n\u0131n Prezidenti se\u00e7ilm\u0259yiniz m\u00fcnasib\u0259til\u0259 Qvatemala xalq\u0131, H\u00f6kum\u0259ti ad\u0131ndan v\u0259 \u015f\u0259xs\u0259n \u00f6z ad\u0131mdan Siz\u0259 \u0259n s\u0259mimi t\u0259brikl\u0259rimizi \u00e7atd\u0131rmaqdan m\u0259mnunluq duyuram. \u018fminik ki, yeni prezidentlik m\u00fcdd\u0259tind\u0259 f\u0259aliyy\u0259tiniz m\u00f6vcud \u0259n\u0259n\u0259vi dostluq, h\u0259mr\u0259ylik v\u0259 \u0259m\u0259kda\u015fl\u0131q m\u00fcnasib\u0259tl\u0259rini m\u00f6hk\u0259ml\u0259ndirm\u0259y\u0259 imkan yaradacaqd\u0131r. Qvatemala il\u0259&hellip;","_links":{"self":[{"href":"https:\/\/arantv.az\/index.php?rest_route=\/wp\/v2\/posts\/697598"}],"collection":[{"href":"https:\/\/arantv.az\/index.php?rest_route=\/wp\/v2\/posts"}],"about":[{"href":"https:\/\/arantv.az\/index.php?rest_route=\/wp\/v2\/types\/post"}],"author":[{"embeddable":true,"href":"https:\/\/arantv.az\/index.php?rest_route=\/wp\/v2\/users\/2"}],"replies":[{"embeddable":true,"href":"https:\/\/arantv.az\/index.php?rest_route=%2Fwp%2Fv2%2Fcomments&post=697598"}],"version-history":[{"count":0,"href":"https:\/\/arantv.az\/index.php?rest_route=\/wp\/v2\/posts\/697598\/revisions"}],"wp:featuredmedia":[{"embeddable":true,"href":"https:\/\/arantv.az\/index.php?rest_route=\/wp\/v2\/media\/697599"}],"wp:attachment":[{"href":"https:\/\/arantv.az\/index.php?rest_route=%2Fwp%2Fv2%2Fmedia&parent=697598"}],"wp:term":[{"taxonomy":"category","embeddable":true,"href":"https:\/\/arantv.az\/index.php?rest_route=%2Fwp%2Fv2%2Fcategories&post=697598"},{"taxonomy":"post_tag","embeddable":true,"href":"https:\/\/arantv.az\/index.php?rest_route=%2Fwp%2Fv2%2Ftags&post=697598"}],"curies":[{"name":"wp","href":"https:\/\/api.w.org\/{rel}","templated":true}]}}