{"id":698260,"date":"2024-03-06T07:33:13","date_gmt":"2024-03-06T03:33:13","guid":{"rendered":"https:\/\/arantv.az\/?p=698260"},"modified":"2024-03-06T07:33:13","modified_gmt":"2024-03-06T03:33:13","slug":"m%c9%99h%c9%99mm%c9%99d-%c9%99min-r%c9%99sulzad%c9%99nin-v%c9%99fatinin-ildonumudur","status":"publish","type":"post","link":"https:\/\/arantv.az\/?p=698260","title":{"rendered":"M\u0259h\u0259mm\u0259d \u018fmin R\u0259sulzad\u0259nin v\u0259fat\u0131n\u0131n ild\u00f6n\u00fcm\u00fcd\u00fcr"},"content":{"rendered":"<p><strong>Bu g\u00fcn \u015e\u0259rqd\u0259 ilk demokratik respublikan\u0131n &#8211; Az\u0259rbaycan Xalq C\u00fcmhuriyy\u0259tinin qurucular\u0131ndan olan M\u0259h\u0259mm\u0259d \u018fmin R\u0259sulzad\u0259nin an\u0131m g\u00fcn\u00fcd\u00fcr.<\/strong><\/p>\n<p><b>ARANTV.AZ <\/b>xat\u0131rlad\u0131r ki, M.\u018f.R\u0259sulzad\u0259 1884-c\u00fc il yanvar\u0131n 31-d\u0259 Bak\u0131n\u0131n Novxan\u0131 k\u0259ndind\u0259 anadan olub.<\/p>\n<p>G\u0259nc ya\u015flar\u0131nda sosial demokratlarla birg\u0259 \u201cH\u00fcmm\u0259t\u201d t\u0259\u015fkilat\u0131n\u0131n yaranmas\u0131nda i\u015ftirak edib. \u00c7arizmin t\u0259qibl\u0259rin\u0259 m\u0259ruz qalaraq 1909-cu ild\u0259 \u0130rana m\u00fchacir\u0259t ed\u0259n R\u0259sulzad\u0259 bir m\u00fcdd\u0259t burada \u201c\u0130rane-nou\u201d q\u0259zetinin ba\u015f redaktoru kimi \u00e7al\u0131\u015f\u0131b, m\u0259\u015frut\u0259 inqilab\u0131 yat\u0131r\u0131ld\u0131qdan sonra T\u00fcrkiy\u0259y\u0259 m\u00fchacir\u0259t edib.<\/p>\n<p>O, 1911-ci ild\u0259 M\u00fcsavat Partiyas\u0131na \u00fczv q\u0259bul edilib v\u0259 d\u00f6rd il sonra M\u00fcsavat Partiyas\u0131 M\u0259rk\u0259zi Komit\u0259sinin s\u0259dri se\u00e7ilib. 1918-ci ild\u0259 F\u0259t\u0259li Xan Xoyski il\u0259 birg\u0259 \u015e\u0259rqd\u0259 ilk respublikan\u0131n yarad\u0131lmas\u0131n\u0131 r\u0259smi \u015f\u0259kild\u0259 elan edib.<\/p>\n<p>1920-ci il aprelin 28-d\u0259 bol\u015fevik i\u015f\u011fal\u0131ndan sonra h\u0259bs edilib. Az sonra Stalinin g\u00f6st\u0259ri\u015fi il\u0259 h\u0259bsd\u0259n azad edil\u0259r\u0259k Moskvaya apar\u0131l\u0131b. O, Stalinin t\u0259kidl\u0259rin\u0259 baxmayaraq, Sovet hakimiyy\u0259ti il\u0259 \u0259m\u0259kda\u015fl\u0131qdan imtina ed\u0259r\u0259k SSR\u0130-ni t\u0259rk edib.<\/p>\n<p>M. \u018f. R\u0259sulzad\u0259 1955-ci il mart\u0131n 6-da Ankarada d\u00fcnyas\u0131n\u0131 d\u0259yi\u015fib v\u0259 \u018fsri m\u0259zarl\u0131\u011f\u0131nda d\u0259fn edilib.<\/p>\n<p>Qeyd ed\u0259k ki, 1992-ci il dekabr\u0131n 24-d\u0259 Az\u0259rbaycan Prezidenti \u018fb\u00fclf\u0259z El\u00e7ib\u0259y \u201cG\u00f6rk\u0259mli ictimai-siyasi xadim M\u0259h\u0259mm\u0259d \u018fmin R\u0259sulzad\u0259nin totalitar sovet rejimi d\u00f6vr\u00fcnd\u0259 repressiyaya m\u0259ruz qalm\u0131\u015f ail\u0259 \u00fczvl\u0259rinin Az\u0259rbaycana qaytar\u0131lmas\u0131 v\u0259 onlar\u0131n sosial-m\u0259i\u015f\u0259t m\u0259s\u0259l\u0259l\u0259rinin h\u0259lli haqq\u0131nda\u201d s\u0259r\u0259ncam imzalay\u0131b.<\/p>\n<p>29 dekabr 1993-c\u00fc ild\u0259 Az\u0259rbaycan Prezidenti Heyd\u0259r \u018fliyev \u201cAz\u0259rbaycan\u0131n g\u00f6rk\u0259mli ictimai-siyasi xadimi M\u0259h\u0259mm\u0259d \u018fmin R\u0259sulzad\u0259nin anadan olmas\u0131n\u0131n 110 illik yubileyinin ke\u00e7irilm\u0259si haqq\u0131nda\u201d s\u0259r\u0259ncam imzalay\u0131b.<\/p>\n<p>22 noyabr 2013-c\u00fc ild\u0259 is\u0259 Az\u0259rbaycan Prezidenti\u00a0<strong>\u0130lham \u018fliyev<\/strong>\u00a0M\u0259h\u0259mm\u0259d \u018fmin R\u0259sulzad\u0259nin 130 illik yubileyinin ke\u00e7irilm\u0259si haqq\u0131nda s\u0259r\u0259ncam verib. S\u0259r\u0259ncama \u0259sas\u0259n, respublikada v\u0259 respublikadan k\u0259narda silsil\u0259 yubiley t\u0259dbirl\u0259ri ke\u00e7irilib.<\/p>\n","protected":false},"excerpt":{"rendered":"<p>Bu g\u00fcn \u015e\u0259rqd\u0259 ilk demokratik respublikan\u0131n &#8211; Az\u0259rbaycan Xalq C\u00fcmhuriyy\u0259tinin qurucular\u0131ndan olan M\u0259h\u0259mm\u0259d \u018fmin R\u0259sulzad\u0259nin an\u0131m g\u00fcn\u00fcd\u00fcr. ARANTV.AZ xat\u0131rlad\u0131r ki, M.\u018f.R\u0259sulzad\u0259 1884-c\u00fc il yanvar\u0131n 31-d\u0259 Bak\u0131n\u0131n Novxan\u0131 k\u0259ndind\u0259 anadan olub. G\u0259nc ya\u015flar\u0131nda sosial demokratlarla birg\u0259 \u201cH\u00fcmm\u0259t\u201d t\u0259\u015fkilat\u0131n\u0131n yaranmas\u0131nda i\u015ftirak edib. \u00c7arizmin t\u0259qibl\u0259rin\u0259 m\u0259ruz qalaraq 1909-cu ild\u0259 \u0130rana m\u00fchacir\u0259t ed\u0259n R\u0259sulzad\u0259 bir m\u00fcdd\u0259t burada \u201c\u0130rane-nou\u201d q\u0259zetinin ba\u015f redaktoru kimi \u00e7al\u0131\u015f\u0131b, m\u0259\u015frut\u0259 inqilab\u0131 yat\u0131r\u0131ld\u0131qdan sonra T\u00fcrkiy\u0259y\u0259 m\u00fchacir\u0259t edib. O, 1911-ci ild\u0259 M\u00fcsavat Partiyas\u0131na \u00fczv q\u0259bul edilib v\u0259 d\u00f6rd il sonra M\u00fcsavat Partiyas\u0131 M\u0259rk\u0259zi Komit\u0259sinin s\u0259dri se\u00e7ilib. 1918-ci ild\u0259 F\u0259t\u0259li Xan Xoyski il\u0259&hellip;<\/p>\n","protected":false},"author":2,"featured_media":698261,"comment_status":"closed","ping_status":"closed","sticky":false,"template":"","format":"standard","meta":{"om_disable_all_campaigns":false,"_monsterinsights_skip_tracking":false,"_monsterinsights_sitenote_active":false,"_monsterinsights_sitenote_note":"","_monsterinsights_sitenote_category":0},"categories":[19],"tags":[],"aioseo_notices":[],"gutentor_comment":0,"rttpg_featured_image_url":{"full":["https:\/\/arantv.az\/wp-content\/uploads\/2024\/03\/resulzade.jpg",967,601,false],"landscape":["https:\/\/arantv.az\/wp-content\/uploads\/2024\/03\/resulzade.jpg",967,601,false],"portraits":["https:\/\/arantv.az\/wp-content\/uploads\/2024\/03\/resulzade.jpg",967,601,false],"thumbnail":["https:\/\/arantv.az\/wp-content\/uploads\/2024\/03\/resulzade-500x280.jpg",500,280,true],"medium":["https:\/\/arantv.az\/wp-content\/uploads\/2024\/03\/resulzade-587x365.jpg",587,365,true],"large":["https:\/\/arantv.az\/wp-content\/uploads\/2024\/03\/resulzade-840x522.jpg",640,398,true],"1536x1536":["https:\/\/arantv.az\/wp-content\/uploads\/2024\/03\/resulzade.jpg",967,601,false],"2048x2048":["https:\/\/arantv.az\/wp-content\/uploads\/2024\/03\/resulzade.jpg",967,601,false],"post-thumbnail":["https:\/\/arantv.az\/wp-content\/uploads\/2024\/03\/resulzade-240x172.jpg",240,172,true],"advps-thumb-one":["https:\/\/arantv.az\/wp-content\/uploads\/2024\/03\/resulzade.jpg",967,601,false]},"rttpg_author":{"display_name":"V\u00fcsal Rafiqo\u011flu","author_link":"https:\/\/arantv.az\/?author=2"},"rttpg_comment":0,"rttpg_category":"<a href=\"https:\/\/arantv.az\/?cat=19\" rel=\"category\">G\u00fcnd\u0259m<\/a>","rttpg_excerpt":"Bu g\u00fcn \u015e\u0259rqd\u0259 ilk demokratik respublikan\u0131n &#8211; Az\u0259rbaycan Xalq C\u00fcmhuriyy\u0259tinin qurucular\u0131ndan olan M\u0259h\u0259mm\u0259d \u018fmin R\u0259sulzad\u0259nin an\u0131m g\u00fcn\u00fcd\u00fcr. ARANTV.AZ xat\u0131rlad\u0131r ki, M.\u018f.R\u0259sulzad\u0259 1884-c\u00fc il yanvar\u0131n 31-d\u0259 Bak\u0131n\u0131n Novxan\u0131 k\u0259ndind\u0259 anadan olub. G\u0259nc ya\u015flar\u0131nda sosial demokratlarla birg\u0259 \u201cH\u00fcmm\u0259t\u201d t\u0259\u015fkilat\u0131n\u0131n yaranmas\u0131nda i\u015ftirak edib. \u00c7arizmin t\u0259qibl\u0259rin\u0259 m\u0259ruz qalaraq 1909-cu ild\u0259 \u0130rana m\u00fchacir\u0259t ed\u0259n R\u0259sulzad\u0259 bir m\u00fcdd\u0259t burada \u201c\u0130rane-nou\u201d q\u0259zetinin&hellip;","_links":{"self":[{"href":"https:\/\/arantv.az\/index.php?rest_route=\/wp\/v2\/posts\/698260"}],"collection":[{"href":"https:\/\/arantv.az\/index.php?rest_route=\/wp\/v2\/posts"}],"about":[{"href":"https:\/\/arantv.az\/index.php?rest_route=\/wp\/v2\/types\/post"}],"author":[{"embeddable":true,"href":"https:\/\/arantv.az\/index.php?rest_route=\/wp\/v2\/users\/2"}],"replies":[{"embeddable":true,"href":"https:\/\/arantv.az\/index.php?rest_route=%2Fwp%2Fv2%2Fcomments&post=698260"}],"version-history":[{"count":0,"href":"https:\/\/arantv.az\/index.php?rest_route=\/wp\/v2\/posts\/698260\/revisions"}],"wp:featuredmedia":[{"embeddable":true,"href":"https:\/\/arantv.az\/index.php?rest_route=\/wp\/v2\/media\/698261"}],"wp:attachment":[{"href":"https:\/\/arantv.az\/index.php?rest_route=%2Fwp%2Fv2%2Fmedia&parent=698260"}],"wp:term":[{"taxonomy":"category","embeddable":true,"href":"https:\/\/arantv.az\/index.php?rest_route=%2Fwp%2Fv2%2Fcategories&post=698260"},{"taxonomy":"post_tag","embeddable":true,"href":"https:\/\/arantv.az\/index.php?rest_route=%2Fwp%2Fv2%2Ftags&post=698260"}],"curies":[{"name":"wp","href":"https:\/\/api.w.org\/{rel}","templated":true}]}}