{"id":698263,"date":"2024-03-06T07:34:07","date_gmt":"2024-03-06T03:34:07","guid":{"rendered":"https:\/\/arantv.az\/?p=698263"},"modified":"2024-03-06T07:34:07","modified_gmt":"2024-03-06T03:34:07","slug":"guclu-qadin-qudr%c9%99tli-dovl%c9%99t-v%c9%99-ugurlu-g%c9%99l%c9%99c%c9%99k","status":"publish","type":"post","link":"https:\/\/arantv.az\/?p=698263","title":{"rendered":"G\u00fccl\u00fc qad\u0131n \u2013 q\u00fcdr\u0259tli d\u00f6vl\u0259t v\u0259 u\u011furlu g\u0259l\u0259c\u0259k"},"content":{"rendered":"<p><em><strong>\u0130rad\u0259 v\u0259 m\u0259rdliyi, safl\u0131\u011f\u0131 v\u0259 s\u0259daq\u0259ti, z\u0259ka v\u0259 m\u00fcdrikliyi il\u0259 se\u00e7il\u0259n Az\u0259rbaycan qad\u0131n\u0131 tarix boyu c\u0259miyy\u0259timizin milli-m\u0259n\u0259vi d\u0259y\u0259rl\u0259r sisteminin formala\u015faraq inki\u015faf etm\u0259sind\u0259, el\u0259c\u0259 d\u0259 \u00fcmumi t\u0259r\u0259qqisind\u0259 m\u00fcst\u0259sna rol oynay\u0131b v\u0259 oynamaqdad\u0131r<\/strong><\/em><\/p>\n<p>8 Mart &#8211; iqtisadi, ictimai v\u0259 siyasi b\u0259rab\u0259rlik u\u011frunda m\u00fcbariz\u0259d\u0259 qad\u0131nlar\u0131n beyn\u0259lxalq h\u0259mr\u0259ylik g\u00fcn\u00fcd\u00fcr. Bu g\u00fcn\u00fcn bayram kimi qeyd edilm\u0259si Klara Setkinin t\u0259klifi il\u0259 1910-cu ild\u0259 sosialist qad\u0131nlar\u0131n 2-ci Beyn\u0259lxalq konfrans\u0131nda (Kopenhagen) q\u0259rara al\u0131n\u0131b. Qad\u0131nlar g\u00fcn\u00fc ilk d\u0259f\u0259 1911-ci ild\u0259 Almaniya, Avstriya, \u0130sve\u00e7r\u0259 v\u0259 Danimarkada ke\u00e7irilib. Rusiyada 1913-c\u00fc ild\u0259, Az\u0259rbaycanda is\u0259 1917-ci ild\u0259 qeyd edilib. 1914-c\u00fc il\u0259d\u0259k Beyn\u0259lxalq Qad\u0131nlar G\u00fcn\u00fc m\u00fcxt\u0259lif g\u00fcnl\u0259rd\u0259 ke\u00e7irilirdi. Beyn\u0259lxalq Qad\u0131nlar G\u00fcn\u00fcn\u00fcn mart\u0131n 8-d\u0259 ke\u00e7irilm\u0259si Avstriya, Macar\u0131stan, Rusiya, AB\u015e v\u0259 dig\u0259r \u00f6lk\u0259l\u0259rin qad\u0131nlar\u0131n\u0131n \u00f6z h\u0259mr\u0259ylik g\u00fcn\u00fcn\u00fc m\u0259hz bu tarixd\u0259 qeyd etm\u0259sind\u0259n sonra \u0259n\u0259n\u0259 hal\u0131n\u0131 ald\u0131. H\u0259min vaxtdan b\u00fct\u00fcn \u00f6lk\u0259l\u0259rd\u0259 qad\u0131nlar 8 Mart\u0131 s\u00fclh u\u011frunda m\u00fcbariz\u0259d\u0259 h\u0259mr\u0259ylik g\u00fcn\u00fc kimi d\u0259 qeyd edirl\u0259r.<\/p>\n<p>M\u00fcasir d\u00fcnyam\u0131zda ist\u0259nil\u0259n c\u0259miyy\u0259tin s\u00fcr\u0259tli inki\u015faf\u0131n\u0131n t\u0259min edilm\u0259sinin k\u00f6k\u00fcnd\u0259 duran \u0259sas m\u0259qamlardan biri t\u0259k g\u00fccl\u00fc yox, h\u0259m d\u0259 z\u0259rif cinsin n\u00fcmay\u0259nd\u0259l\u0259rinin ictimai f\u0259all\u0131q d\u0259r\u0259c\u0259sind\u0259n v\u0259 bunun \u00fc\u00e7\u00fcn yarad\u0131lan\u00a0\u015f\u0259raitd\u0259n bilavasit\u0259 as\u0131l\u0131d\u0131r. \u00c7\u00fcnki, t\u0259r\u0259qqisind\u0259 qad\u0131nlar\u0131n da rol oynad\u0131qlar\u0131 c\u0259miyy\u0259tin inki\u015faf d\u0259r\u0259c\u0259si daha sivilizasiyal\u0131, modern, s\u00fcr\u0259tli xarakter\u0259 malikdir. Tarix\u0259 n\u0259z\u0259r salsaq g\u00f6r\u0259rik ki, d\u00fcnyada qad\u0131na se\u00e7ki h\u00fcququnu ver\u0259n ilk d\u00f6vl\u0259t 1893-c\u00fc ild\u0259 Yeni Zelandiya olub. Avropada qad\u0131nlar\u0131n s\u0259sverm\u0259 h\u00fcququnu tan\u0131yan \u00f6lk\u0259rin s\u0131ras\u0131nda ba\u015fda Norve\u00e7, Finlandiya v\u0259 \u0130slandiya kimi \u00f6lk\u0259l\u0259r g\u0259lir. M\u0259lumat \u00fc\u00e7\u00fcn xat\u0131rladaq ki, haz\u0131rda h\u0259l\u0259 d\u0259\u00a0 b\u0259zi \u00f6lk\u0259l\u0259rd\u0259 qad\u0131nlar ya qism\u0259n, ya da tamamil\u0259 se\u00e7ki h\u00fcququndan m\u0259hrum edilmi\u015f durumdad\u0131rlar.<\/p>\n<p>Az\u0259rbaycan Xalq C\u00fcmhuriyy\u0259ti 1918-ci ild\u0259 q\u0259bul etdiyi \u0130stiqlal B\u0259yannam\u0259si il\u0259 b\u0259rab\u0259rh\u00fcquqluluq prinsipinin, se\u00e7m\u0259k v\u0259 se\u00e7ilm\u0259k h\u00fcququnun t\u0259sbiti il\u0259 yana\u015f\u0131, h\u0259m d\u0259 \u015e\u0259rqd\u0259 ilk d\u0259f\u0259 qad\u0131na s\u0259sverm\u0259 imkan\u0131 vermi\u015f oldu. M\u00fcqayis\u0259 \u00fc\u00e7\u00fcn xat\u0131rlatmaq yerin\u0259 d\u00fc\u015f\u0259rdi ki, AB\u015e-da qad\u0131nlara ilk d\u0259f\u0259 1920-ci ild\u0259 se\u00e7m\u0259k h\u00fcququ verilib. \u0130ndi Avropan\u0131n qabaqc\u0131l \u00f6lk\u0259l\u0259rind\u0259n say\u0131lan Fransada qad\u0131nlar\u0131n s\u0259sverm\u0259 h\u00fcququ yaln\u0131z 1944-c\u00fc ild\u0259, \u0130sve\u00e7r\u0259d\u0259 is\u0259 1971-ci ild\u0259 q\u0259bul edilib&#8230; Az\u0259rbaycan Xalq C\u00fcmhuriyy\u0259ti d\u00f6n\u0259mind\u0259 bu m\u00fct\u0259r\u0259qqi add\u0131m\u0131n at\u0131lmas\u0131 h\u0259min d\u00f6vrd\u0259 \u015e\u0259rqin ilk m\u00fcst\u0259qil respublikas\u0131n\u0131n h\u00fcquqi d\u00f6vl\u0259t quruculu\u011fu yolunda \u0259zml\u0259 ir\u0259lil\u0259diyinin, h\u0259m d\u0259 \u00f6lk\u0259d\u0259 gender b\u0259rab\u0259rliyinin t\u0259min olunmas\u0131n\u0131n parlaq g\u00f6st\u0259ricisi idi.<\/p>\n<p>M\u00fcst\u0259qil Az\u0259rbaycan\u0131n yeni tarixind\u0259 \u00dcmummilli Lider Heyd\u0259r \u018fliyev f\u0259aliyy\u0259tind\u0259 qad\u0131n h\u00fcquqlar\u0131n\u0131n t\u0259minat\u0131, onlar\u0131n \u00fczl\u0259\u015fdiyi probleml\u0259rin h\u0259llind\u0259 daim prinsipial m\u00f6vqe n\u00fcmayi\u015f etdirib, ictimaiyy\u0259tin d\u0259 bu istiqam\u0259td\u0259 s\u0259f\u0259rb\u0259r olunmas\u0131 m\u0259qs\u0259dil\u0259 \u0259m\u0259li add\u0131mlar at\u0131b. H\u0259l\u0259 sovetl\u0259r d\u00f6n\u0259mind\u0259 qad\u0131n m\u0259s\u0259l\u0259l\u0259rinin h\u0259lli v\u0259 qad\u0131n inki\u015faf\u0131 haqq\u0131nda m\u00f6vcud olan konsepsiyada diqq\u0259td\u0259n k\u0259narda qalan amill\u0259r, milli v\u0259 \u0259n\u0259n\u0259vi x\u00fcsusiyy\u0259tl\u0259r ulu \u00f6nd\u0259rin \u00f6lk\u0259miz\u0259 r\u0259hb\u0259rlik etdiyi birinci d\u00f6vrd\u0259 n\u0259z\u0259r\u0259 al\u0131n\u0131r, real h\u0259yatda t\u0259tbiq olunurdu. C\u0259miyy\u0259td\u0259 qad\u0131nlar\u0131n roluna y\u00fcks\u0259k qiym\u0259t ver\u0259n Ulu \u00d6nd\u0259r Heyd\u0259r \u018fliyev bildirdi: &#8220;C\u0259miyy\u0259td\u0259 qad\u0131nlar\u0131n \u00fcz\u0259rin\u0259 daim \u00e7ox b\u00f6y\u00fck v\u0259zif\u0259l\u0259r d\u00fc\u015f\u00fcr, onlar\u0131n i\u015fi h\u0259mi\u015f\u0259 a\u011f\u0131rd\u0131r. Ancaq onlar bu v\u0259zif\u0259l\u0259ri \u015f\u0259r\u0259fl\u0259 yerin\u0259 yetirir v\u0259 h\u0259mi\u015f\u0259 oldu\u011fu kimi, indi d\u0259 c\u0259miyy\u0259td\u0259 apar\u0131c\u0131 rol oynay\u0131rlar&#8221;.<\/p>\n<p>Ulu \u00d6nd\u0259rin m\u00fc\u0259llifi oldu\u011fu m\u00fcst\u0259qil Az\u0259rbaycan\u0131n 1995-ci ild\u0259 q\u0259bul olunmu\u015f ilk Konstitusiyas\u0131 qad\u0131nlar\u0131n ki\u015fil\u0259rl\u0259 b\u0259rab\u0259r h\u00fcququnu t\u0259sdiq etdi v\u0259 demokratik d\u00f6vl\u0259t quruculu\u011fu prosesind\u0259 onlar\u0131n f\u0259al i\u015ftirak\u0131n\u0131n ali h\u00fcquqi z\u0259minini yaratd\u0131. Az\u0259rbaycan\u0131n sosial, siyasi v\u0259 m\u0259n\u0259vi inki\u015faf\u0131nda rolu artan qad\u0131nlar d\u00f6vl\u0259t strukturlar\u0131nda, parlamentd\u0259, siyasi v\u0259 ictimai t\u0259\u015fkilatlarda geni\u015f t\u0259msil olunma\u011fa ba\u015flad\u0131lar. \u00d6lk\u0259d\u0259 u\u011furla h\u0259yata ke\u00e7iril\u0259n gender b\u0259rab\u0259rliyi siyas\u0259tinin h\u00fcquqi bazas\u0131n\u0131n formala\u015fmas\u0131n\u0131n davam\u0131 olaraq Heyd\u0259r \u018fliyevin 14 yanvar 1998-ci il \u00a0tarixli &#8220;Az\u0259rbaycanda qad\u0131nlar\u0131n rolunun art\u0131r\u0131lmas\u0131na dair t\u0259dbirl\u0259r haqq\u0131nda&#8221; S\u0259r\u0259ncam\u0131, daha sonra &#8220;Az\u0259rbaycan Respublikas\u0131 Qad\u0131n Probleml\u0259ri \u00fczr\u0259 D\u00f6vl\u0259t Komit\u0259sinin yarad\u0131lmas\u0131 haqq\u0131nda&#8221;, &#8220;Az\u0259rbaycan Respublikas\u0131nda d\u00f6vl\u0259t qad\u0131n siyas\u0259tinin h\u0259yata ke\u00e7irilm\u0259si haqq\u0131nda&#8221; f\u0259rmanlar\u0131 qad\u0131nlar\u0131n ictimai-siyasi h\u0259yatda i\u015ftirak v\u0259 imkanlar\u0131n\u0131n geni\u015fl\u0259ndirilm\u0259si sah\u0259sind\u0259 d\u00f6vl\u0259t strategiyas\u0131n\u0131n \u0259saslar\u0131n\u0131n yarad\u0131lmas\u0131nda m\u00fch\u00fcm rol oynad\u0131. 2000-ci ild\u0259 Az\u0259rbaycan Respublikas\u0131n\u0131n Qad\u0131n Probleml\u0259ri \u00fczr\u0259 Milli F\u0259aliyy\u0259t Plan\u0131n\u0131n (2000-2005-ci ill\u0259r) t\u0259sdiq edilm\u0259si z\u0259rif cinsin t\u0259msil\u00e7il\u0259rin\u0259 y\u00fcks\u0259k d\u00f6vl\u0259t qay\u011f\u0131s\u0131n\u0131n daha bir t\u0259zah\u00fcr\u00fc oldu.<\/p>\n<p>Yeni y\u00fczillikd\u0259 d\u0259 s\u00fcr\u0259tl\u0259 qloballa\u015fan m\u00fcasir d\u00fcnyaya inteqrasiya olunan demokratik Az\u0259rbaycan d\u00f6vl\u0259tind\u0259 qad\u0131n siyas\u0259ti yen\u0259 prioritet istiqam\u0259tl\u0259r s\u0131ras\u0131ndad\u0131r. Ulu \u00d6nd\u0259rin layiqli davam\u00e7\u0131s\u0131 Prezident \u0130lham \u018fliyev qad\u0131nlar\u0131n c\u0259miyy\u0259tin h\u0259yat\u0131nda daha f\u0259al i\u015ftirak\u0131na y\u00f6n\u0259l\u0259n siyas\u0259ti u\u011furla aparmaqda, buna xidm\u0259t ed\u0259n h\u00fcquqi bazan\u0131 zaman\u0131n t\u0259l\u0259bl\u0259rin\u0259 uy\u011fun olaraq daha da z\u0259nginl\u0259\u015fdirm\u0259kd\u0259dir. Bu kontekstd\u0259 \u00f6lk\u0259 Prezidentinin t\u0259\u015f\u0259bb\u00fcs\u00fc il\u0259 2006-c\u0131 ild\u0259 &#8220;Gender (ki\u015fi v\u0259 qad\u0131nlar\u0131n) b\u0259rab\u0259rliyinin t\u0259minatlar\u0131 haqq\u0131nda&#8221; q\u0259bul edil\u0259n Qanunu, el\u0259 h\u0259min il d\u00f6vl\u0259t ba\u015f\u00e7\u0131s\u0131n\u0131n m\u00fcvafiq S\u0259r\u0259ncam\u0131 il\u0259 Qad\u0131n Probleml\u0259ri \u00fczr\u0259 D\u00f6vl\u0259t Komit\u0259sinin Ail\u0259, Qad\u0131n v\u0259 U\u015faq Probleml\u0259ri \u00fczr\u0259 D\u00f6vl\u0259t Komit\u0259si kimi yenid\u0259n formala\u015fd\u0131r\u0131lmas\u0131 v\u0259 dig\u0259r hallar\u0131 qeyd etm\u0259k m\u00fcmk\u00fcnd\u00fcr. H\u0259r il Beyn\u0259lxalq Qad\u0131nlar G\u00fcn\u00fc m\u00fcnasib\u0259til\u0259 Prezident \u0130lham \u018fliyevin Az\u0259rbaycan xan\u0131mlar\u0131na \u00fcnvanlad\u0131\u011f\u0131 t\u0259brikd\u0259 qad\u0131nlar\u0131n c\u0259miyy\u0259td\u0259 oynad\u0131qlar\u0131 rola y\u00fcks\u0259k qiym\u0259t verilir, onlar\u0131n f\u0259aliyy\u0259ti t\u0259qdir olunur: &#8220;Xalq\u0131m\u0131z\u0131n milli varl\u0131\u011f\u0131n\u0131 m\u00fc\u0259yy\u0259n ed\u0259n m\u0259d\u0259ni-m\u0259n\u0259vi d\u0259y\u0259rl\u0259rimizin, ana dilimizin, ad\u0259t-\u0259n\u0259n\u0259l\u0259rimizin qorunub saxlanmas\u0131 v\u0259 bu g\u00fcnl\u0259r\u0259d\u0259k layiqinc\u0259 ya\u015fad\u0131lmas\u0131nda Az\u0259rbaycan qad\u0131n\u0131 misilsiz xidm\u0259tl\u0259r g\u00f6st\u0259rmi\u015fdir. O, m\u00fcst\u0259qil d\u00f6vl\u0259t\u00e7iliyimiz\u0259 v\u0259 az\u0259rbaycan\u00e7\u0131l\u0131q m\u0259fkur\u0259sin\u0259 s\u0259daq\u0259t, m\u00fcq\u0259dd\u0259s v\u0259t\u0259nimizin suverenliyi v\u0259 \u0259razi b\u00fct\u00f6vl\u00fcy\u00fcn\u00fcn toxunulmazl\u0131\u011f\u0131 namin\u0259 g\u0259ncl\u0259rimizin do\u011fma yurda sonsuz m\u0259h\u0259bb\u0259t ruhunda formala\u015fmalar\u0131 yolunda var q\u00fcvv\u0259sini s\u0259rf edir&#8221;.<\/p>\n<p>Az\u0259rbaycan Respublikas\u0131n\u0131n Birinci vitse-prezidenti, Heyd\u0259r \u018fliyev Fondunun prezidenti Mehriban xan\u0131m \u018fliyeva h\u0259rt\u0259r\u0259fli f\u0259aliyy\u0259ti il\u0259 h\u0259m \u00f6lk\u0259d\u0259, h\u0259m d\u0259 beyn\u0259lxalq al\u0259md\u0259 Az\u0259rbaycan qad\u0131n\u0131n n\u00fcfuzunu daha da y\u00fcks\u0259kl\u0259r\u0259 qald\u0131r\u0131r. Mehriban xan\u0131m \u018fliyevan\u0131n h\u0259rt\u0259r\u0259fli parlaq f\u0259aliyy\u0259ti, xeyirxahl\u0131q missiyas\u0131, m\u0259d\u0259niyy\u0259timizin b\u00fct\u00fcn d\u00fcnyada t\u0259bli\u011fi sah\u0259sind\u0259 g\u00f6rd\u00fcy\u00fc i\u015fl\u0259r \u0259sl \u00f6rn\u0259kdir. \u00d6lk\u0259nin \u201cYum\u015faq g\u00fcc\u201d siyas\u0259tinin t\u0259c\u0259ss\u00fcm\u00fc olan Mehriban xan\u0131m \u018fliyevan\u0131n humanitar layih\u0259l\u0259ri \u00f6lk\u0259miz\u0259 yeni dostlar qazand\u0131r\u0131r. Mehriban xan\u0131m \u018fliyevan\u0131n xeyriyy\u0259\u00e7ilik t\u0259dbirl\u0259ri bir s\u0131ra \u00f6lk\u0259l\u0259ri, qit\u0259l\u0259ri \u0259hat\u0259 edir, prezidenti oldu\u011fu Heyd\u0259r \u018fliyev Fondu uzun ill\u0259rdir ki, Az\u0259rbaycan\u0131n humanitar v\u0259 m\u0259d\u0259ni diplomatiyas\u0131n\u0131n s\u0259lahiyy\u0259tli n\u00fcmay\u0259nd\u0259sin\u0259 \u00e7evrilib v\u0259 bu f\u0259aliyy\u0259t h\u0259r \u015feyd\u0259n \u0259vv\u0259l d\u00fcnyada Az\u0259rbaycan\u0131n t\u0259qdimat\u0131 v\u0259 t\u0259bli\u011fidir. \u00d6lk\u0259nin Birinci vitse-prezidentinin r\u0259hb\u0259rliyi il\u0259 milli maraqlar\u0131m\u0131za xidm\u0259t ed\u0259n v\u0259 \u0259n\u0259n\u0259l\u0259rimizi ya\u015fadan \u00e7oxlu sayda b\u00f6y\u00fck layih\u0259l\u0259rin u\u011furla icra olunmas\u0131 Az\u0259rbaycan qad\u0131n\u0131n\u0131n m\u0259rh\u0259m\u0259t v\u0259 xeyirxahl\u0131\u011f\u0131n\u0131n, z\u0259ngin m\u0259n\u0259vi-intellektual v\u0259 y\u00fcks\u0259k \u0259xlaqi d\u0259y\u0259rl\u0259r\u0259 malik oldu\u011funun bariz n\u00fcmun\u0259sidir.<\/p>\n<p>Art\u0131q d\u00f6rd\u00fcnc\u00fc ildir ki, Az\u0259rbaycan qad\u0131n\u0131 beyn\u0259lxalq qad\u0131nlar bayram\u0131n\u0131 daha q\u00fcrurlu qeyd edir. \u00c7\u00fcnki onun V\u0259t\u0259n \u00fc\u00e7\u00fcn sa\u011flam ruhda b\u00f6y\u00fcd\u00fcb boya-ba\u015fa \u00e7atd\u0131rd\u0131\u011f\u0131 \u00f6vladlar\u0131 30 illik d\u00fc\u015fm\u0259n i\u015f\u011fal\u0131na son qoydu. 44 g\u00fcnl\u00fck V\u0259t\u0259n m\u00fcharib\u0259sind\u0259 torpaqlar\u0131m\u0131z i\u015f\u011faldan azad edildi. Bu g\u00fcn biz \u015f\u0259hidl\u0259rimiz\u0259, qazil\u0259rimiz\u0259 n\u0259 q\u0259d\u0259r borcluyuqsa, bir o q\u0259d\u0259r d\u0259 onlar\u0131 \u0259sl q\u0259hr\u0259man kimi b\u00f6y\u00fcd\u0259n analara borcluyuq. Az\u0259rbaycan qad\u0131n\u0131 m\u0259rdlik v\u0259 m\u0259tan\u0259t n\u00fcmayi\u015f etdir\u0259r\u0259k, dualarla c\u0259bh\u0259y\u0259 g\u00f6nd\u0259rib q\u0259l\u0259b\u0259 x\u0259b\u0259ri il\u0259 yolunu g\u00f6zl\u0259dikl\u0259ri v\u0259 yurdumuzun h\u0259r qar\u0131\u015f\u0131n\u0131 can\u0131ndan \u0259ziz bil\u0259n bir n\u0259sil yeti\u015fdirmi\u015fdir. D\u00f6vl\u0259t\u00e7iliyimiz\u0259 \u0259n b\u00f6y\u00fck t\u00f6hf\u0259 d\u0259, he\u00e7 \u015f\u00fcbh\u0259siz, q\u0131rx d\u00f6rd g\u00fcnl\u00fck m\u00fcq\u0259dd\u0259s V\u0259t\u0259n m\u00fcharib\u0259sind\u0259ki q\u0259hr\u0259manl\u0131\u011f\u0131 v\u0259 \u015f\u00fcca\u0259ti \u0259sla yadda\u015flardan silinm\u0259y\u0259c\u0259k bu g\u0259nc n\u0259sildir. G\u00f6z\u00fcn\u00fc a\u00e7\u0131b Az\u0259rbaycan\u0131 azad v\u0259 m\u00fcst\u0259qil g\u00f6rm\u00fc\u015f h\u0259min r\u0259\u015fad\u0259tli n\u0259sildir ki, \u00fcmidl\u0259ri do\u011fruldaraq \u0259dal\u0259tin b\u0259rpa edilm\u0259sind\u0259, uzun h\u0259sr\u0259td\u0259n sonra Qaraba\u011f\u0131n Ana V\u0259t\u0259n\u0259 qovu\u015fmas\u0131nda v\u0259 m\u0259\u011frur xalq\u0131m\u0131za h\u00fcdudsuz Z\u0259f\u0259r sevincinin ya\u015fad\u0131lmas\u0131nda m\u00fcst\u0259sna pay\u0131 vard\u0131r.<\/p>\n","protected":false},"excerpt":{"rendered":"<p>\u0130rad\u0259 v\u0259 m\u0259rdliyi, safl\u0131\u011f\u0131 v\u0259 s\u0259daq\u0259ti, z\u0259ka v\u0259 m\u00fcdrikliyi il\u0259 se\u00e7il\u0259n Az\u0259rbaycan qad\u0131n\u0131 tarix boyu c\u0259miyy\u0259timizin milli-m\u0259n\u0259vi d\u0259y\u0259rl\u0259r sisteminin formala\u015faraq inki\u015faf etm\u0259sind\u0259, el\u0259c\u0259 d\u0259 \u00fcmumi t\u0259r\u0259qqisind\u0259 m\u00fcst\u0259sna rol oynay\u0131b v\u0259 oynamaqdad\u0131r 8 Mart &#8211; iqtisadi, ictimai v\u0259 siyasi b\u0259rab\u0259rlik u\u011frunda m\u00fcbariz\u0259d\u0259 qad\u0131nlar\u0131n beyn\u0259lxalq h\u0259mr\u0259ylik g\u00fcn\u00fcd\u00fcr. Bu g\u00fcn\u00fcn bayram kimi qeyd edilm\u0259si Klara Setkinin t\u0259klifi il\u0259 1910-cu ild\u0259 sosialist qad\u0131nlar\u0131n 2-ci Beyn\u0259lxalq konfrans\u0131nda (Kopenhagen) q\u0259rara al\u0131n\u0131b. Qad\u0131nlar g\u00fcn\u00fc ilk d\u0259f\u0259 1911-ci ild\u0259 Almaniya, Avstriya, \u0130sve\u00e7r\u0259 v\u0259 Danimarkada ke\u00e7irilib. Rusiyada 1913-c\u00fc ild\u0259, Az\u0259rbaycanda is\u0259 1917-ci ild\u0259 qeyd edilib. 1914-c\u00fc il\u0259d\u0259k Beyn\u0259lxalq Qad\u0131nlar&hellip;<\/p>\n","protected":false},"author":2,"featured_media":698264,"comment_status":"closed","ping_status":"closed","sticky":false,"template":"","format":"standard","meta":{"om_disable_all_campaigns":false,"_monsterinsights_skip_tracking":false,"_monsterinsights_sitenote_active":false,"_monsterinsights_sitenote_note":"","_monsterinsights_sitenote_category":0},"categories":[1],"tags":[],"aioseo_notices":[],"gutentor_comment":0,"rttpg_featured_image_url":{"full":["https:\/\/arantv.az\/wp-content\/uploads\/2024\/03\/68a15b52170966132148502978810826406.jpg",975,540,false],"landscape":["https:\/\/arantv.az\/wp-content\/uploads\/2024\/03\/68a15b52170966132148502978810826406.jpg",975,540,false],"portraits":["https:\/\/arantv.az\/wp-content\/uploads\/2024\/03\/68a15b52170966132148502978810826406.jpg",975,540,false],"thumbnail":["https:\/\/arantv.az\/wp-content\/uploads\/2024\/03\/68a15b52170966132148502978810826406-500x280.jpg",500,280,true],"medium":["https:\/\/arantv.az\/wp-content\/uploads\/2024\/03\/68a15b52170966132148502978810826406-660x365.jpg",660,365,true],"large":["https:\/\/arantv.az\/wp-content\/uploads\/2024\/03\/68a15b52170966132148502978810826406-840x465.jpg",640,354,true],"1536x1536":["https:\/\/arantv.az\/wp-content\/uploads\/2024\/03\/68a15b52170966132148502978810826406.jpg",975,540,false],"2048x2048":["https:\/\/arantv.az\/wp-content\/uploads\/2024\/03\/68a15b52170966132148502978810826406.jpg",975,540,false],"post-thumbnail":["https:\/\/arantv.az\/wp-content\/uploads\/2024\/03\/68a15b52170966132148502978810826406-240x172.jpg",240,172,true],"advps-thumb-one":["https:\/\/arantv.az\/wp-content\/uploads\/2024\/03\/68a15b52170966132148502978810826406.jpg",975,540,false]},"rttpg_author":{"display_name":"V\u00fcsal Rafiqo\u011flu","author_link":"https:\/\/arantv.az\/?author=2"},"rttpg_comment":0,"rttpg_category":"<a href=\"https:\/\/arantv.az\/?cat=1\" rel=\"category\">C\u0259miyy\u0259t<\/a>","rttpg_excerpt":"\u0130rad\u0259 v\u0259 m\u0259rdliyi, safl\u0131\u011f\u0131 v\u0259 s\u0259daq\u0259ti, z\u0259ka v\u0259 m\u00fcdrikliyi il\u0259 se\u00e7il\u0259n Az\u0259rbaycan qad\u0131n\u0131 tarix boyu c\u0259miyy\u0259timizin milli-m\u0259n\u0259vi d\u0259y\u0259rl\u0259r sisteminin formala\u015faraq inki\u015faf etm\u0259sind\u0259, el\u0259c\u0259 d\u0259 \u00fcmumi t\u0259r\u0259qqisind\u0259 m\u00fcst\u0259sna rol oynay\u0131b v\u0259 oynamaqdad\u0131r 8 Mart &#8211; iqtisadi, ictimai v\u0259 siyasi b\u0259rab\u0259rlik u\u011frunda m\u00fcbariz\u0259d\u0259 qad\u0131nlar\u0131n beyn\u0259lxalq h\u0259mr\u0259ylik g\u00fcn\u00fcd\u00fcr. Bu g\u00fcn\u00fcn bayram kimi qeyd edilm\u0259si Klara Setkinin t\u0259klifi il\u0259&hellip;","_links":{"self":[{"href":"https:\/\/arantv.az\/index.php?rest_route=\/wp\/v2\/posts\/698263"}],"collection":[{"href":"https:\/\/arantv.az\/index.php?rest_route=\/wp\/v2\/posts"}],"about":[{"href":"https:\/\/arantv.az\/index.php?rest_route=\/wp\/v2\/types\/post"}],"author":[{"embeddable":true,"href":"https:\/\/arantv.az\/index.php?rest_route=\/wp\/v2\/users\/2"}],"replies":[{"embeddable":true,"href":"https:\/\/arantv.az\/index.php?rest_route=%2Fwp%2Fv2%2Fcomments&post=698263"}],"version-history":[{"count":0,"href":"https:\/\/arantv.az\/index.php?rest_route=\/wp\/v2\/posts\/698263\/revisions"}],"wp:featuredmedia":[{"embeddable":true,"href":"https:\/\/arantv.az\/index.php?rest_route=\/wp\/v2\/media\/698264"}],"wp:attachment":[{"href":"https:\/\/arantv.az\/index.php?rest_route=%2Fwp%2Fv2%2Fmedia&parent=698263"}],"wp:term":[{"taxonomy":"category","embeddable":true,"href":"https:\/\/arantv.az\/index.php?rest_route=%2Fwp%2Fv2%2Fcategories&post=698263"},{"taxonomy":"post_tag","embeddable":true,"href":"https:\/\/arantv.az\/index.php?rest_route=%2Fwp%2Fv2%2Ftags&post=698263"}],"curies":[{"name":"wp","href":"https:\/\/api.w.org\/{rel}","templated":true}]}}