{"id":698504,"date":"2024-03-06T14:19:12","date_gmt":"2024-03-06T10:19:12","guid":{"rendered":"https:\/\/arantv.az\/?p=698504"},"modified":"2024-03-06T14:19:12","modified_gmt":"2024-03-06T10:19:12","slug":"saakasvili-gurcustandaki-siyasi-prosesl%c9%99rd%c9%99-istirak-ed%c9%99-bilm%c9%99y%c9%99c%c9%99k","status":"publish","type":"post","link":"https:\/\/arantv.az\/?p=698504","title":{"rendered":"Saaka\u015fvili G\u00fcrc\u00fcstandak\u0131 siyasi prosesl\u0259rd\u0259 i\u015ftirak ed\u0259 bilm\u0259y\u0259c\u0259k"},"content":{"rendered":"<p>\u201cG\u00fcrc\u00fcstan\u0131n m\u0259hkum olunmu\u015f eks-prezidenti Mixail Saaka\u015fvilinin Ukrayna v\u0259t\u0259nda\u015f\u0131 oldu\u011fu \u00fc\u00e7\u00fcn \u00f6lk\u0259d\u0259ki siyasi prosesl\u0259rd\u0259 i\u015ftirak etm\u0259k h\u00fcququ yoxdur\u201d.<\/p>\n<p>Bu s\u00f6zl\u0259ri G\u00fcrc\u00fcstan\u0131n \u0259dliyy\u0259 naziri Rati Breqadze deyib.<\/p>\n<p>\u201cO, G\u00fcrc\u00fcstan\u0131n yox, Ukraynan\u0131n v\u0259t\u0259nda\u015f\u0131d\u0131r. Buna g\u00f6r\u0259 d\u0259 G\u00fcrc\u00fcstandak\u0131 siyasi prosesl\u0259rd\u0259 i\u015ftirak ed\u0259 bilm\u0259y\u0259c\u0259k. Y\u0259ni o, g\u00fcrc\u00fc siyas\u0259t\u00e7isi deyil\u201d, &#8211; dey\u0259 \u0259dliyy\u0259 naziri vur\u011fulay\u0131b.<\/p>\n<p>M\u0259nb\u0259: Sputnik G\u00fcrc\u00fcstan<\/p>\n","protected":false},"excerpt":{"rendered":"<p>\u201cG\u00fcrc\u00fcstan\u0131n m\u0259hkum olunmu\u015f eks-prezidenti Mixail Saaka\u015fvilinin Ukrayna v\u0259t\u0259nda\u015f\u0131 oldu\u011fu \u00fc\u00e7\u00fcn \u00f6lk\u0259d\u0259ki siyasi prosesl\u0259rd\u0259 i\u015ftirak etm\u0259k h\u00fcququ yoxdur\u201d. Bu s\u00f6zl\u0259ri G\u00fcrc\u00fcstan\u0131n \u0259dliyy\u0259 naziri Rati Breqadze deyib. \u201cO, G\u00fcrc\u00fcstan\u0131n yox, Ukraynan\u0131n v\u0259t\u0259nda\u015f\u0131d\u0131r. Buna g\u00f6r\u0259 d\u0259 G\u00fcrc\u00fcstandak\u0131 siyasi prosesl\u0259rd\u0259 i\u015ftirak ed\u0259 bilm\u0259y\u0259c\u0259k. Y\u0259ni o, g\u00fcrc\u00fc siyas\u0259t\u00e7isi deyil\u201d, &#8211; dey\u0259 \u0259dliyy\u0259 naziri vur\u011fulay\u0131b. M\u0259nb\u0259: Sputnik G\u00fcrc\u00fcstan<\/p>\n","protected":false},"author":2,"featured_media":698505,"comment_status":"closed","ping_status":"closed","sticky":false,"template":"","format":"standard","meta":{"om_disable_all_campaigns":false,"_monsterinsights_skip_tracking":false,"_monsterinsights_sitenote_active":false,"_monsterinsights_sitenote_note":"","_monsterinsights_sitenote_category":0},"categories":[7],"tags":[],"aioseo_notices":[],"gutentor_comment":0,"rttpg_featured_image_url":{"full":["https:\/\/arantv.az\/wp-content\/uploads\/2024\/03\/FotoJet-2023-10-03T110339.397.jpg",620,413,false],"landscape":["https:\/\/arantv.az\/wp-content\/uploads\/2024\/03\/FotoJet-2023-10-03T110339.397.jpg",620,413,false],"portraits":["https:\/\/arantv.az\/wp-content\/uploads\/2024\/03\/FotoJet-2023-10-03T110339.397.jpg",620,413,false],"thumbnail":["https:\/\/arantv.az\/wp-content\/uploads\/2024\/03\/FotoJet-2023-10-03T110339.397-500x280.jpg",500,280,true],"medium":["https:\/\/arantv.az\/wp-content\/uploads\/2024\/03\/FotoJet-2023-10-03T110339.397-548x365.jpg",548,365,true],"large":["https:\/\/arantv.az\/wp-content\/uploads\/2024\/03\/FotoJet-2023-10-03T110339.397.jpg",620,413,false],"1536x1536":["https:\/\/arantv.az\/wp-content\/uploads\/2024\/03\/FotoJet-2023-10-03T110339.397.jpg",620,413,false],"2048x2048":["https:\/\/arantv.az\/wp-content\/uploads\/2024\/03\/FotoJet-2023-10-03T110339.397.jpg",620,413,false],"post-thumbnail":["https:\/\/arantv.az\/wp-content\/uploads\/2024\/03\/FotoJet-2023-10-03T110339.397-240x172.jpg",240,172,true],"advps-thumb-one":["https:\/\/arantv.az\/wp-content\/uploads\/2024\/03\/FotoJet-2023-10-03T110339.397.jpg",620,413,false]},"rttpg_author":{"display_name":"V\u00fcsal Rafiqo\u011flu","author_link":"https:\/\/arantv.az\/?author=2"},"rttpg_comment":0,"rttpg_category":"<a href=\"https:\/\/arantv.az\/?cat=7\" rel=\"category\">D\u00fcnya<\/a>","rttpg_excerpt":"\u201cG\u00fcrc\u00fcstan\u0131n m\u0259hkum olunmu\u015f eks-prezidenti Mixail Saaka\u015fvilinin Ukrayna v\u0259t\u0259nda\u015f\u0131 oldu\u011fu \u00fc\u00e7\u00fcn \u00f6lk\u0259d\u0259ki siyasi prosesl\u0259rd\u0259 i\u015ftirak etm\u0259k h\u00fcququ yoxdur\u201d. Bu s\u00f6zl\u0259ri G\u00fcrc\u00fcstan\u0131n \u0259dliyy\u0259 naziri Rati Breqadze deyib. \u201cO, G\u00fcrc\u00fcstan\u0131n yox, Ukraynan\u0131n v\u0259t\u0259nda\u015f\u0131d\u0131r. Buna g\u00f6r\u0259 d\u0259 G\u00fcrc\u00fcstandak\u0131 siyasi prosesl\u0259rd\u0259 i\u015ftirak ed\u0259 bilm\u0259y\u0259c\u0259k. Y\u0259ni o, g\u00fcrc\u00fc siyas\u0259t\u00e7isi deyil\u201d, &#8211; dey\u0259 \u0259dliyy\u0259 naziri vur\u011fulay\u0131b. M\u0259nb\u0259: Sputnik G\u00fcrc\u00fcstan","_links":{"self":[{"href":"https:\/\/arantv.az\/index.php?rest_route=\/wp\/v2\/posts\/698504"}],"collection":[{"href":"https:\/\/arantv.az\/index.php?rest_route=\/wp\/v2\/posts"}],"about":[{"href":"https:\/\/arantv.az\/index.php?rest_route=\/wp\/v2\/types\/post"}],"author":[{"embeddable":true,"href":"https:\/\/arantv.az\/index.php?rest_route=\/wp\/v2\/users\/2"}],"replies":[{"embeddable":true,"href":"https:\/\/arantv.az\/index.php?rest_route=%2Fwp%2Fv2%2Fcomments&post=698504"}],"version-history":[{"count":0,"href":"https:\/\/arantv.az\/index.php?rest_route=\/wp\/v2\/posts\/698504\/revisions"}],"wp:featuredmedia":[{"embeddable":true,"href":"https:\/\/arantv.az\/index.php?rest_route=\/wp\/v2\/media\/698505"}],"wp:attachment":[{"href":"https:\/\/arantv.az\/index.php?rest_route=%2Fwp%2Fv2%2Fmedia&parent=698504"}],"wp:term":[{"taxonomy":"category","embeddable":true,"href":"https:\/\/arantv.az\/index.php?rest_route=%2Fwp%2Fv2%2Fcategories&post=698504"},{"taxonomy":"post_tag","embeddable":true,"href":"https:\/\/arantv.az\/index.php?rest_route=%2Fwp%2Fv2%2Ftags&post=698504"}],"curies":[{"name":"wp","href":"https:\/\/api.w.org\/{rel}","templated":true}]}}