{"id":698521,"date":"2024-03-06T15:13:49","date_gmt":"2024-03-06T11:13:49","guid":{"rendered":"https:\/\/arantv.az\/?p=698521"},"modified":"2024-03-06T15:13:49","modified_gmt":"2024-03-06T11:13:49","slug":"mudafi%c9%99-naziri-turkiy%c9%99li-h%c9%99mkari-il%c9%99-gorusub-yenil%c9%99nib-foto","status":"publish","type":"post","link":"https:\/\/arantv.az\/?p=698521","title":{"rendered":"M\u00fcdafi\u0259 naziri t\u00fcrkiy\u0259li h\u0259mkar\u0131 il\u0259 g\u00f6r\u00fc\u015f\u00fcb &#8211; YEN\u0130L\u018fN\u0130B + FOTO"},"content":{"rendered":"<p>Ankarada r\u0259smi s\u0259f\u0259rd\u0259 olan Az\u0259rbaycan Respublikas\u0131n\u0131n m\u00fcdafi\u0259 naziri general-polkovnik Zakir H\u0259s\u0259nov T\u00fcrkiy\u0259 Respublikas\u0131n\u0131n milli m\u00fcdafi\u0259 naziri c\u0259nab Ya\u015far G\u00fcl\u0259r il\u0259 g\u00f6r\u00fc\u015f\u00fcb.<\/p>\n<p>Bu bar\u0259d\u0259 M\u00fcdafi\u0259 Nazirliyind\u0259n m\u0259lumat verilib.<\/p>\n<p>Bildirilib ki, g\u00f6r\u00fc\u015fd\u0259n \u0259vv\u0259l general-polkovnik Zakir H\u0259s\u0259novun r\u0259hb\u0259rlik etdiyi n\u00fcmay\u0259nd\u0259 hey\u0259ti Ankarada Heyd\u0259r \u018fliyev Park\u0131n\u0131 v\u0259 T\u00fcrkiy\u0259 Respublikas\u0131n\u0131n banisi Mustafa Kamal Atat\u00fcrk\u00fcn mavzoleyini &#8211; An\u0131tq\u0259bri ziyar\u0259t edib. Az\u0259rbaycan n\u00fcmay\u0259nd\u0259 hey\u0259ti \u00dcmummilli Lider Heyd\u0259r \u018fliyevin parkdak\u0131 abid\u0259si v\u0259 Mustafa Kamal Atat\u00fcrk\u00fcn m\u0259zar\u0131 \u00f6n\u00fcn\u0259 \u0259klil qoyub, Ulu \u00d6nd\u0259rl\u0259rin xatir\u0259l\u0259rin\u0259 ehtiram n\u00fcmayi\u015f etdirib.<\/p>\n<p>Sonra T\u00fcrkiy\u0259 Respublikas\u0131n\u0131n Milli M\u00fcdafi\u0259 Nazirliyind\u0259 t\u0259nt\u0259n\u0259li qar\u015f\u0131lama m\u0259rasimi olub, m\u00fcdafi\u0259 nazirl\u0259ri f\u0259xri qarovulun \u00f6n\u00fcnd\u0259n ke\u00e7ib, h\u0259r iki \u00f6lk\u0259nin d\u00f6vl\u0259t himnl\u0259ri s\u0259sl\u0259ndirilib.<\/p>\n<p>General-polkovnik Z.H\u0259s\u0259nov protokola uy\u011fun olaraq \u015f\u0259r\u0259f kitab\u0131n\u0131 imzalay\u0131b.<\/p>\n<p>N\u00fcmay\u0259nd\u0259 hey\u0259tl\u0259rinin i\u015ftirak\u0131 il\u0259 ke\u00e7iril\u0259n g\u00f6r\u00fc\u015fd\u0259 qonaqlar\u0131 salamlayan qarda\u015f \u00f6lk\u0259nin milli m\u00fcdafi\u0259 naziri onlar\u0131 T\u00fcrkiy\u0259d\u0259 g\u00f6rm\u0259kd\u0259n m\u0259mnunlu\u011funu bildirib. C\u0259nab Y.G\u00fcl\u0259r \u00f6lk\u0259l\u0259rimiz aras\u0131nda qar\u015f\u0131l\u0131ql\u0131 inam, etimad v\u0259 d\u0259st\u0259y\u0259 \u0259saslanan \u0259m\u0259kda\u015fl\u0131\u011f\u0131n bundan sonra da u\u011furla inki\u015faf etdiril\u0259c\u0259yin\u0259 \u0259minliyini ifad\u0259 edib.<\/p>\n<p>M\u00fcdafi\u0259 naziri t\u00fcrkiy\u0259li h\u0259mkar\u0131na g\u00f6st\u0259ril\u0259n qonaqp\u0259rv\u0259rliy\u0259 g\u00f6r\u0259 minn\u0259tdarl\u0131\u011f\u0131n\u0131 bildirib. General-polkovnik Z.H\u0259s\u0259nov Az\u0259rbaycan v\u0259 T\u00fcrkiy\u0259 d\u00f6vl\u0259t ba\u015f\u00e7\u0131lar\u0131n\u0131n s\u0259mimi m\u00fcnasib\u0259tl\u0259rinin dig\u0259r sah\u0259l\u0259r\u0259 oldu\u011fu kimi, h\u0259rbi \u0259m\u0259kda\u015fl\u0131q sah\u0259sin\u0259 d\u0259 m\u00fcsb\u0259t t\u0259sir etdiyini vur\u011fulay\u0131b.<\/p>\n<p>Az\u0259rbaycan Respublikas\u0131n\u0131n T\u00fcrkiy\u0259 Respublikas\u0131ndak\u0131 s\u0259firi c\u0259nab R\u0259\u015fad M\u0259mm\u0259dovun da i\u015ftirak etdiyi g\u00f6r\u00fc\u015fd\u0259 h\u0259rbi, h\u0259rbi-texniki, h\u0259rbi-t\u0259hsil v\u0259 dig\u0259r sah\u0259l\u0259rd\u0259 \u0259m\u0259kda\u015fl\u0131\u011f\u0131n inki\u015faf perspektivl\u0259ri, regional t\u0259hl\u00fck\u0259sizlik v\u0259 qar\u015f\u0131l\u0131ql\u0131 maraq do\u011furan dig\u0259r m\u0259s\u0259l\u0259l\u0259r m\u00fczakir\u0259 edilib.<\/p>\n<p>&nbsp;<\/p>\n<div class=\"gallery\">\n<div class=\"gallery-i\"><img src=\"https:\/\/cdn.oxu.az\/uploads\/W1siZiIsIjIwMjQvMDMvMDYvMTQvMzMvMzkvZGY1ZWJlYjAtYjI3Ni00YTU1LTg5OWUtZjIwYzY4NjlhZmJlLzZmNDYzNDdmN2I0ZmEwZjhkMjUwNWIzNzViY2MwYTFkLmpwZyJdLFsicCIsImVuY29kZSIsImpwZyIsIi1xdWFsaXR5IDgwIl0sWyJwIiwidGh1bWIiLCI1OTB4NTkwXHUwMDNlIl1d?sha=f765cdcd3e8a4a73\" alt=\"\" \/><\/p>\n<div class=\"gallery-i-caption\"><\/div>\n<\/div>\n<div class=\"gallery-i\"><img src=\"https:\/\/cdn.oxu.az\/uploads\/W1siZiIsIjIwMjQvMDMvMDYvMTQvMzMvNDAvNjI4MjFiYzEtOWM3Yy00MDc2LTkxMWItNTM5ZjY3OGUwYTE2LzIxZmM5ZTkzYzk5YzU2NThkYjUxYmIzMWQyOWJhZDk3LmpwZyJdLFsicCIsImVuY29kZSIsImpwZyIsIi1xdWFsaXR5IDgwIl0sWyJwIiwidGh1bWIiLCI1OTB4NTkwXHUwMDNlIl1d?sha=c8b7709e354df529\" alt=\"\" \/><\/p>\n<div class=\"gallery-i-caption\"><\/div>\n<\/div>\n<div class=\"gallery-i\"><img src=\"https:\/\/cdn.oxu.az\/uploads\/W1siZiIsIjIwMjQvMDMvMDYvMTQvMzMvNDAvZGZhNWQ0OWMtMTUxNC00ODM2LTk1NzMtMWI0YzcxMTMxNDZhLzkyZDc2ZmQxOWZmY2MwMjg4NjQyZGVkNDAxNzRkNDczLmpwZyJdLFsicCIsImVuY29kZSIsImpwZyIsIi1xdWFsaXR5IDgwIl0sWyJwIiwidGh1bWIiLCI1OTB4NTkwXHUwMDNlIl1d?sha=245e33d729fe05aa\" alt=\"\" \/><\/p>\n<div class=\"gallery-i-caption\"><\/div>\n<\/div>\n<div class=\"gallery-i\"><img src=\"https:\/\/cdn.oxu.az\/uploads\/W1siZiIsIjIwMjQvMDMvMDYvMTQvMzMvNDAvMGRmNjAxOTktZmFhZS00Y2VmLTg5ODgtMDg5YjdmMWJjMDhhL2JmNzYwZDY3MGQyNTM4Y2NlMjZhMDRjMTQxYzNjMTFmLmpwZyJdLFsicCIsImVuY29kZSIsImpwZyIsIi1xdWFsaXR5IDgwIl0sWyJwIiwidGh1bWIiLCI1OTB4NTkwXHUwMDNlIl1d?sha=f541cc563b9da7e0\" alt=\"\" \/><\/p>\n<div class=\"gallery-i-caption\"><\/div>\n<\/div>\n<div class=\"gallery-i\"><img src=\"https:\/\/cdn.oxu.az\/uploads\/W1siZiIsIjIwMjQvMDMvMDYvMTQvMzMvNDAvODI3MTAzZmMtNjdkNS00OWJjLWIwYTItOTk4ZTM5YWYwZTcxL2M1NGMyMDk3YTk4ZjU3ZTVkYThmYjMzNmVkZGI5NzBjLmpwZyJdLFsicCIsImVuY29kZSIsImpwZyIsIi1xdWFsaXR5IDgwIl0sWyJwIiwidGh1bWIiLCI1OTB4NTkwXHUwMDNlIl1d?sha=976cce431b2ec83d\" alt=\"\" \/><\/p>\n<div class=\"gallery-i-caption\"><\/div>\n<\/div>\n<div class=\"gallery-i\"><img src=\"https:\/\/cdn.oxu.az\/uploads\/W1siZiIsIjIwMjQvMDMvMDYvMTQvMzMvNDAvNzYyMGJiMDktM2I3ZS00OGMwLWFjMGEtZGEzMmZmYjVlZjc2L2NlZGYyYTAzYmUzYjQ0M2VkMDg2OWJmMzlhMjZiOWVkLmpwZyJdLFsicCIsImVuY29kZSIsImpwZyIsIi1xdWFsaXR5IDgwIl0sWyJwIiwidGh1bWIiLCI1OTB4NTkwXHUwMDNlIl1d?sha=bd50162cdb93f528\" alt=\"\" \/><\/p>\n<div class=\"gallery-i-caption\"><\/div>\n<\/div>\n<\/div>\n<p><strong>11:02<\/strong><\/p>\n<p>Mart\u0131n 6-da Az\u0259rbaycan Respublikas\u0131n\u0131n m\u00fcdafi\u0259 naziri general-polkovnik Zakir H\u0259s\u0259novun r\u0259hb\u0259rlik etdiyi n\u00fcmay\u0259nd\u0259 hey\u0259ti T\u00fcrkiy\u0259 Respublikas\u0131na r\u0259smi s\u0259f\u0259r edib.<\/p>\n<p>Bu bar\u0259d\u0259 M\u00fcdafi\u0259 Nazirliyi m\u0259lumat yay\u0131b.<\/p>\n<p>S\u0259f\u0259r \u00e7\u0259r\u00e7iv\u0259sind\u0259 m\u00fcdafi\u0259 nazirinin qarda\u015f \u00f6lk\u0259d\u0259 g\u00f6r\u00fc\u015fl\u0259ri, el\u0259c\u0259 d\u0259 T\u00fcrkiy\u0259nin bir s\u0131ra h\u0259rbi obyekt v\u0259 m\u00fc\u0259ssis\u0259l\u0259rini ziyar\u0259ti planla\u015fd\u0131r\u0131l\u0131r.<\/p>\n","protected":false},"excerpt":{"rendered":"<p>Ankarada r\u0259smi s\u0259f\u0259rd\u0259 olan Az\u0259rbaycan Respublikas\u0131n\u0131n m\u00fcdafi\u0259 naziri general-polkovnik Zakir H\u0259s\u0259nov T\u00fcrkiy\u0259 Respublikas\u0131n\u0131n milli m\u00fcdafi\u0259 naziri c\u0259nab Ya\u015far G\u00fcl\u0259r il\u0259 g\u00f6r\u00fc\u015f\u00fcb. Bu bar\u0259d\u0259 M\u00fcdafi\u0259 Nazirliyind\u0259n m\u0259lumat verilib. Bildirilib ki, g\u00f6r\u00fc\u015fd\u0259n \u0259vv\u0259l general-polkovnik Zakir H\u0259s\u0259novun r\u0259hb\u0259rlik etdiyi n\u00fcmay\u0259nd\u0259 hey\u0259ti Ankarada Heyd\u0259r \u018fliyev Park\u0131n\u0131 v\u0259 T\u00fcrkiy\u0259 Respublikas\u0131n\u0131n banisi Mustafa Kamal Atat\u00fcrk\u00fcn mavzoleyini &#8211; An\u0131tq\u0259bri ziyar\u0259t edib. Az\u0259rbaycan n\u00fcmay\u0259nd\u0259 hey\u0259ti \u00dcmummilli Lider Heyd\u0259r \u018fliyevin parkdak\u0131 abid\u0259si v\u0259 Mustafa Kamal Atat\u00fcrk\u00fcn m\u0259zar\u0131 \u00f6n\u00fcn\u0259 \u0259klil qoyub, Ulu \u00d6nd\u0259rl\u0259rin xatir\u0259l\u0259rin\u0259 ehtiram n\u00fcmayi\u015f etdirib. Sonra T\u00fcrkiy\u0259 Respublikas\u0131n\u0131n Milli M\u00fcdafi\u0259 Nazirliyind\u0259 t\u0259nt\u0259n\u0259li qar\u015f\u0131lama m\u0259rasimi olub, m\u00fcdafi\u0259 nazirl\u0259ri f\u0259xri&hellip;<\/p>\n","protected":false},"author":2,"featured_media":698522,"comment_status":"closed","ping_status":"closed","sticky":false,"template":"","format":"standard","meta":{"om_disable_all_campaigns":false,"_monsterinsights_skip_tracking":false,"_monsterinsights_sitenote_active":false,"_monsterinsights_sitenote_note":"","_monsterinsights_sitenote_category":0},"categories":[10],"tags":[],"aioseo_notices":[],"gutentor_comment":0,"rttpg_featured_image_url":{"full":["https:\/\/arantv.az\/wp-content\/uploads\/2024\/03\/6c41c6c41142270fcd2192640ea2d6bc.jpg",620,413,false],"landscape":["https:\/\/arantv.az\/wp-content\/uploads\/2024\/03\/6c41c6c41142270fcd2192640ea2d6bc.jpg",620,413,false],"portraits":["https:\/\/arantv.az\/wp-content\/uploads\/2024\/03\/6c41c6c41142270fcd2192640ea2d6bc.jpg",620,413,false],"thumbnail":["https:\/\/arantv.az\/wp-content\/uploads\/2024\/03\/6c41c6c41142270fcd2192640ea2d6bc-500x280.jpg",500,280,true],"medium":["https:\/\/arantv.az\/wp-content\/uploads\/2024\/03\/6c41c6c41142270fcd2192640ea2d6bc-548x365.jpg",548,365,true],"large":["https:\/\/arantv.az\/wp-content\/uploads\/2024\/03\/6c41c6c41142270fcd2192640ea2d6bc.jpg",620,413,false],"1536x1536":["https:\/\/arantv.az\/wp-content\/uploads\/2024\/03\/6c41c6c41142270fcd2192640ea2d6bc.jpg",620,413,false],"2048x2048":["https:\/\/arantv.az\/wp-content\/uploads\/2024\/03\/6c41c6c41142270fcd2192640ea2d6bc.jpg",620,413,false],"post-thumbnail":["https:\/\/arantv.az\/wp-content\/uploads\/2024\/03\/6c41c6c41142270fcd2192640ea2d6bc-240x172.jpg",240,172,true],"advps-thumb-one":["https:\/\/arantv.az\/wp-content\/uploads\/2024\/03\/6c41c6c41142270fcd2192640ea2d6bc.jpg",620,413,false]},"rttpg_author":{"display_name":"V\u00fcsal Rafiqo\u011flu","author_link":"https:\/\/arantv.az\/?author=2"},"rttpg_comment":0,"rttpg_category":"<a href=\"https:\/\/arantv.az\/?cat=10\" rel=\"category\">C\u0259bh\u0259d\u0259n X\u0259b\u0259r<\/a>","rttpg_excerpt":"Ankarada r\u0259smi s\u0259f\u0259rd\u0259 olan Az\u0259rbaycan Respublikas\u0131n\u0131n m\u00fcdafi\u0259 naziri general-polkovnik Zakir H\u0259s\u0259nov T\u00fcrkiy\u0259 Respublikas\u0131n\u0131n milli m\u00fcdafi\u0259 naziri c\u0259nab Ya\u015far G\u00fcl\u0259r il\u0259 g\u00f6r\u00fc\u015f\u00fcb. Bu bar\u0259d\u0259 M\u00fcdafi\u0259 Nazirliyind\u0259n m\u0259lumat verilib. Bildirilib ki, g\u00f6r\u00fc\u015fd\u0259n \u0259vv\u0259l general-polkovnik Zakir H\u0259s\u0259novun r\u0259hb\u0259rlik etdiyi n\u00fcmay\u0259nd\u0259 hey\u0259ti Ankarada Heyd\u0259r \u018fliyev Park\u0131n\u0131 v\u0259 T\u00fcrkiy\u0259 Respublikas\u0131n\u0131n banisi Mustafa Kamal Atat\u00fcrk\u00fcn mavzoleyini &#8211; An\u0131tq\u0259bri ziyar\u0259t edib. Az\u0259rbaycan&hellip;","_links":{"self":[{"href":"https:\/\/arantv.az\/index.php?rest_route=\/wp\/v2\/posts\/698521"}],"collection":[{"href":"https:\/\/arantv.az\/index.php?rest_route=\/wp\/v2\/posts"}],"about":[{"href":"https:\/\/arantv.az\/index.php?rest_route=\/wp\/v2\/types\/post"}],"author":[{"embeddable":true,"href":"https:\/\/arantv.az\/index.php?rest_route=\/wp\/v2\/users\/2"}],"replies":[{"embeddable":true,"href":"https:\/\/arantv.az\/index.php?rest_route=%2Fwp%2Fv2%2Fcomments&post=698521"}],"version-history":[{"count":0,"href":"https:\/\/arantv.az\/index.php?rest_route=\/wp\/v2\/posts\/698521\/revisions"}],"wp:featuredmedia":[{"embeddable":true,"href":"https:\/\/arantv.az\/index.php?rest_route=\/wp\/v2\/media\/698522"}],"wp:attachment":[{"href":"https:\/\/arantv.az\/index.php?rest_route=%2Fwp%2Fv2%2Fmedia&parent=698521"}],"wp:term":[{"taxonomy":"category","embeddable":true,"href":"https:\/\/arantv.az\/index.php?rest_route=%2Fwp%2Fv2%2Fcategories&post=698521"},{"taxonomy":"post_tag","embeddable":true,"href":"https:\/\/arantv.az\/index.php?rest_route=%2Fwp%2Fv2%2Ftags&post=698521"}],"curies":[{"name":"wp","href":"https:\/\/api.w.org\/{rel}","templated":true}]}}