{"id":698544,"date":"2024-03-06T15:45:38","date_gmt":"2024-03-06T11:45:38","guid":{"rendered":"https:\/\/arantv.az\/?p=698544"},"modified":"2024-03-06T15:45:38","modified_gmt":"2024-03-06T11:45:38","slug":"c%c9%99nub-qaz-d%c9%99hlizi-arzu-deyil-realliqdir","status":"publish","type":"post","link":"https:\/\/arantv.az\/?p=698544","title":{"rendered":"C\u0259nub Qaz D\u0259hlizi arzu deyil, reall\u0131qd\u0131r"},"content":{"rendered":"<p><em><strong>D\u00f6vl\u0259timizin\u00a0ba\u015f\u00e7\u0131s\u0131\u00a0c\u0259nab \u0130lham \u018fliyev fevral\u0131n 1-d\u0259\u00a0C\u0259nub Qaz D\u0259hlizi M\u0259\u015fv\u0259r\u0259t \u015euras\u0131 \u00e7\u0259r\u00e7iv\u0259sind\u0259 nazirl\u0259rin 10-cu v\u0259 Ya\u015f\u0131l Enerji M\u0259\u015fv\u0259r\u0259t \u015euras\u0131 \u00e7\u0259r\u00e7iv\u0259sind\u0259 nazirl\u0259rin 2-ci iclaslar\u0131 zaman\u0131 \u201cEuronews\u201d televiziyas\u0131na verdiyi\u00a0m\u00fcsahib\u0259 zaman\u0131 bir daha ya\u015f\u0131l enerji m\u0259s\u0259l\u0259sin\u0259 diqq\u0259t \u00e7\u0259k\u0259r\u0259k bildirdi ki, \u00f6lk\u0259mizin kifay\u0259t q\u0259d\u0259r t\u0259bii ehtiyatlar\u0131 var v\u0259 \u0259n\u0259n\u0259vi ehtiyatlar\u0131m\u0131z\u0131n h\u0259l\u0259 uzun ill\u0259r istismar\u0131 m\u00fcmk\u00fcnd\u00fcr.\u00a0<\/strong><\/em><\/p>\n<p>D\u00f6vl\u0259t ba\u015f\u00e7\u0131s\u0131 \u00f6lk\u0259nin b\u0259rpaolunan enerji potensial\u0131 v\u0259 qar\u015f\u0131dak\u0131 h\u0259d\u0259fl\u0259r bar\u0259d\u0259 m\u0259lumat verib. Prezident \u0130lham \u018fliyev X\u0259z\u0259r d\u0259nizind\u0259 dayazla\u015fma m\u0259s\u0259l\u0259sin\u0259 d\u0259 toxunub. D\u00f6vl\u0259t ba\u015f\u00e7\u0131s\u0131 h\u0259m\u00e7inin qeyd edib ki, Az\u0259rbaycan neft v\u0259 qaz ehtiyatlar\u0131 olan bir \u00e7ox \u00f6lk\u0259nin \u00fczl\u0259\u015fdiyi \u201cneft l\u0259n\u0259tin\u0259\u201d d\u00fc\u00e7ar olmama\u011f\u0131 bacar\u0131b. Prezident \u0130lham \u018fliy\u0259v C\u0259nub Qaz D\u0259hlizinin u\u011furlu istismar\u0131 v\u0259 inki\u015faf\u0131ndak\u0131 nailiyy\u0259tl\u0259r v\u0259 g\u0259l\u0259c\u0259k add\u0131mlar bar\u0259d\u0259 d\u0259 dan\u0131\u015f\u0131b. D\u00f6vl\u0259t ba\u015f\u00e7\u0131s\u0131 bildirib ki, uzunlu\u011fu 3500 kilometr olan k\u0259m\u0259r art\u0131q arzu deyil, reall\u0131qd\u0131r v\u0259 o, getdikc\u0259 daha \u00e7ox \u00f6lk\u0259l\u0259ri \u0259hat\u0259 edir. C\u0259nub Qaz D\u0259hlizinin seqmentl\u0259ri \u00fczr\u0259 i\u015fl\u0259r qrafik\u0259 uy\u011fun \u015f\u0259kild\u0259 icra edilib. Haz\u0131rda layih\u0259nin realla\u015fmas\u0131 TANAP vasit\u0259sil\u0259 h\u0259yata ke\u00e7irlir.<\/p>\n<p>Prezident \u0130lham \u018fliyevin fikrinc\u0259, layih\u0259 h\u0259qiq\u0259t\u0259n d\u0259 enerji t\u0259chizat\u0131n\u0131n, enerji t\u0259hl\u00fck\u0259sizliyi il\u0259 ba\u011fl\u0131 m\u0259s\u0259l\u0259l\u0259rin co\u011frafiyas\u0131n\u0131 tamamil\u0259 d\u0259yi\u015fir. \u201cOn il bundan \u0259vv\u0259l ba\u015flad\u0131lan t\u0259\u015f\u0259bb\u00fcs\u00fcn yax\u015f\u0131 n\u0259tic\u0259l\u0259rini g\u00f6r\u0259nd\u0259, \u0259lb\u0259tt\u0259 ki, insan \u00f6z\u00fcn\u00fc h\u0259r zaman xo\u015fb\u0259xt hiss edir\u201d,- dey\u0259 d\u00f6vl\u0259timizin ba\u015f\u00e7\u0131s\u0131 \u0259lav\u0259 edib. Bildiyimiz kimi, C\u0259nub Qaz D\u0259hlizinin \u0259sas m\u0259qs\u0259di \u201c\u015eahd\u0259niz\u201d qaz-kondensat yata\u011f\u0131n\u0131n istismar\u0131n\u0131n ikinci m\u0259rh\u0259l\u0259si zaman\u0131 hasil edil\u0259n t\u0259bii qaz\u0131n geni\u015fl\u0259ndirilmi\u015f C\u0259nubi Qafqaz Boru K\u0259m\u0259ri, TANAP v\u0259 TAP vasit\u0259sil\u0259 T\u00fcrkiy\u0259y\u0259 v\u0259 C\u0259nubi Avropaya ixrac\u0131n\u0131 t\u0259min etm\u0259kdir. Az\u0259rbaycan Avropada, \u00fcmumiyy\u0259tl\u0259, d\u00fcnyada\u00a0 qaz ixrac ed\u0259n \u00f6lk\u0259 olaraq tan\u0131n\u0131r. Bu g\u00fcn Az\u0259rbaycan\u0131n C\u0259nub Qaz D\u0259hlizi vasit\u0259si il\u0259 bir s\u0131ra Avropa Birliyi \u00f6lk\u0259l\u0259rini qazla t\u0259min etm\u0259si d\u00f6vl\u0259timizin iqtisadi potensial\u0131n\u0131n \u0259sas g\u00f6st\u0259ricisidir.<\/p>\n<p>Bununla Avropa \u00f6lk\u0259l\u0259ri alternativ t\u0259chizat m\u0259nb\u0259l\u0259rini \u0259ld\u0259 etm\u0259k imkan\u0131 qazanm\u0131\u015f olurlar. Prezident \u0130lham \u018fliyevin i\u015ftirak\u0131 il\u0259 C\u0259nub Qaz D\u0259hlizi il\u0259 ba\u011fl\u0131 mar\u015furut boyunca olan \u00f6lk\u0259l\u0259rd\u0259 says\u0131z a\u00e7\u0131l\u0131\u015f v\u0259 t\u0259qdimatlar t\u0259\u015fkil edilib. Bu t\u0259dbirl\u0259rd\u0259 boru k\u0259m\u0259rinin ke\u00e7diyi \u00f6lkl\u0259rin liderl\u0259ri layih\u0259nin ba\u015f tutmas\u0131nda Az\u0259rbaycan\u0131n rolunu v\u0259 m\u0259nb\u0259 \u00f6lk\u0259 olmas\u0131n\u0131 qeyd edirl\u0259r. Onlar, bu i\u015fd\u0259 Prezident \u0130lham \u018fliyevin q\u0259tiyy\u0259tini x\u00fcsusi vur\u011fulay\u0131rlar. \u018flb\u0259tt\u0259 ki, b\u00fct\u00fcn bunlar\u0131 Avropa liderl\u0259rind\u0259n e\u015fitm\u0259k q\u00fcrurvericidir. Bu g\u00fcn d\u00fcnyada yanacaq problemi yaran\u0131r. Bu problem ancaq qar\u015f\u0131l\u0131ql\u0131 iqtisadi \u0259m\u0259kda\u015fl\u0131qla aradan qald\u0131r\u0131la bil\u0259r. Onun \u00fc\u00e7\u00fcn d\u0259 Az\u0259rbaycan d\u00fcnyan\u0131n maraq dair\u0259sind\u0259 olan d\u00f6vl\u0259tl\u0259r s\u0131ras\u0131ndad\u0131r. C\u0259nab \u0130lham \u018fliyev \u201cEuronews\u201d televiziyas\u0131na verdiyi m\u00fcsahib\u0259 zaman\u0131 g\u0259l\u0259c\u0259k perspektivl\u0259rd\u0259n d\u0259 s\u00f6z a\u00e7d\u0131 v\u0259 bu da d\u00fcny\u0259vi problemin h\u0259lli istiqam\u0259tind\u0259 \u00fcmidverici n\u0259tic\u0259l\u0259rin optimalla\u015faca\u011f\u0131na bir i\u015far\u0259dir. COP29 \u00fcmumi ya\u015f\u0131l enerji g\u00fcnd\u0259liyimizin v\u0259 m\u0259suliyy\u0259t hissimizin \u0259sas bir hiss\u0259sini t\u0259\u015fkil edir. Neft v\u0259 qazla z\u0259ngin \u00f6lk\u0259l\u0259r ya\u015f\u0131l enerjiy\u0259 ke\u00e7id zaman\u0131 \u00f6n s\u0131ralarda olmal\u0131d\u0131r.<\/p>\n<p><strong>R\u00fcfan\u0259 Abdullayeva,<\/strong><br \/>\n<em>X\u0259tai rayonu, Zaur M\u0259mm\u0259dov ad\u0131na 171 n\u00f6mr\u0259li tam \u043erta m\u0259kt\u0259bin Tarix m\u00fc\u0259llimi,<br \/>\nYAP X\u0259tai rayon t\u0259\u015fkilat\u0131n\u0131n \u00fczv\u00fc<\/em><\/p>\n","protected":false},"excerpt":{"rendered":"<p>D\u00f6vl\u0259timizin\u00a0ba\u015f\u00e7\u0131s\u0131\u00a0c\u0259nab \u0130lham \u018fliyev fevral\u0131n 1-d\u0259\u00a0C\u0259nub Qaz D\u0259hlizi M\u0259\u015fv\u0259r\u0259t \u015euras\u0131 \u00e7\u0259r\u00e7iv\u0259sind\u0259 nazirl\u0259rin 10-cu v\u0259 Ya\u015f\u0131l Enerji M\u0259\u015fv\u0259r\u0259t \u015euras\u0131 \u00e7\u0259r\u00e7iv\u0259sind\u0259 nazirl\u0259rin 2-ci iclaslar\u0131 zaman\u0131 \u201cEuronews\u201d televiziyas\u0131na verdiyi\u00a0m\u00fcsahib\u0259 zaman\u0131 bir daha ya\u015f\u0131l enerji m\u0259s\u0259l\u0259sin\u0259 diqq\u0259t \u00e7\u0259k\u0259r\u0259k bildirdi ki, \u00f6lk\u0259mizin kifay\u0259t q\u0259d\u0259r t\u0259bii ehtiyatlar\u0131 var v\u0259 \u0259n\u0259n\u0259vi ehtiyatlar\u0131m\u0131z\u0131n h\u0259l\u0259 uzun ill\u0259r istismar\u0131 m\u00fcmk\u00fcnd\u00fcr.\u00a0 D\u00f6vl\u0259t ba\u015f\u00e7\u0131s\u0131 \u00f6lk\u0259nin b\u0259rpaolunan enerji potensial\u0131 v\u0259 qar\u015f\u0131dak\u0131 h\u0259d\u0259fl\u0259r bar\u0259d\u0259 m\u0259lumat verib. Prezident \u0130lham \u018fliyev X\u0259z\u0259r d\u0259nizind\u0259 dayazla\u015fma m\u0259s\u0259l\u0259sin\u0259 d\u0259 toxunub. D\u00f6vl\u0259t ba\u015f\u00e7\u0131s\u0131 h\u0259m\u00e7inin qeyd edib ki, Az\u0259rbaycan neft v\u0259 qaz ehtiyatlar\u0131 olan bir \u00e7ox \u00f6lk\u0259nin \u00fczl\u0259\u015fdiyi \u201cneft l\u0259n\u0259tin\u0259\u201d d\u00fc\u00e7ar olmama\u011f\u0131&hellip;<\/p>\n","protected":false},"author":2,"featured_media":698545,"comment_status":"closed","ping_status":"closed","sticky":false,"template":"","format":"standard","meta":{"om_disable_all_campaigns":false,"_monsterinsights_skip_tracking":false,"_monsterinsights_sitenote_active":false,"_monsterinsights_sitenote_note":"","_monsterinsights_sitenote_category":0},"categories":[19],"tags":[],"aioseo_notices":[],"gutentor_comment":0,"rttpg_featured_image_url":{"full":["https:\/\/arantv.az\/wp-content\/uploads\/2024\/03\/afb0b97d162637579079042754610304596.jpg",975,540,false],"landscape":["https:\/\/arantv.az\/wp-content\/uploads\/2024\/03\/afb0b97d162637579079042754610304596.jpg",975,540,false],"portraits":["https:\/\/arantv.az\/wp-content\/uploads\/2024\/03\/afb0b97d162637579079042754610304596.jpg",975,540,false],"thumbnail":["https:\/\/arantv.az\/wp-content\/uploads\/2024\/03\/afb0b97d162637579079042754610304596-500x280.jpg",500,280,true],"medium":["https:\/\/arantv.az\/wp-content\/uploads\/2024\/03\/afb0b97d162637579079042754610304596-660x365.jpg",660,365,true],"large":["https:\/\/arantv.az\/wp-content\/uploads\/2024\/03\/afb0b97d162637579079042754610304596-840x465.jpg",640,354,true],"1536x1536":["https:\/\/arantv.az\/wp-content\/uploads\/2024\/03\/afb0b97d162637579079042754610304596.jpg",975,540,false],"2048x2048":["https:\/\/arantv.az\/wp-content\/uploads\/2024\/03\/afb0b97d162637579079042754610304596.jpg",975,540,false],"post-thumbnail":["https:\/\/arantv.az\/wp-content\/uploads\/2024\/03\/afb0b97d162637579079042754610304596-240x172.jpg",240,172,true],"advps-thumb-one":["https:\/\/arantv.az\/wp-content\/uploads\/2024\/03\/afb0b97d162637579079042754610304596.jpg",975,540,false]},"rttpg_author":{"display_name":"V\u00fcsal Rafiqo\u011flu","author_link":"https:\/\/arantv.az\/?author=2"},"rttpg_comment":0,"rttpg_category":"<a href=\"https:\/\/arantv.az\/?cat=19\" rel=\"category\">G\u00fcnd\u0259m<\/a>","rttpg_excerpt":"D\u00f6vl\u0259timizin\u00a0ba\u015f\u00e7\u0131s\u0131\u00a0c\u0259nab \u0130lham \u018fliyev fevral\u0131n 1-d\u0259\u00a0C\u0259nub Qaz D\u0259hlizi M\u0259\u015fv\u0259r\u0259t \u015euras\u0131 \u00e7\u0259r\u00e7iv\u0259sind\u0259 nazirl\u0259rin 10-cu v\u0259 Ya\u015f\u0131l Enerji M\u0259\u015fv\u0259r\u0259t \u015euras\u0131 \u00e7\u0259r\u00e7iv\u0259sind\u0259 nazirl\u0259rin 2-ci iclaslar\u0131 zaman\u0131 \u201cEuronews\u201d televiziyas\u0131na verdiyi\u00a0m\u00fcsahib\u0259 zaman\u0131 bir daha ya\u015f\u0131l enerji m\u0259s\u0259l\u0259sin\u0259 diqq\u0259t \u00e7\u0259k\u0259r\u0259k bildirdi ki, \u00f6lk\u0259mizin kifay\u0259t q\u0259d\u0259r t\u0259bii ehtiyatlar\u0131 var v\u0259 \u0259n\u0259n\u0259vi ehtiyatlar\u0131m\u0131z\u0131n h\u0259l\u0259 uzun ill\u0259r istismar\u0131 m\u00fcmk\u00fcnd\u00fcr.\u00a0 D\u00f6vl\u0259t ba\u015f\u00e7\u0131s\u0131 \u00f6lk\u0259nin b\u0259rpaolunan enerji potensial\u0131&hellip;","_links":{"self":[{"href":"https:\/\/arantv.az\/index.php?rest_route=\/wp\/v2\/posts\/698544"}],"collection":[{"href":"https:\/\/arantv.az\/index.php?rest_route=\/wp\/v2\/posts"}],"about":[{"href":"https:\/\/arantv.az\/index.php?rest_route=\/wp\/v2\/types\/post"}],"author":[{"embeddable":true,"href":"https:\/\/arantv.az\/index.php?rest_route=\/wp\/v2\/users\/2"}],"replies":[{"embeddable":true,"href":"https:\/\/arantv.az\/index.php?rest_route=%2Fwp%2Fv2%2Fcomments&post=698544"}],"version-history":[{"count":0,"href":"https:\/\/arantv.az\/index.php?rest_route=\/wp\/v2\/posts\/698544\/revisions"}],"wp:featuredmedia":[{"embeddable":true,"href":"https:\/\/arantv.az\/index.php?rest_route=\/wp\/v2\/media\/698545"}],"wp:attachment":[{"href":"https:\/\/arantv.az\/index.php?rest_route=%2Fwp%2Fv2%2Fmedia&parent=698544"}],"wp:term":[{"taxonomy":"category","embeddable":true,"href":"https:\/\/arantv.az\/index.php?rest_route=%2Fwp%2Fv2%2Fcategories&post=698544"},{"taxonomy":"post_tag","embeddable":true,"href":"https:\/\/arantv.az\/index.php?rest_route=%2Fwp%2Fv2%2Ftags&post=698544"}],"curies":[{"name":"wp","href":"https:\/\/api.w.org\/{rel}","templated":true}]}}