{"id":698550,"date":"2024-03-06T15:46:20","date_gmt":"2024-03-06T11:46:20","guid":{"rendered":"https:\/\/arantv.az\/?p=698550"},"modified":"2024-03-06T15:46:20","modified_gmt":"2024-03-06T11:46:20","slug":"pasinyan-kremll%c9%99-rus-ruletkasi-oynayir-q%c9%99rbin-v%c9%99dl%c9%99ri-hec-n%c9%99y%c9%99-yaramayacaq-s%c9%99rh-foto","status":"publish","type":"post","link":"https:\/\/arantv.az\/?p=698550","title":{"rendered":"Pa\u015finyan Kremll\u0259 rus ruletkas\u0131 oynay\u0131r: Q\u0259rbin v\u0259dl\u0259ri he\u00e7 n\u0259y\u0259 yaramayacaq &#8211; \u015e\u018fRH + FOTO"},"content":{"rendered":"<p>Rusiya il\u0259 Erm\u0259nistan aras\u0131nda m\u00fcnasib\u0259tl\u0259r g\u0259rgindir. Bunun s\u0259b\u0259bi \u0130r\u0259van\u0131n s\u00fcr\u0259tl\u0259 Moskvadan uzaqla\u015fmaq c\u0259hdidir. Erm\u0259nistan\u0131n ba\u015f naziri Nikol Pa\u015finyan\u0131n v\u0259 onun komandas\u0131n\u0131n Kollektiv T\u0259hl\u00fck\u0259sizlik M\u00fcqavil\u0259si T\u0259\u015fkilat\u0131 (KTMT) bar\u0259d\u0259 s\u0259sl\u0259ndirdikl\u0259ri t\u0259nqidi fikirl\u0259r ikit\u0259r\u0259fli m\u00fcnasib\u0259tl\u0259ri daha da k\u0259skinl\u0259\u015fdirir.<\/p>\n<p>R\u0259smi \u0130r\u0259van ad\u0131\u00e7\u0259kil\u0259n t\u0259\u015fkilatda f\u0259aliyy\u0259tini dondurdu\u011funu a\u00e7\u0131qlay\u0131b. Bunun \u00fc\u00e7\u00fcn h\u00fcquqi prosedurlar\u0131n da yerin\u0259 yetiril\u0259c\u0259yi istisna deyil. Kreml KTMT m\u0259s\u0259l\u0259sin\u0259 g\u00f6r\u0259 N.Pa\u015finyan h\u00f6kum\u0259tind\u0259n izahat ist\u0259yir. Rusiyan\u0131n xarici i\u015fl\u0259r naziri Sergey Lavrov deyib ki, Moskva \u0130r\u0259vanla m\u00fcnasib\u0259tl\u0259r\u0259 yenid\u0259n baxa bil\u0259r.<\/p>\n<p>\u018flb\u0259tt\u0259, Erm\u0259nistan\u0131n KTMT-d\u0259n \u00e7\u0131xmas\u0131 il\u0259 Rusiya ciddi itkiy\u0259 m\u0259ruz qalmayacaq. Amma bu, a\u00e7\u0131q \u015f\u0259kild\u0259 Kreml\u0259 meydan oxumaq c\u0259hdidir. Moskvan\u0131n \u0130r\u0259van\u0131n bu davran\u0131\u015f\u0131na ciddi reaksiya verm\u0259si m\u00fcmk\u00fcnd\u00fcr.<\/p>\n<p>S\u00f6zs\u00fcz ki, Rusiya il\u0259 bel\u0259 \u00e7\u0259ki\u015fm\u0259l\u0259r Erm\u0259nistan\u0131n g\u00fcc\u00fcn\u0259, m\u00f6vqeyin\u0259 uy\u011fun deyil. \u00c7ox b\u00f6y\u00fck ehtimalla \u0130r\u0259van bu bar\u0259d\u0259 direktivl\u0259ri Q\u0259rbd\u0259n, o c\u00fcml\u0259d\u0259n Fransadan al\u0131r. 2008-ci ild\u0259 G\u00fcrc\u00fcstanda olanlar\u0131 yada salaq: Q\u0259rbin d\u0259 t\u0259hriki il\u0259 G\u00fcrc\u00fcstanla Rusiya aras\u0131nda m\u00fcharib\u0259 ba\u015fland\u0131. N\u0259tic\u0259d\u0259 Rusiya C\u0259nubi Abxaziya v\u0259 Osetiyan\u0131 tutdu. \u0130ndi is\u0259 n\u0259 G\u00fcrc\u00fcstan\u0131n, n\u0259 d\u0259 onun ke\u00e7mi\u015f prezidenti Mixail Saaka\u015fvilinin taleyi Q\u0259rbi maraqland\u0131r\u0131r.<\/p>\n<p><img src=\"https:\/\/cdn.oxu.az\/uploads\/W1siZiIsIjIwMjQvMDMvMDYvMTIvMzkvMTIvY2UwNWEzNGItMDBhNC00ZmNkLTllY2MtZDhkODM4YmNmYjM0LzMwNjk3ODc2M183Nzg3NzIwMjMyNDA2ODRfNTcxMDUzNTkzNzUzMzY3Nzk3MV9uLmpwZyJdLFsicCIsImVuY29kZSIsImpwZyIsIi1xdWFsaXR5IDgwIl0sWyJwIiwidGh1bWIiLCI1OTB4NTkwXHUwMDNlIl1d?sha=55935bb442f49d2f\" alt=\"\" \/><\/p>\n<p>AB\u015e v\u0259 m\u00fctt\u0259fiql\u0259rinin \u015e\u0259rqi Avropada etdikl\u0259ri d\u0259 bu q\u0259bild\u0259ndir: Ukrayna vasit\u0259sil\u0259 Rusiyaya qar\u015f\u0131 m\u00fcharib\u0259y\u0259 ba\u015flad\u0131lar, indi is\u0259 geri \u00e7\u0259kilirl\u0259r.<\/p>\n<p>M\u0259qs\u0259d ayd\u0131nd\u0131r &#8211; Rusiyan\u0131n ayr\u0131-ayr\u0131 regionlara t\u0259sirini azaltmaq. R\u0259smi Moskva il\u0259 birba\u015fa qar\u015f\u0131la\u015fmaq ist\u0259m\u0259y\u0259n Q\u0259rb bunun \u00fc\u00e7\u00fcn proksil\u0259rd\u0259n yararlan\u0131r.<\/p>\n<p>Bu g\u00fcn Q\u0259rb Erm\u0259nistan vasit\u0259sil\u0259 Rusiyaya qar\u015f\u0131 ikinci c\u0259bh\u0259 a\u00e7ma\u011fa \u00e7al\u0131\u015f\u0131r. Kreml is\u0259 bunu ba\u015fa d\u00fc\u015fd\u00fcy\u00fcn\u0259 g\u00f6r\u0259 m\u00fcmk\u00fcn q\u0259d\u0259r soyuqqanl\u0131 davran\u0131r. M\u0259s\u0259l\u0259 ondad\u0131r ki, Erm\u0259nistan\u0131n q\u0131c\u0131qland\u0131r\u0131c\u0131 ritorikas\u0131 Rusiyan\u0131n bu d\u00f6vl\u0259t\u0259 m\u00fcdaxil\u0259si il\u0259 n\u0259tic\u0259l\u0259n\u0259 bil\u0259r. Bu zaman Avropa da h\u0259r\u0259k\u0259t\u0259 ke\u00e7\u0259c\u0259k. Bu, indiki halda Moskvaya s\u0259rf etmir. \u00c7\u00fcnki g\u00fcc\u00fc par\u00e7alanacaq, bir ne\u00e7\u0259 c\u0259bh\u0259d\u0259 m\u00fcbariz\u0259 aparmal\u0131 olacaq. Amma n\u0259z\u0259r\u0259 almaq laz\u0131md\u0131r ki, ehtimal olunan bu ssenari n\u0259tic\u0259sind\u0259 \u0259n \u00e7ox ziyan \u00e7\u0259k\u0259n Erm\u0259nistan olacaq. \u00d6lk\u0259 \u0259razisi faktiki olaraq poliqona \u00e7evril\u0259c\u0259k. Erm\u0259nistan\u0131n g\u00fcc\u00fc Ukraynan\u0131n potensial\u0131ndan d\u0259f\u0259l\u0259rl\u0259 azd\u0131r. Ona g\u00f6r\u0259 bu versiyan\u0131n realla\u015fmas\u0131 Erm\u0259nistana baha ba\u015fa g\u0259l\u0259c\u0259k.<\/p>\n<p><img src=\"https:\/\/cdn.oxu.az\/uploads\/W1siZiIsIjIwMjQvMDMvMDYvMTIvMzkvMTIvM2JjNzViYzgtYTI4MC00NTI0LTkzM2UtOWNlNzI2MTFhYWNkLzU4MTc4NjEwLWRlZjAtNGM3Yi05YTIwLWNjZGMxMmQ2MzkyYy5qcGciXSxbInAiLCJlbmNvZGUiLCJqcGciLCItcXVhbGl0eSA4MCJdLFsicCIsInRodW1iIiwiNTkweDU5MFx1MDAzZSJdXQ?sha=a861e26fa4260d66\" alt=\"\" \/><\/p>\n<p>AB\u015e-nin M\u00fcharib\u0259 Ara\u015fd\u0131rmalar\u0131 \u0130nstitutunun hesabat\u0131nda bildirilib ki, Rusiyadan uzaqla\u015fmaq c\u0259hdi N.Pa\u015finyana baha ba\u015fa g\u0259l\u0259 bil\u0259r. Qeyd olunub ki, o, Kremli q\u0131c\u0131qland\u0131rma\u011fa \u00e7al\u0131\u015f\u0131r: \u201cBu da a\u011f\u0131r n\u0259tic\u0259l\u0259r\u0259 s\u0259b\u0259b ola bil\u0259r\u201d. Vur\u011fulan\u0131b ki, b\u0259zi analitikl\u0259r d\u0259 bu m\u00f6vqeyin\u0259 g\u00f6r\u0259 N.Pa\u015finyan\u0131 t\u0259nqid edirl\u0259r.<\/p>\n<p>Ehtimal etm\u0259k olar ki, ba\u015f nazir Q\u0259rbd\u0259n ciddi t\u0259hl\u00fck\u0259sizlik t\u0259minatlar\u0131, v\u0259dl\u0259r al\u0131b. \u018fks halda bel\u0259 riskli add\u0131mlar atmazd\u0131. Amma onu da n\u0259z\u0259r\u0259 almaq laz\u0131md\u0131r ki, Rusiyan\u0131n adekvat reaksiyas\u0131n\u0131n yegan\u0259 t\u0259zah\u00fcr\u00fc Erm\u0259nistan \u0259razisin\u0259 h\u0259rbi m\u00fcdaxil\u0259 deyil. Bu \u00f6lk\u0259d\u0259ki 102-ci h\u0259rbi baza \u00f6z\u00fc N.Pa\u015finyan hakimiyy\u0259ti \u00fc\u00e7\u00fcn \u201cDomokl q\u0131l\u0131nc\u0131\u201dd\u0131r.<\/p>\n<p>B\u00fct\u00fcn bunlar onu g\u00f6st\u0259rir ki, Erm\u0259nistan q\u0131c\u0131qland\u0131r\u0131c\u0131 ritorikas\u0131n\u0131 bundan sonra da davam etdir\u0259c\u0259k v\u0259 h\u0259tta \u201cdoza\u201dn\u0131 art\u0131racaq. Moskvan\u0131n is\u0259 sonsuza q\u0259d\u0259r s\u0259birli olaca\u011f\u0131 inand\u0131r\u0131c\u0131 deyil.<\/p>\n<p>Bel\u0259likl\u0259, N.Pa\u015finyan faktiki olaraq rus ruletkas\u0131 oynay\u0131r. Onun n\u0259inki hakimiyy\u0259ti, h\u0259m d\u0259 \u015f\u0259xsi t\u0259hl\u00fck\u0259sizliyi t\u0259hdid alt\u0131ndad\u0131r.<\/p>\n<p><strong>\u201cReport\u201d \u0130nformasiya Agentliyi<\/strong><\/p>\n","protected":false},"excerpt":{"rendered":"<p>Rusiya il\u0259 Erm\u0259nistan aras\u0131nda m\u00fcnasib\u0259tl\u0259r g\u0259rgindir. Bunun s\u0259b\u0259bi \u0130r\u0259van\u0131n s\u00fcr\u0259tl\u0259 Moskvadan uzaqla\u015fmaq c\u0259hdidir. Erm\u0259nistan\u0131n ba\u015f naziri Nikol Pa\u015finyan\u0131n v\u0259 onun komandas\u0131n\u0131n Kollektiv T\u0259hl\u00fck\u0259sizlik M\u00fcqavil\u0259si T\u0259\u015fkilat\u0131 (KTMT) bar\u0259d\u0259 s\u0259sl\u0259ndirdikl\u0259ri t\u0259nqidi fikirl\u0259r ikit\u0259r\u0259fli m\u00fcnasib\u0259tl\u0259ri daha da k\u0259skinl\u0259\u015fdirir. R\u0259smi \u0130r\u0259van ad\u0131\u00e7\u0259kil\u0259n t\u0259\u015fkilatda f\u0259aliyy\u0259tini dondurdu\u011funu a\u00e7\u0131qlay\u0131b. Bunun \u00fc\u00e7\u00fcn h\u00fcquqi prosedurlar\u0131n da yerin\u0259 yetiril\u0259c\u0259yi istisna deyil. Kreml KTMT m\u0259s\u0259l\u0259sin\u0259 g\u00f6r\u0259 N.Pa\u015finyan h\u00f6kum\u0259tind\u0259n izahat ist\u0259yir. Rusiyan\u0131n xarici i\u015fl\u0259r naziri Sergey Lavrov deyib ki, Moskva \u0130r\u0259vanla m\u00fcnasib\u0259tl\u0259r\u0259 yenid\u0259n baxa bil\u0259r. \u018flb\u0259tt\u0259, Erm\u0259nistan\u0131n KTMT-d\u0259n \u00e7\u0131xmas\u0131 il\u0259 Rusiya ciddi itkiy\u0259 m\u0259ruz qalmayacaq. Amma bu, a\u00e7\u0131q \u015f\u0259kild\u0259 Kreml\u0259 meydan oxumaq&hellip;<\/p>\n","protected":false},"author":2,"featured_media":698551,"comment_status":"closed","ping_status":"closed","sticky":false,"template":"","format":"standard","meta":{"om_disable_all_campaigns":false,"_monsterinsights_skip_tracking":false,"_monsterinsights_sitenote_active":false,"_monsterinsights_sitenote_note":"","_monsterinsights_sitenote_category":0},"categories":[4],"tags":[],"aioseo_notices":[],"gutentor_comment":0,"rttpg_featured_image_url":{"full":["https:\/\/arantv.az\/wp-content\/uploads\/2024\/03\/26538e78-63ca-38ca-b439-6cee597dacf2_850.jpg",620,413,false],"landscape":["https:\/\/arantv.az\/wp-content\/uploads\/2024\/03\/26538e78-63ca-38ca-b439-6cee597dacf2_850.jpg",620,413,false],"portraits":["https:\/\/arantv.az\/wp-content\/uploads\/2024\/03\/26538e78-63ca-38ca-b439-6cee597dacf2_850.jpg",620,413,false],"thumbnail":["https:\/\/arantv.az\/wp-content\/uploads\/2024\/03\/26538e78-63ca-38ca-b439-6cee597dacf2_850-500x280.jpg",500,280,true],"medium":["https:\/\/arantv.az\/wp-content\/uploads\/2024\/03\/26538e78-63ca-38ca-b439-6cee597dacf2_850-548x365.jpg",548,365,true],"large":["https:\/\/arantv.az\/wp-content\/uploads\/2024\/03\/26538e78-63ca-38ca-b439-6cee597dacf2_850.jpg",620,413,false],"1536x1536":["https:\/\/arantv.az\/wp-content\/uploads\/2024\/03\/26538e78-63ca-38ca-b439-6cee597dacf2_850.jpg",620,413,false],"2048x2048":["https:\/\/arantv.az\/wp-content\/uploads\/2024\/03\/26538e78-63ca-38ca-b439-6cee597dacf2_850.jpg",620,413,false],"post-thumbnail":["https:\/\/arantv.az\/wp-content\/uploads\/2024\/03\/26538e78-63ca-38ca-b439-6cee597dacf2_850-240x172.jpg",240,172,true],"advps-thumb-one":["https:\/\/arantv.az\/wp-content\/uploads\/2024\/03\/26538e78-63ca-38ca-b439-6cee597dacf2_850.jpg",620,413,false]},"rttpg_author":{"display_name":"V\u00fcsal Rafiqo\u011flu","author_link":"https:\/\/arantv.az\/?author=2"},"rttpg_comment":0,"rttpg_category":"<a href=\"https:\/\/arantv.az\/?cat=4\" rel=\"category\">Siyas\u0259t<\/a>","rttpg_excerpt":"Rusiya il\u0259 Erm\u0259nistan aras\u0131nda m\u00fcnasib\u0259tl\u0259r g\u0259rgindir. Bunun s\u0259b\u0259bi \u0130r\u0259van\u0131n s\u00fcr\u0259tl\u0259 Moskvadan uzaqla\u015fmaq c\u0259hdidir. Erm\u0259nistan\u0131n ba\u015f naziri Nikol Pa\u015finyan\u0131n v\u0259 onun komandas\u0131n\u0131n Kollektiv T\u0259hl\u00fck\u0259sizlik M\u00fcqavil\u0259si T\u0259\u015fkilat\u0131 (KTMT) bar\u0259d\u0259 s\u0259sl\u0259ndirdikl\u0259ri t\u0259nqidi fikirl\u0259r ikit\u0259r\u0259fli m\u00fcnasib\u0259tl\u0259ri daha da k\u0259skinl\u0259\u015fdirir. R\u0259smi \u0130r\u0259van ad\u0131\u00e7\u0259kil\u0259n t\u0259\u015fkilatda f\u0259aliyy\u0259tini dondurdu\u011funu a\u00e7\u0131qlay\u0131b. Bunun \u00fc\u00e7\u00fcn h\u00fcquqi prosedurlar\u0131n da yerin\u0259 yetiril\u0259c\u0259yi istisna deyil. Kreml KTMT m\u0259s\u0259l\u0259sin\u0259 g\u00f6r\u0259&hellip;","_links":{"self":[{"href":"https:\/\/arantv.az\/index.php?rest_route=\/wp\/v2\/posts\/698550"}],"collection":[{"href":"https:\/\/arantv.az\/index.php?rest_route=\/wp\/v2\/posts"}],"about":[{"href":"https:\/\/arantv.az\/index.php?rest_route=\/wp\/v2\/types\/post"}],"author":[{"embeddable":true,"href":"https:\/\/arantv.az\/index.php?rest_route=\/wp\/v2\/users\/2"}],"replies":[{"embeddable":true,"href":"https:\/\/arantv.az\/index.php?rest_route=%2Fwp%2Fv2%2Fcomments&post=698550"}],"version-history":[{"count":0,"href":"https:\/\/arantv.az\/index.php?rest_route=\/wp\/v2\/posts\/698550\/revisions"}],"wp:featuredmedia":[{"embeddable":true,"href":"https:\/\/arantv.az\/index.php?rest_route=\/wp\/v2\/media\/698551"}],"wp:attachment":[{"href":"https:\/\/arantv.az\/index.php?rest_route=%2Fwp%2Fv2%2Fmedia&parent=698550"}],"wp:term":[{"taxonomy":"category","embeddable":true,"href":"https:\/\/arantv.az\/index.php?rest_route=%2Fwp%2Fv2%2Fcategories&post=698550"},{"taxonomy":"post_tag","embeddable":true,"href":"https:\/\/arantv.az\/index.php?rest_route=%2Fwp%2Fv2%2Ftags&post=698550"}],"curies":[{"name":"wp","href":"https:\/\/api.w.org\/{rel}","templated":true}]}}