{"id":69864,"date":"2019-06-28T08:31:11","date_gmt":"2019-06-28T05:31:11","guid":{"rendered":"http:\/\/arantv.az\/?p=69864"},"modified":"2019-06-28T08:31:11","modified_gmt":"2019-06-28T05:31:11","slug":"bakida-qardas-bacisini-parkda-oldurdu-pubda-isl%c9%99diyin%c9%99-gor%c9%99","status":"publish","type":"post","link":"https:\/\/arantv.az\/?p=69864","title":{"rendered":"Bak\u0131da qarda\u015f bac\u0131s\u0131n\u0131 parkda \u00f6ld\u00fcrd\u00fc &#8211; \u201cPub\u201dda i\u015fl\u0259diyin\u0259 g\u00f6r\u0259"},"content":{"rendered":"<p><b>Bak\u0131da 19 ya\u015fl\u0131 o\u011flan bac\u0131s\u0131n\u0131 parkda b\u0131\u00e7aqlayaraq \u00f6ld\u00fcr\u00fcb.<\/b><br \/>\nHadis\u0259 d\u00fcn\u0259n ax\u015fam saatlar\u0131nda ba\u015f verib.<br \/>\nOnlar\u0131n h\u0259r ikisi F\u00fczuli rayonundan m\u0259cburi k\u00f6\u00e7k\u00fcn olan ail\u0259nin \u00f6vladlar\u0131d\u0131r v\u0259 Bin\u0259q\u0259di rayonunda ya\u015fay\u0131rlar. 2000-ci il t\u0259v\u0259ll\u00fcdl\u00fc Turabov Qalib Na\u011f\u0131 o\u011flu bac\u0131s\u0131, 1997-ci il t\u0259v\u0259ll\u00fcdl\u00fc Turabova P\u0259rvan\u0259 Na\u011f\u0131 q\u0131z\u0131n\u0131 \u201cX\u0259qani\u201d ba\u011f\u0131nda bir ne\u00e7\u0259 b\u0131\u00e7aq z\u0259rb\u0259si vuraraq \u00f6ld\u00fcr\u00fcb. Qarda\u015f\u0131 onu \u00fcr\u0259yind\u0259n iki d\u0259f\u0259 b\u0131\u00e7aqlayaraq \u00f6ld\u00fcrd\u00fckd\u0259n sonra hadis\u0259 yerind\u0259n qa\u00e7\u0131b, daha sonra polis \u0259m\u0259kda\u015flar\u0131 t\u0259r\u0259find\u0259n saxlan\u0131l\u0131b.<br \/>\n\u0130lkin m\u0259lumata g\u00f6r\u0259, P. Turabova son g\u00fcnl\u0259r gec\u0259l\u0259r evd\u0259n qa\u00e7\u0131b gec saatlarda g\u0259lirmi\u015f. Qarda\u015f\u0131 Qalib d\u00fcn\u0259n onu izl\u0259yib v\u0259 bac\u0131s\u0131n\u0131n h\u0259min yerd\u0259 \u0259xlaqs\u0131zl\u0131qla m\u0259\u015f\u011ful oldu\u011funu g\u00f6r\u00fcb. H\u0259min anda bac\u0131s\u0131 il\u0259 m\u00fcbahis\u0259 ed\u0259r\u0259k onu \u00f6ld\u00fcr\u00fcb.<br \/>\nP. Turabova bir m\u00fcdd\u0259t \u0259vv\u0259l bo\u015fan\u0131b v\u0259 1 u\u015fa\u011f\u0131 var. O, evd\u0259n qa\u00e7d\u0131\u011f\u0131 vaxtlar \u201cArena Pub\u201d adl\u0131 kluba gedirmi\u015f.\u00a0\u201cQafqazinfo\u201d<\/p>\n","protected":false},"excerpt":{"rendered":"<p>Bak\u0131da 19 ya\u015fl\u0131 o\u011flan bac\u0131s\u0131n\u0131 parkda b\u0131\u00e7aqlayaraq \u00f6ld\u00fcr\u00fcb. Hadis\u0259 d\u00fcn\u0259n ax\u015fam saatlar\u0131nda ba\u015f verib. Onlar\u0131n h\u0259r ikisi F\u00fczuli rayonundan m\u0259cburi k\u00f6\u00e7k\u00fcn olan ail\u0259nin \u00f6vladlar\u0131d\u0131r v\u0259 Bin\u0259q\u0259di rayonunda ya\u015fay\u0131rlar. 2000-ci il t\u0259v\u0259ll\u00fcdl\u00fc Turabov Qalib Na\u011f\u0131 o\u011flu bac\u0131s\u0131, 1997-ci il t\u0259v\u0259ll\u00fcdl\u00fc Turabova P\u0259rvan\u0259 Na\u011f\u0131 q\u0131z\u0131n\u0131 \u201cX\u0259qani\u201d ba\u011f\u0131nda bir ne\u00e7\u0259 b\u0131\u00e7aq z\u0259rb\u0259si vuraraq \u00f6ld\u00fcr\u00fcb. Qarda\u015f\u0131 onu \u00fcr\u0259yind\u0259n iki d\u0259f\u0259 b\u0131\u00e7aqlayaraq \u00f6ld\u00fcrd\u00fckd\u0259n sonra hadis\u0259 yerind\u0259n qa\u00e7\u0131b, daha sonra polis \u0259m\u0259kda\u015flar\u0131 t\u0259r\u0259find\u0259n saxlan\u0131l\u0131b. \u0130lkin m\u0259lumata g\u00f6r\u0259, P. Turabova son g\u00fcnl\u0259r gec\u0259l\u0259r evd\u0259n qa\u00e7\u0131b gec saatlarda g\u0259lirmi\u015f. Qarda\u015f\u0131 Qalib d\u00fcn\u0259n onu izl\u0259yib v\u0259 bac\u0131s\u0131n\u0131n h\u0259min yerd\u0259&hellip;<\/p>\n","protected":false},"author":2,"featured_media":69865,"comment_status":"closed","ping_status":"closed","sticky":false,"template":"","format":"standard","meta":{"om_disable_all_campaigns":false,"_monsterinsights_skip_tracking":false,"_monsterinsights_sitenote_active":false,"_monsterinsights_sitenote_note":"","_monsterinsights_sitenote_category":0},"categories":[3],"tags":[],"aioseo_notices":[],"gutentor_comment":0,"rttpg_featured_image_url":{"full":["https:\/\/arantv.az\/wp-content\/uploads\/2019\/06\/1561667720_1493111636_images.jpg",597,397,false],"landscape":["https:\/\/arantv.az\/wp-content\/uploads\/2019\/06\/1561667720_1493111636_images.jpg",597,397,false],"portraits":["https:\/\/arantv.az\/wp-content\/uploads\/2019\/06\/1561667720_1493111636_images.jpg",597,397,false],"thumbnail":["https:\/\/arantv.az\/wp-content\/uploads\/2019\/06\/1561667720_1493111636_images-150x150.jpg",150,150,true],"medium":["https:\/\/arantv.az\/wp-content\/uploads\/2019\/06\/1561667720_1493111636_images-300x199.jpg",300,199,true],"large":["https:\/\/arantv.az\/wp-content\/uploads\/2019\/06\/1561667720_1493111636_images.jpg",597,397,false],"1536x1536":["https:\/\/arantv.az\/wp-content\/uploads\/2019\/06\/1561667720_1493111636_images.jpg",597,397,false],"2048x2048":["https:\/\/arantv.az\/wp-content\/uploads\/2019\/06\/1561667720_1493111636_images.jpg",597,397,false],"post-thumbnail":["https:\/\/arantv.az\/wp-content\/uploads\/2019\/06\/1561667720_1493111636_images-240x172.jpg",240,172,true],"advps-thumb-one":["https:\/\/arantv.az\/wp-content\/uploads\/2019\/06\/1561667720_1493111636_images.jpg",597,397,false]},"rttpg_author":{"display_name":"V\u00fcsal Rafiqo\u011flu","author_link":"https:\/\/arantv.az\/?author=2"},"rttpg_comment":0,"rttpg_category":"<a href=\"https:\/\/arantv.az\/?cat=3\" rel=\"category\">Kriminal<\/a>","rttpg_excerpt":"Bak\u0131da 19 ya\u015fl\u0131 o\u011flan bac\u0131s\u0131n\u0131 parkda b\u0131\u00e7aqlayaraq \u00f6ld\u00fcr\u00fcb. Hadis\u0259 d\u00fcn\u0259n ax\u015fam saatlar\u0131nda ba\u015f verib. Onlar\u0131n h\u0259r ikisi F\u00fczuli rayonundan m\u0259cburi k\u00f6\u00e7k\u00fcn olan ail\u0259nin \u00f6vladlar\u0131d\u0131r v\u0259 Bin\u0259q\u0259di rayonunda ya\u015fay\u0131rlar. 2000-ci il t\u0259v\u0259ll\u00fcdl\u00fc Turabov Qalib Na\u011f\u0131 o\u011flu bac\u0131s\u0131, 1997-ci il t\u0259v\u0259ll\u00fcdl\u00fc Turabova P\u0259rvan\u0259 Na\u011f\u0131 q\u0131z\u0131n\u0131 \u201cX\u0259qani\u201d ba\u011f\u0131nda bir ne\u00e7\u0259 b\u0131\u00e7aq z\u0259rb\u0259si vuraraq \u00f6ld\u00fcr\u00fcb. Qarda\u015f\u0131 onu \u00fcr\u0259yind\u0259n iki&hellip;","_links":{"self":[{"href":"https:\/\/arantv.az\/index.php?rest_route=\/wp\/v2\/posts\/69864"}],"collection":[{"href":"https:\/\/arantv.az\/index.php?rest_route=\/wp\/v2\/posts"}],"about":[{"href":"https:\/\/arantv.az\/index.php?rest_route=\/wp\/v2\/types\/post"}],"author":[{"embeddable":true,"href":"https:\/\/arantv.az\/index.php?rest_route=\/wp\/v2\/users\/2"}],"replies":[{"embeddable":true,"href":"https:\/\/arantv.az\/index.php?rest_route=%2Fwp%2Fv2%2Fcomments&post=69864"}],"version-history":[{"count":0,"href":"https:\/\/arantv.az\/index.php?rest_route=\/wp\/v2\/posts\/69864\/revisions"}],"wp:featuredmedia":[{"embeddable":true,"href":"https:\/\/arantv.az\/index.php?rest_route=\/wp\/v2\/media\/69865"}],"wp:attachment":[{"href":"https:\/\/arantv.az\/index.php?rest_route=%2Fwp%2Fv2%2Fmedia&parent=69864"}],"wp:term":[{"taxonomy":"category","embeddable":true,"href":"https:\/\/arantv.az\/index.php?rest_route=%2Fwp%2Fv2%2Fcategories&post=69864"},{"taxonomy":"post_tag","embeddable":true,"href":"https:\/\/arantv.az\/index.php?rest_route=%2Fwp%2Fv2%2Ftags&post=69864"}],"curies":[{"name":"wp","href":"https:\/\/api.w.org\/{rel}","templated":true}]}}