{"id":69902,"date":"2019-06-28T09:33:05","date_gmt":"2019-06-28T06:33:05","guid":{"rendered":"http:\/\/arantv.az\/?p=69902"},"modified":"2019-06-28T09:33:05","modified_gmt":"2019-06-28T06:33:05","slug":"deputat-2019-cu-il-sosial-inkisaf-ili-kimi-oz-t%c9%99sdiqini-tapdi","status":"publish","type":"post","link":"https:\/\/arantv.az\/?p=69902","title":{"rendered":"Deputat: &#8220;2019-cu il sosial inki\u015faf ili kimi \u00f6z t\u0259sdiqini tapd\u0131&#8221;"},"content":{"rendered":"<p>2019-cu il Az\u0259rbaycan\u0131n tarixin\u0259 sosial m\u00fcdafi\u0259 v\u0259 sosial rifah ili kimi daxil oldu. \u018fhalinin sosial m\u00fcdafi\u0259sinin daha da g\u00fccl\u0259nm\u0259si il\u0259 xarakteriz\u0259 olunan ilin ilk ay\u0131nda at\u0131lan add\u0131mlar, imzalanan f\u0259rman v\u0259 s\u0259r\u0259ncamlar insan amilinin Prezident \u0130lham \u018fliyevin u\u011furlu siyas\u0259tinin m\u0259rk\u0259zind\u0259 dayand\u0131\u011f\u0131n\u0131 bir daha t\u0259sdiq etdi. Sevindirici hald\u0131r ki, 2017-ci il iqtisadiyyat\u0131m\u0131z\u0131n sabitl\u0259\u015fm\u0259si, 2018-ci il iqtisadi inki\u015faf kimi d\u00f6vl\u0259timizin tarixin\u0259 d\u00fc\u015fd\u00fcs\u0259, 2019 sosial inki\u015faf v\u0259 rifah ili kimi \u00f6z t\u0259sdiqini tapd\u0131.<\/p>\n<p><strong>ARANTV.AZ<\/strong>\u00a0 bildirir ki, bu fikirl\u0259ri\u00a0<a href=\"http:\/\/az.trend.az\/\" target=\"_blank\" rel=\"noopener\">Trend<\/a>-\u0259 Milli M\u0259clisin Yeni Az\u0259rbaycan Partiyas\u0131ndan olan deputat\u0131, tarix \u00fczr\u0259 f\u0259ls\u0259f\u0259 doktoru P\u0259rvin K\u0259rimzad\u0259 deyib.<\/p>\n<p>Deputat bildirib ki, Prezident \u0130lham \u018fliyevin 2019-cu il 18 iyun tarixli s\u0259r\u0259ncam\u0131 il\u0259 sentyabr\u0131n 1-d\u0259n minimum ayl\u0131q \u0259m\u0259khaqq\u0131n\u0131n 180 manatdan 250 manata \u00e7atd\u0131r\u0131lmas\u0131, d\u00f6vl\u0259t qulluq\u00e7ular\u0131n\u0131n ayl\u0131q v\u0259zif\u0259 maa\u015flar\u0131n\u0131n 50 faiz, h\u0259rbi v\u0259 h\u00fcquq-m\u00fchafiz\u0259 orqanlar\u0131n\u0131n x\u00fcsusi r\u00fctb\u0259li \u0259m\u0259kda\u015flar\u0131n\u0131n v\u0259 m\u00fclki i\u015f\u00e7il\u0259rinin \u0259m\u0259khaqlar\u0131n\u0131n 40 faiz, d\u00f6vl\u0259t \u00fcmumi t\u0259hsil v\u0259 pe\u015f\u0259 t\u0259hsili m\u00fc\u0259ssis\u0259l\u0259rind\u0259 \u00e7al\u0131\u015fan bilik v\u0259 bacar\u0131qlar\u0131n\u0131n diaqnostik qiym\u0259tl\u0259ndirilm\u0259si apar\u0131lan m\u00fc\u0259lliml\u0259rin vahid ayl\u0131q v\u0259zif\u0259 maa\u015flar\u0131n\u0131n orta hesabla 20 faiz, d\u00f6vl\u0259t b\u00fcdc\u0259sind\u0259n maliyy\u0259l\u0259\u015f\u0259n bir s\u0131ra dig\u0259r t\u0259\u015fkilatlarda \u00e7al\u0131\u015fan \u015f\u0259xsl\u0259rin ayl\u0131q v\u0259zif\u0259 maa\u015flar\u0131n\u0131n orta hesabla 40 faiz art\u0131r\u0131lmas\u0131 \u00f6lk\u0259d\u0259 h\u0259yata ke\u00e7iril\u0259n siyas\u0259tinin m\u0259rk\u0259zind\u0259 insan amilinin dayand\u0131\u011f\u0131n\u0131 s\u00fcbut etdi:<\/p>\n<p>&#8220;Az\u0259rbaycan d\u00f6vl\u0259tinin sosial iqtisadi inki\u015faf\u0131na, d\u00f6vl\u0259t b\u00fcdc\u0259sinin imkanlar\u0131na uy\u011fun h\u0259yata ke\u00e7iril\u0259n inqilabi islahatlar h\u0259m d\u0259 s\u00fcbut etdi ki, \u00f6lk\u0259mizin g\u00fccl\u00fc iqtisadi imkanlar\u0131 var. Bu g\u00fcn sosial sah\u0259d\u0259 at\u0131lan add\u0131mlar\u0131n t\u0259m\u0259lind\u0259 is\u0259 ulu \u00f6nd\u0259r Heyd\u0259r \u018fliyev m\u0259kt\u0259binin \u0259n layiqli yetirm\u0259si olan \u0130lham \u018fliyevin d\u00fc\u015f\u00fcn\u00fclm\u00fc\u015f islahatlar\u0131 v\u0259 m\u00fcdrik q\u0259rarlar\u0131 dayan\u0131r&#8221;.<\/p>\n","protected":false},"excerpt":{"rendered":"<p>2019-cu il Az\u0259rbaycan\u0131n tarixin\u0259 sosial m\u00fcdafi\u0259 v\u0259 sosial rifah ili kimi daxil oldu. \u018fhalinin sosial m\u00fcdafi\u0259sinin daha da g\u00fccl\u0259nm\u0259si il\u0259 xarakteriz\u0259 olunan ilin ilk ay\u0131nda at\u0131lan add\u0131mlar, imzalanan f\u0259rman v\u0259 s\u0259r\u0259ncamlar insan amilinin Prezident \u0130lham \u018fliyevin u\u011furlu siyas\u0259tinin m\u0259rk\u0259zind\u0259 dayand\u0131\u011f\u0131n\u0131 bir daha t\u0259sdiq etdi. Sevindirici hald\u0131r ki, 2017-ci il iqtisadiyyat\u0131m\u0131z\u0131n sabitl\u0259\u015fm\u0259si, 2018-ci il iqtisadi inki\u015faf kimi d\u00f6vl\u0259timizin tarixin\u0259 d\u00fc\u015fd\u00fcs\u0259, 2019 sosial inki\u015faf v\u0259 rifah ili kimi \u00f6z t\u0259sdiqini tapd\u0131. ARANTV.AZ\u00a0 bildirir ki, bu fikirl\u0259ri\u00a0Trend-\u0259 Milli M\u0259clisin Yeni Az\u0259rbaycan Partiyas\u0131ndan olan deputat\u0131, tarix \u00fczr\u0259 f\u0259ls\u0259f\u0259 doktoru P\u0259rvin K\u0259rimzad\u0259 deyib. Deputat bildirib&hellip;<\/p>\n","protected":false},"author":2,"featured_media":69903,"comment_status":"closed","ping_status":"closed","sticky":false,"template":"","format":"standard","meta":{"om_disable_all_campaigns":false,"_monsterinsights_skip_tracking":false,"_monsterinsights_sitenote_active":false,"_monsterinsights_sitenote_note":"","_monsterinsights_sitenote_category":0},"categories":[4],"tags":[],"aioseo_notices":[],"gutentor_comment":0,"rttpg_featured_image_url":{"full":["https:\/\/arantv.az\/wp-content\/uploads\/2019\/06\/766670.jpg",800,600,false],"landscape":["https:\/\/arantv.az\/wp-content\/uploads\/2019\/06\/766670.jpg",800,600,false],"portraits":["https:\/\/arantv.az\/wp-content\/uploads\/2019\/06\/766670.jpg",800,600,false],"thumbnail":["https:\/\/arantv.az\/wp-content\/uploads\/2019\/06\/766670-150x150.jpg",150,150,true],"medium":["https:\/\/arantv.az\/wp-content\/uploads\/2019\/06\/766670-300x225.jpg",300,225,true],"large":["https:\/\/arantv.az\/wp-content\/uploads\/2019\/06\/766670.jpg",640,480,false],"1536x1536":["https:\/\/arantv.az\/wp-content\/uploads\/2019\/06\/766670.jpg",800,600,false],"2048x2048":["https:\/\/arantv.az\/wp-content\/uploads\/2019\/06\/766670.jpg",800,600,false],"post-thumbnail":["https:\/\/arantv.az\/wp-content\/uploads\/2019\/06\/766670-240x172.jpg",240,172,true],"advps-thumb-one":["https:\/\/arantv.az\/wp-content\/uploads\/2019\/06\/766670.jpg",800,600,false]},"rttpg_author":{"display_name":"V\u00fcsal Rafiqo\u011flu","author_link":"https:\/\/arantv.az\/?author=2"},"rttpg_comment":0,"rttpg_category":"<a href=\"https:\/\/arantv.az\/?cat=4\" rel=\"category\">Siyas\u0259t<\/a>","rttpg_excerpt":"2019-cu il Az\u0259rbaycan\u0131n tarixin\u0259 sosial m\u00fcdafi\u0259 v\u0259 sosial rifah ili kimi daxil oldu. \u018fhalinin sosial m\u00fcdafi\u0259sinin daha da g\u00fccl\u0259nm\u0259si il\u0259 xarakteriz\u0259 olunan ilin ilk ay\u0131nda at\u0131lan add\u0131mlar, imzalanan f\u0259rman v\u0259 s\u0259r\u0259ncamlar insan amilinin Prezident \u0130lham \u018fliyevin u\u011furlu siyas\u0259tinin m\u0259rk\u0259zind\u0259 dayand\u0131\u011f\u0131n\u0131 bir daha t\u0259sdiq etdi. Sevindirici hald\u0131r ki, 2017-ci il iqtisadiyyat\u0131m\u0131z\u0131n sabitl\u0259\u015fm\u0259si, 2018-ci il iqtisadi inki\u015faf&hellip;","_links":{"self":[{"href":"https:\/\/arantv.az\/index.php?rest_route=\/wp\/v2\/posts\/69902"}],"collection":[{"href":"https:\/\/arantv.az\/index.php?rest_route=\/wp\/v2\/posts"}],"about":[{"href":"https:\/\/arantv.az\/index.php?rest_route=\/wp\/v2\/types\/post"}],"author":[{"embeddable":true,"href":"https:\/\/arantv.az\/index.php?rest_route=\/wp\/v2\/users\/2"}],"replies":[{"embeddable":true,"href":"https:\/\/arantv.az\/index.php?rest_route=%2Fwp%2Fv2%2Fcomments&post=69902"}],"version-history":[{"count":0,"href":"https:\/\/arantv.az\/index.php?rest_route=\/wp\/v2\/posts\/69902\/revisions"}],"wp:featuredmedia":[{"embeddable":true,"href":"https:\/\/arantv.az\/index.php?rest_route=\/wp\/v2\/media\/69903"}],"wp:attachment":[{"href":"https:\/\/arantv.az\/index.php?rest_route=%2Fwp%2Fv2%2Fmedia&parent=69902"}],"wp:term":[{"taxonomy":"category","embeddable":true,"href":"https:\/\/arantv.az\/index.php?rest_route=%2Fwp%2Fv2%2Fcategories&post=69902"},{"taxonomy":"post_tag","embeddable":true,"href":"https:\/\/arantv.az\/index.php?rest_route=%2Fwp%2Fv2%2Ftags&post=69902"}],"curies":[{"name":"wp","href":"https:\/\/api.w.org\/{rel}","templated":true}]}}