{"id":69905,"date":"2019-06-28T09:34:52","date_gmt":"2019-06-28T06:34:52","guid":{"rendered":"http:\/\/arantv.az\/?p=69905"},"modified":"2019-06-28T09:34:52","modified_gmt":"2019-06-28T06:34:52","slug":"d%c9%99hs%c9%99tli-q%c9%99zada-yaralanan-v%c9%99zif%c9%99li-s%c9%99xs-bakiya-g%c9%99tirildi","status":"publish","type":"post","link":"https:\/\/arantv.az\/?p=69905","title":{"rendered":"D\u0259h\u015f\u0259tli q\u0259zada yaralanan v\u0259zif\u0259li \u015f\u0259xs BAKIYA G\u018fT\u0130R\u0130LD\u0130"},"content":{"rendered":"<p>D\u00fcn\u0259n Bil\u0259suvar rayonunda ba\u015f ver\u0259n a\u011f\u0131r yol-n\u0259qliyyat hadis\u0259sind\u0259 zaman\u0131 x\u0259sar\u0259t alan s\u00fcr\u00fcc\u00fc Bak\u0131ya g\u0259tirilib.<\/p>\n<p>Kliniki Tibbi M\u0259rk\u0259zd\u0259n Publika.az-a veril\u0259n m\u0259lumata g\u00f6r\u0259, &#8220;VAZ 21 015&#8221; markal\u0131 avtomobilla toqqu\u015fan &#8220;Lada Priora&#8221;n\u0131n s\u00fcr\u00fcc\u00fcs\u00fc, 1955-ci il t\u0259v\u0259ll\u00fcdl\u00fc D\u00f6vl\u0259tov \u015eakir \u018fhm\u0259d o\u011flu x\u0259st\u0259xana\u0131n c\u0259rrahiyy\u0259 \u015f\u00f6b\u0259sin\u0259 yerl\u0259\u015fdirilib.<\/p>\n<p>Qeyd ed\u0259k ki, d\u0259h\u015f\u0259tli q\u0259zada Bil\u0259suvar rayon sakinl\u0259ri &#8211; &#8220;VAZ-21015&#8221; markal\u0131 avtomobild\u0259 olan 1944-c\u00fc il t\u0259v\u0259ll\u00fcdl\u00fc \u015e\u00fckuf\u0259 Q\u0259hr\u0259man q\u0131z\u0131 Ta\u011f\u0131yeva v\u0259 1961-ci il t\u0259v\u0259ll\u00fcdl\u00fc H\u00fcseynova G\u00fcll\u00fcb\u0259yim Mehdi q\u0131z\u0131 hadis\u0259 yerind\u0259 \u00f6l\u00fcb.<\/p>\n<p>Q\u0259zada x\u0259sar\u0259t alan h\u0259r iki s\u00fcr\u00fcc\u00fc v\u0259 \u0130sm\u0259tli k\u0259nd sakinl\u0259ri &#8211; 1993-c\u00fc il t\u0259v\u0259ll\u00fcdl\u00fc Ta\u011f\u0131zad\u0259 Araz \u018fs\u0259d o\u011flu v\u0259 1979-cu il t\u0259v\u0259ll\u00fcdl\u00fc \u018fliyeva M\u0259lah\u0259t Qurban q\u0131z\u0131 Bil\u0259suvar Rayon M\u0259rk\u0259zi X\u0259st\u0259xanas\u0131na yerl\u0259\u015fdirilib.<\/p>\n<p>&#8220;Lada Priora&#8221; markal\u0131 avtomobilin s\u00fcr\u00fcc\u00fcs\u00fc \u015eakir D\u00f6vl\u0259tov Bil\u0259suvar Rayon M\u0259rk\u0259zi X\u0259st\u0259xanas\u0131n\u0131n Terapiya \u015f\u00f6b\u0259sinin m\u00fcdiridir.<\/p>\n<p>Faktla ba\u011fl\u0131 ara\u015fd\u0131rmalar davam etdirilir.<\/p>\n","protected":false},"excerpt":{"rendered":"<p>D\u00fcn\u0259n Bil\u0259suvar rayonunda ba\u015f ver\u0259n a\u011f\u0131r yol-n\u0259qliyyat hadis\u0259sind\u0259 zaman\u0131 x\u0259sar\u0259t alan s\u00fcr\u00fcc\u00fc Bak\u0131ya g\u0259tirilib. Kliniki Tibbi M\u0259rk\u0259zd\u0259n Publika.az-a veril\u0259n m\u0259lumata g\u00f6r\u0259, &#8220;VAZ 21 015&#8221; markal\u0131 avtomobilla toqqu\u015fan &#8220;Lada Priora&#8221;n\u0131n s\u00fcr\u00fcc\u00fcs\u00fc, 1955-ci il t\u0259v\u0259ll\u00fcdl\u00fc D\u00f6vl\u0259tov \u015eakir \u018fhm\u0259d o\u011flu x\u0259st\u0259xana\u0131n c\u0259rrahiyy\u0259 \u015f\u00f6b\u0259sin\u0259 yerl\u0259\u015fdirilib. Qeyd ed\u0259k ki, d\u0259h\u015f\u0259tli q\u0259zada Bil\u0259suvar rayon sakinl\u0259ri &#8211; &#8220;VAZ-21015&#8221; markal\u0131 avtomobild\u0259 olan 1944-c\u00fc il t\u0259v\u0259ll\u00fcdl\u00fc \u015e\u00fckuf\u0259 Q\u0259hr\u0259man q\u0131z\u0131 Ta\u011f\u0131yeva v\u0259 1961-ci il t\u0259v\u0259ll\u00fcdl\u00fc H\u00fcseynova G\u00fcll\u00fcb\u0259yim Mehdi q\u0131z\u0131 hadis\u0259 yerind\u0259 \u00f6l\u00fcb. Q\u0259zada x\u0259sar\u0259t alan h\u0259r iki s\u00fcr\u00fcc\u00fc v\u0259 \u0130sm\u0259tli k\u0259nd sakinl\u0259ri &#8211; 1993-c\u00fc il t\u0259v\u0259ll\u00fcdl\u00fc Ta\u011f\u0131zad\u0259 Araz \u018fs\u0259d o\u011flu&hellip;<\/p>\n","protected":false},"author":2,"featured_media":69906,"comment_status":"closed","ping_status":"closed","sticky":false,"template":"","format":"standard","meta":{"om_disable_all_campaigns":false,"_monsterinsights_skip_tracking":false,"_monsterinsights_sitenote_active":false,"_monsterinsights_sitenote_note":"","_monsterinsights_sitenote_category":0},"categories":[5],"tags":[],"aioseo_notices":[],"gutentor_comment":0,"rttpg_featured_image_url":{"full":["https:\/\/arantv.az\/wp-content\/uploads\/2019\/06\/1561702803ambulance_tecili_tibbi8.jpg",549,309,false],"landscape":["https:\/\/arantv.az\/wp-content\/uploads\/2019\/06\/1561702803ambulance_tecili_tibbi8.jpg",549,309,false],"portraits":["https:\/\/arantv.az\/wp-content\/uploads\/2019\/06\/1561702803ambulance_tecili_tibbi8.jpg",549,309,false],"thumbnail":["https:\/\/arantv.az\/wp-content\/uploads\/2019\/06\/1561702803ambulance_tecili_tibbi8-150x150.jpg",150,150,true],"medium":["https:\/\/arantv.az\/wp-content\/uploads\/2019\/06\/1561702803ambulance_tecili_tibbi8-300x169.jpg",300,169,true],"large":["https:\/\/arantv.az\/wp-content\/uploads\/2019\/06\/1561702803ambulance_tecili_tibbi8.jpg",549,309,false],"1536x1536":["https:\/\/arantv.az\/wp-content\/uploads\/2019\/06\/1561702803ambulance_tecili_tibbi8.jpg",549,309,false],"2048x2048":["https:\/\/arantv.az\/wp-content\/uploads\/2019\/06\/1561702803ambulance_tecili_tibbi8.jpg",549,309,false],"post-thumbnail":["https:\/\/arantv.az\/wp-content\/uploads\/2019\/06\/1561702803ambulance_tecili_tibbi8-240x172.jpg",240,172,true],"advps-thumb-one":["https:\/\/arantv.az\/wp-content\/uploads\/2019\/06\/1561702803ambulance_tecili_tibbi8.jpg",549,309,false]},"rttpg_author":{"display_name":"V\u00fcsal Rafiqo\u011flu","author_link":"https:\/\/arantv.az\/?author=2"},"rttpg_comment":0,"rttpg_category":"<a href=\"https:\/\/arantv.az\/?cat=5\" rel=\"category\">Hadis\u0259<\/a>","rttpg_excerpt":"D\u00fcn\u0259n Bil\u0259suvar rayonunda ba\u015f ver\u0259n a\u011f\u0131r yol-n\u0259qliyyat hadis\u0259sind\u0259 zaman\u0131 x\u0259sar\u0259t alan s\u00fcr\u00fcc\u00fc Bak\u0131ya g\u0259tirilib. Kliniki Tibbi M\u0259rk\u0259zd\u0259n Publika.az-a veril\u0259n m\u0259lumata g\u00f6r\u0259, &#8220;VAZ 21 015&#8221; markal\u0131 avtomobilla toqqu\u015fan &#8220;Lada Priora&#8221;n\u0131n s\u00fcr\u00fcc\u00fcs\u00fc, 1955-ci il t\u0259v\u0259ll\u00fcdl\u00fc D\u00f6vl\u0259tov \u015eakir \u018fhm\u0259d o\u011flu x\u0259st\u0259xana\u0131n c\u0259rrahiyy\u0259 \u015f\u00f6b\u0259sin\u0259 yerl\u0259\u015fdirilib. Qeyd ed\u0259k ki, d\u0259h\u015f\u0259tli q\u0259zada Bil\u0259suvar rayon sakinl\u0259ri &#8211; &#8220;VAZ-21015&#8221; markal\u0131 avtomobild\u0259 olan 1944-c\u00fc&hellip;","_links":{"self":[{"href":"https:\/\/arantv.az\/index.php?rest_route=\/wp\/v2\/posts\/69905"}],"collection":[{"href":"https:\/\/arantv.az\/index.php?rest_route=\/wp\/v2\/posts"}],"about":[{"href":"https:\/\/arantv.az\/index.php?rest_route=\/wp\/v2\/types\/post"}],"author":[{"embeddable":true,"href":"https:\/\/arantv.az\/index.php?rest_route=\/wp\/v2\/users\/2"}],"replies":[{"embeddable":true,"href":"https:\/\/arantv.az\/index.php?rest_route=%2Fwp%2Fv2%2Fcomments&post=69905"}],"version-history":[{"count":0,"href":"https:\/\/arantv.az\/index.php?rest_route=\/wp\/v2\/posts\/69905\/revisions"}],"wp:featuredmedia":[{"embeddable":true,"href":"https:\/\/arantv.az\/index.php?rest_route=\/wp\/v2\/media\/69906"}],"wp:attachment":[{"href":"https:\/\/arantv.az\/index.php?rest_route=%2Fwp%2Fv2%2Fmedia&parent=69905"}],"wp:term":[{"taxonomy":"category","embeddable":true,"href":"https:\/\/arantv.az\/index.php?rest_route=%2Fwp%2Fv2%2Fcategories&post=69905"},{"taxonomy":"post_tag","embeddable":true,"href":"https:\/\/arantv.az\/index.php?rest_route=%2Fwp%2Fv2%2Ftags&post=69905"}],"curies":[{"name":"wp","href":"https:\/\/api.w.org\/{rel}","templated":true}]}}