{"id":69920,"date":"2019-06-28T09:49:06","date_gmt":"2019-06-28T06:49:06","guid":{"rendered":"http:\/\/arantv.az\/?p=69920"},"modified":"2019-06-28T09:49:06","modified_gmt":"2019-06-28T06:49:06","slug":"d%c9%99hs%c9%99tli-anlar-kamerada-k%c9%99sdiyi-agacin-altinda-qalib-olduvideo","status":"publish","type":"post","link":"https:\/\/arantv.az\/?p=69920","title":{"rendered":"D\u0259h\u015f\u0259tli anlar kamerada: K\u0259sdiyi a\u011fac\u0131n alt\u0131nda qal\u0131b \u00f6ld\u00fc+V\u0130DEO"},"content":{"rendered":"<p>Ba\u011fda t\u0259mizlik i\u015fl\u0259ri aparan ba\u011fban faci\u0259li \u015f\u0259kild\u0259 \u00f6l\u00fcb.<\/p>\n<p><b>ARANTV.AZ\u00a0<\/b>Oxu24.com-a istinad\u0259n x\u0259b\u0259r verir ki, sosial \u015f\u0259b\u0259k\u0259l\u0259rd\u0259 hadis\u0259 il\u0259 ba\u011fl\u0131 video yay\u0131l\u0131b. G\u00f6r\u00fcnt\u00fcl\u0259rd\u0259n m\u0259lum olur ki, a\u011fac\u0131 budayan ba\u011fban k\u0259sdiyi a\u011fac\u0131n alt\u0131nda qalaraq \u00f6l\u00fcr. Hadis\u0259 an\u0131 anbaan kameralara qeyd olunub. H\u0259min videonu t\u0259qdim edirik:<\/p>\n<div id=\"AdviadNativeVideo0\" class=\"AdviadNativeVideo\"><\/div>\n<div class=\"embed-responsive embed-responsive-16by9\"><iframe loading=\"lazy\" id=\"nmqembedid\" class=\"embed-responsive-item\" title=\"video player\" src=\"https:\/\/izle.az\/embed\/S6qwNTOztDQFAA~~\" width=\"600\" height=\"340\" frameborder=\"0\" scrolling=\"no\" allowfullscreen=\"allowfullscreen\" data-mce-fragment=\"1\"><\/iframe><\/div>\n<div id=\"myrekopen\" class=\"bannerklass\">\n<div id=\"SC_TBlock_538956\" class=\"SC_TBlock\"><\/div>\n<\/div>\n","protected":false},"excerpt":{"rendered":"<p>Ba\u011fda t\u0259mizlik i\u015fl\u0259ri aparan ba\u011fban faci\u0259li \u015f\u0259kild\u0259 \u00f6l\u00fcb. ARANTV.AZ\u00a0Oxu24.com-a istinad\u0259n x\u0259b\u0259r verir ki, sosial \u015f\u0259b\u0259k\u0259l\u0259rd\u0259 hadis\u0259 il\u0259 ba\u011fl\u0131 video yay\u0131l\u0131b. G\u00f6r\u00fcnt\u00fcl\u0259rd\u0259n m\u0259lum olur ki, a\u011fac\u0131 budayan ba\u011fban k\u0259sdiyi a\u011fac\u0131n alt\u0131nda qalaraq \u00f6l\u00fcr. Hadis\u0259 an\u0131 anbaan kameralara qeyd olunub. H\u0259min videonu t\u0259qdim edirik:<\/p>\n","protected":false},"author":2,"featured_media":69921,"comment_status":"closed","ping_status":"closed","sticky":false,"template":"","format":"standard","meta":{"om_disable_all_campaigns":false,"_monsterinsights_skip_tracking":false,"_monsterinsights_sitenote_active":false,"_monsterinsights_sitenote_note":"","_monsterinsights_sitenote_category":0},"categories":[5],"tags":[],"aioseo_notices":[],"gutentor_comment":0,"rttpg_featured_image_url":{"full":["https:\/\/arantv.az\/wp-content\/uploads\/2019\/06\/1561702922_liveleak-dot-com-5d14bc54c8849_8_sf.jpg",549,286,false],"landscape":["https:\/\/arantv.az\/wp-content\/uploads\/2019\/06\/1561702922_liveleak-dot-com-5d14bc54c8849_8_sf.jpg",549,286,false],"portraits":["https:\/\/arantv.az\/wp-content\/uploads\/2019\/06\/1561702922_liveleak-dot-com-5d14bc54c8849_8_sf.jpg",549,286,false],"thumbnail":["https:\/\/arantv.az\/wp-content\/uploads\/2019\/06\/1561702922_liveleak-dot-com-5d14bc54c8849_8_sf-150x150.jpg",150,150,true],"medium":["https:\/\/arantv.az\/wp-content\/uploads\/2019\/06\/1561702922_liveleak-dot-com-5d14bc54c8849_8_sf-300x156.jpg",300,156,true],"large":["https:\/\/arantv.az\/wp-content\/uploads\/2019\/06\/1561702922_liveleak-dot-com-5d14bc54c8849_8_sf.jpg",549,286,false],"1536x1536":["https:\/\/arantv.az\/wp-content\/uploads\/2019\/06\/1561702922_liveleak-dot-com-5d14bc54c8849_8_sf.jpg",549,286,false],"2048x2048":["https:\/\/arantv.az\/wp-content\/uploads\/2019\/06\/1561702922_liveleak-dot-com-5d14bc54c8849_8_sf.jpg",549,286,false],"post-thumbnail":["https:\/\/arantv.az\/wp-content\/uploads\/2019\/06\/1561702922_liveleak-dot-com-5d14bc54c8849_8_sf-240x172.jpg",240,172,true],"advps-thumb-one":["https:\/\/arantv.az\/wp-content\/uploads\/2019\/06\/1561702922_liveleak-dot-com-5d14bc54c8849_8_sf.jpg",549,286,false]},"rttpg_author":{"display_name":"V\u00fcsal Rafiqo\u011flu","author_link":"https:\/\/arantv.az\/?author=2"},"rttpg_comment":0,"rttpg_category":"<a href=\"https:\/\/arantv.az\/?cat=5\" rel=\"category\">Hadis\u0259<\/a>","rttpg_excerpt":"Ba\u011fda t\u0259mizlik i\u015fl\u0259ri aparan ba\u011fban faci\u0259li \u015f\u0259kild\u0259 \u00f6l\u00fcb. ARANTV.AZ\u00a0Oxu24.com-a istinad\u0259n x\u0259b\u0259r verir ki, sosial \u015f\u0259b\u0259k\u0259l\u0259rd\u0259 hadis\u0259 il\u0259 ba\u011fl\u0131 video yay\u0131l\u0131b. G\u00f6r\u00fcnt\u00fcl\u0259rd\u0259n m\u0259lum olur ki, a\u011fac\u0131 budayan ba\u011fban k\u0259sdiyi a\u011fac\u0131n alt\u0131nda qalaraq \u00f6l\u00fcr. Hadis\u0259 an\u0131 anbaan kameralara qeyd olunub. H\u0259min videonu t\u0259qdim edirik:","_links":{"self":[{"href":"https:\/\/arantv.az\/index.php?rest_route=\/wp\/v2\/posts\/69920"}],"collection":[{"href":"https:\/\/arantv.az\/index.php?rest_route=\/wp\/v2\/posts"}],"about":[{"href":"https:\/\/arantv.az\/index.php?rest_route=\/wp\/v2\/types\/post"}],"author":[{"embeddable":true,"href":"https:\/\/arantv.az\/index.php?rest_route=\/wp\/v2\/users\/2"}],"replies":[{"embeddable":true,"href":"https:\/\/arantv.az\/index.php?rest_route=%2Fwp%2Fv2%2Fcomments&post=69920"}],"version-history":[{"count":0,"href":"https:\/\/arantv.az\/index.php?rest_route=\/wp\/v2\/posts\/69920\/revisions"}],"wp:featuredmedia":[{"embeddable":true,"href":"https:\/\/arantv.az\/index.php?rest_route=\/wp\/v2\/media\/69921"}],"wp:attachment":[{"href":"https:\/\/arantv.az\/index.php?rest_route=%2Fwp%2Fv2%2Fmedia&parent=69920"}],"wp:term":[{"taxonomy":"category","embeddable":true,"href":"https:\/\/arantv.az\/index.php?rest_route=%2Fwp%2Fv2%2Fcategories&post=69920"},{"taxonomy":"post_tag","embeddable":true,"href":"https:\/\/arantv.az\/index.php?rest_route=%2Fwp%2Fv2%2Ftags&post=69920"}],"curies":[{"name":"wp","href":"https:\/\/api.w.org\/{rel}","templated":true}]}}