{"id":69923,"date":"2019-06-28T09:50:45","date_gmt":"2019-06-28T06:50:45","guid":{"rendered":"http:\/\/arantv.az\/?p=69923"},"modified":"2019-06-28T09:50:45","modified_gmt":"2019-06-28T06:50:45","slug":"bakida-ana-iki-usagi-il%c9%99-birlikd%c9%99-itkin-dusdu","status":"publish","type":"post","link":"https:\/\/arantv.az\/?p=69923","title":{"rendered":"Bak\u0131da ana iki u\u015fa\u011f\u0131 il\u0259 birlikd\u0259 itkin d\u00fc\u015fd\u00fc"},"content":{"rendered":"<p>Bak\u0131da ana iki u\u015fa\u011f\u0131 il\u0259 birlikd\u0259 yoxa \u00e7\u0131x\u0131b<\/p>\n<p>Bin\u0259q\u0259di rayon sakini Mahir Qamboyev rayon Polis \u0130dar\u0259sinin 40-c\u0131 Polis B\u00f6lm\u0259sin\u0259 m\u00fcraci\u0259t ed\u0259r\u0259k bildirib ki, h\u0259yat yolda\u015f\u0131, 1986-c\u0131 il t\u0259v\u0259ll\u00fcdl\u00fc H\u0259lim\u0259 Qamboyeva, \u00f6vladlar\u0131 &#8211; 2007-ci il t\u0259v\u0259ll\u00fcdl\u00fc G\u00fcnay v\u0259 2010-cu il t\u0259v\u0259ll\u00fcdl\u00fc Yusifl\u0259 birlikd\u0259 evd\u0259n \u00e7\u0131x\u0131b geri qay\u0131tmay\u0131b.<\/p>\n<p>Faktla ba\u011fl\u0131 ara\u015fd\u0131rma apar\u0131l\u0131r.(apa.az)<\/p>\n","protected":false},"excerpt":{"rendered":"<p>Bak\u0131da ana iki u\u015fa\u011f\u0131 il\u0259 birlikd\u0259 yoxa \u00e7\u0131x\u0131b Bin\u0259q\u0259di rayon sakini Mahir Qamboyev rayon Polis \u0130dar\u0259sinin 40-c\u0131 Polis B\u00f6lm\u0259sin\u0259 m\u00fcraci\u0259t ed\u0259r\u0259k bildirib ki, h\u0259yat yolda\u015f\u0131, 1986-c\u0131 il t\u0259v\u0259ll\u00fcdl\u00fc H\u0259lim\u0259 Qamboyeva, \u00f6vladlar\u0131 &#8211; 2007-ci il t\u0259v\u0259ll\u00fcdl\u00fc G\u00fcnay v\u0259 2010-cu il t\u0259v\u0259ll\u00fcdl\u00fc Yusifl\u0259 birlikd\u0259 evd\u0259n \u00e7\u0131x\u0131b geri qay\u0131tmay\u0131b. Faktla ba\u011fl\u0131 ara\u015fd\u0131rma apar\u0131l\u0131r.(apa.az)<\/p>\n","protected":false},"author":2,"featured_media":69924,"comment_status":"closed","ping_status":"closed","sticky":false,"template":"","format":"standard","meta":{"om_disable_all_campaigns":false,"_monsterinsights_skip_tracking":false,"_monsterinsights_sitenote_active":false,"_monsterinsights_sitenote_note":"","_monsterinsights_sitenote_category":0},"categories":[5],"tags":[],"aioseo_notices":[],"gutentor_comment":0,"rttpg_featured_image_url":{"full":["https:\/\/arantv.az\/wp-content\/uploads\/2019\/06\/ana-ve-iki-usaq.jpg",549,411,false],"landscape":["https:\/\/arantv.az\/wp-content\/uploads\/2019\/06\/ana-ve-iki-usaq.jpg",549,411,false],"portraits":["https:\/\/arantv.az\/wp-content\/uploads\/2019\/06\/ana-ve-iki-usaq.jpg",549,411,false],"thumbnail":["https:\/\/arantv.az\/wp-content\/uploads\/2019\/06\/ana-ve-iki-usaq-150x150.jpg",150,150,true],"medium":["https:\/\/arantv.az\/wp-content\/uploads\/2019\/06\/ana-ve-iki-usaq-300x225.jpg",300,225,true],"large":["https:\/\/arantv.az\/wp-content\/uploads\/2019\/06\/ana-ve-iki-usaq.jpg",549,411,false],"1536x1536":["https:\/\/arantv.az\/wp-content\/uploads\/2019\/06\/ana-ve-iki-usaq.jpg",549,411,false],"2048x2048":["https:\/\/arantv.az\/wp-content\/uploads\/2019\/06\/ana-ve-iki-usaq.jpg",549,411,false],"post-thumbnail":["https:\/\/arantv.az\/wp-content\/uploads\/2019\/06\/ana-ve-iki-usaq-240x172.jpg",240,172,true],"advps-thumb-one":["https:\/\/arantv.az\/wp-content\/uploads\/2019\/06\/ana-ve-iki-usaq.jpg",549,411,false]},"rttpg_author":{"display_name":"V\u00fcsal Rafiqo\u011flu","author_link":"https:\/\/arantv.az\/?author=2"},"rttpg_comment":0,"rttpg_category":"<a href=\"https:\/\/arantv.az\/?cat=5\" rel=\"category\">Hadis\u0259<\/a>","rttpg_excerpt":"Bak\u0131da ana iki u\u015fa\u011f\u0131 il\u0259 birlikd\u0259 yoxa \u00e7\u0131x\u0131b Bin\u0259q\u0259di rayon sakini Mahir Qamboyev rayon Polis \u0130dar\u0259sinin 40-c\u0131 Polis B\u00f6lm\u0259sin\u0259 m\u00fcraci\u0259t ed\u0259r\u0259k bildirib ki, h\u0259yat yolda\u015f\u0131, 1986-c\u0131 il t\u0259v\u0259ll\u00fcdl\u00fc H\u0259lim\u0259 Qamboyeva, \u00f6vladlar\u0131 &#8211; 2007-ci il t\u0259v\u0259ll\u00fcdl\u00fc G\u00fcnay v\u0259 2010-cu il t\u0259v\u0259ll\u00fcdl\u00fc Yusifl\u0259 birlikd\u0259 evd\u0259n \u00e7\u0131x\u0131b geri qay\u0131tmay\u0131b. Faktla ba\u011fl\u0131 ara\u015fd\u0131rma apar\u0131l\u0131r.(apa.az)","_links":{"self":[{"href":"https:\/\/arantv.az\/index.php?rest_route=\/wp\/v2\/posts\/69923"}],"collection":[{"href":"https:\/\/arantv.az\/index.php?rest_route=\/wp\/v2\/posts"}],"about":[{"href":"https:\/\/arantv.az\/index.php?rest_route=\/wp\/v2\/types\/post"}],"author":[{"embeddable":true,"href":"https:\/\/arantv.az\/index.php?rest_route=\/wp\/v2\/users\/2"}],"replies":[{"embeddable":true,"href":"https:\/\/arantv.az\/index.php?rest_route=%2Fwp%2Fv2%2Fcomments&post=69923"}],"version-history":[{"count":0,"href":"https:\/\/arantv.az\/index.php?rest_route=\/wp\/v2\/posts\/69923\/revisions"}],"wp:featuredmedia":[{"embeddable":true,"href":"https:\/\/arantv.az\/index.php?rest_route=\/wp\/v2\/media\/69924"}],"wp:attachment":[{"href":"https:\/\/arantv.az\/index.php?rest_route=%2Fwp%2Fv2%2Fmedia&parent=69923"}],"wp:term":[{"taxonomy":"category","embeddable":true,"href":"https:\/\/arantv.az\/index.php?rest_route=%2Fwp%2Fv2%2Fcategories&post=69923"},{"taxonomy":"post_tag","embeddable":true,"href":"https:\/\/arantv.az\/index.php?rest_route=%2Fwp%2Fv2%2Ftags&post=69923"}],"curies":[{"name":"wp","href":"https:\/\/api.w.org\/{rel}","templated":true}]}}