{"id":69932,"date":"2019-06-28T10:22:06","date_gmt":"2019-06-28T07:22:06","guid":{"rendered":"http:\/\/arantv.az\/?p=69932"},"modified":"2019-06-28T10:22:06","modified_gmt":"2019-06-28T07:22:06","slug":"bakida-d%c9%99hs%c9%99t-diri-diri-yanaraq-oldu","status":"publish","type":"post","link":"https:\/\/arantv.az\/?p=69932","title":{"rendered":"Bak\u0131da D\u018fH\u015e\u018fT \u2013 Diri-diri yanaraq \u00f6ld\u00fc"},"content":{"rendered":"<p>Bak\u0131da \u00f6l\u00fcml\u0259 n\u0259tic\u0259l\u0259n\u0259n yan\u011f\u0131n hadis\u0259si ba\u015f verib.<\/p>\n<div id=\"AdviadNativeVideo0\" class=\"AdviadNativeVideo\"><\/div>\n<p><b>ARANTV.AZ\u00a0<\/b>publika-ya istinad\u0259n x\u0259b\u0259r verir ki, Qara\u00e7uxur q\u0259s\u0259b\u0259si F\u0259rman K\u0259rimzad\u0259 k\u00fc\u00e7\u0259sind\u0259 u\u015faq ba\u011f\u00e7as\u0131n\u0131n v\u0259 yax\u0131nl\u0131qdak\u0131 park\u0131n \u0259razisind\u0259ki quru otu v\u0259 kol-kosu toplayaraq yand\u0131ran \u018fliyev H\u00fcseyn Mehral\u0131 o\u011flu ehtiyats\u0131zl\u0131\u011f\u0131n qurban\u0131 olub. Bel\u0259 ki, o, toplad\u0131\u011f\u0131 v\u0259 tez al\u0131\u015fan kol-kosa od vurark\u0259n alov \u0259traf\u0131 b\u00fcr\u00fcy\u00fcb. Alovun aras\u0131nda qalan ki\u015fi a\u011f\u0131r x\u0259sar\u0259tl\u0259r al\u0131b. Onun h\u0259yat\u0131n\u0131 xilas etm\u0259k m\u00fcmk\u00fcn olmay\u0131b.<\/p>\n<p>Faktla ba\u011fl\u0131 ara\u015fd\u0131rma apar\u0131l\u0131r.<\/p>\n","protected":false},"excerpt":{"rendered":"<p>Bak\u0131da \u00f6l\u00fcml\u0259 n\u0259tic\u0259l\u0259n\u0259n yan\u011f\u0131n hadis\u0259si ba\u015f verib. ARANTV.AZ\u00a0publika-ya istinad\u0259n x\u0259b\u0259r verir ki, Qara\u00e7uxur q\u0259s\u0259b\u0259si F\u0259rman K\u0259rimzad\u0259 k\u00fc\u00e7\u0259sind\u0259 u\u015faq ba\u011f\u00e7as\u0131n\u0131n v\u0259 yax\u0131nl\u0131qdak\u0131 park\u0131n \u0259razisind\u0259ki quru otu v\u0259 kol-kosu toplayaraq yand\u0131ran \u018fliyev H\u00fcseyn Mehral\u0131 o\u011flu ehtiyats\u0131zl\u0131\u011f\u0131n qurban\u0131 olub. Bel\u0259 ki, o, toplad\u0131\u011f\u0131 v\u0259 tez al\u0131\u015fan kol-kosa od vurark\u0259n alov \u0259traf\u0131 b\u00fcr\u00fcy\u00fcb. Alovun aras\u0131nda qalan ki\u015fi a\u011f\u0131r x\u0259sar\u0259tl\u0259r al\u0131b. Onun h\u0259yat\u0131n\u0131 xilas etm\u0259k m\u00fcmk\u00fcn olmay\u0131b. Faktla ba\u011fl\u0131 ara\u015fd\u0131rma apar\u0131l\u0131r.<\/p>\n","protected":false},"author":2,"featured_media":69933,"comment_status":"closed","ping_status":"closed","sticky":false,"template":"","format":"standard","meta":{"om_disable_all_campaigns":false,"_monsterinsights_skip_tracking":false,"_monsterinsights_sitenote_active":false,"_monsterinsights_sitenote_note":"","_monsterinsights_sitenote_category":0},"categories":[5],"tags":[],"aioseo_notices":[],"gutentor_comment":0,"rttpg_featured_image_url":{"full":["https:\/\/arantv.az\/wp-content\/uploads\/2019\/06\/yandirdi3.jpg",649,365,false],"landscape":["https:\/\/arantv.az\/wp-content\/uploads\/2019\/06\/yandirdi3.jpg",649,365,false],"portraits":["https:\/\/arantv.az\/wp-content\/uploads\/2019\/06\/yandirdi3.jpg",649,365,false],"thumbnail":["https:\/\/arantv.az\/wp-content\/uploads\/2019\/06\/yandirdi3-150x150.jpg",150,150,true],"medium":["https:\/\/arantv.az\/wp-content\/uploads\/2019\/06\/yandirdi3-300x169.jpg",300,169,true],"large":["https:\/\/arantv.az\/wp-content\/uploads\/2019\/06\/yandirdi3.jpg",640,360,false],"1536x1536":["https:\/\/arantv.az\/wp-content\/uploads\/2019\/06\/yandirdi3.jpg",649,365,false],"2048x2048":["https:\/\/arantv.az\/wp-content\/uploads\/2019\/06\/yandirdi3.jpg",649,365,false],"post-thumbnail":["https:\/\/arantv.az\/wp-content\/uploads\/2019\/06\/yandirdi3-240x172.jpg",240,172,true],"advps-thumb-one":["https:\/\/arantv.az\/wp-content\/uploads\/2019\/06\/yandirdi3.jpg",649,365,false]},"rttpg_author":{"display_name":"V\u00fcsal Rafiqo\u011flu","author_link":"https:\/\/arantv.az\/?author=2"},"rttpg_comment":0,"rttpg_category":"<a href=\"https:\/\/arantv.az\/?cat=5\" rel=\"category\">Hadis\u0259<\/a>","rttpg_excerpt":"Bak\u0131da \u00f6l\u00fcml\u0259 n\u0259tic\u0259l\u0259n\u0259n yan\u011f\u0131n hadis\u0259si ba\u015f verib. ARANTV.AZ\u00a0publika-ya istinad\u0259n x\u0259b\u0259r verir ki, Qara\u00e7uxur q\u0259s\u0259b\u0259si F\u0259rman K\u0259rimzad\u0259 k\u00fc\u00e7\u0259sind\u0259 u\u015faq ba\u011f\u00e7as\u0131n\u0131n v\u0259 yax\u0131nl\u0131qdak\u0131 park\u0131n \u0259razisind\u0259ki quru otu v\u0259 kol-kosu toplayaraq yand\u0131ran \u018fliyev H\u00fcseyn Mehral\u0131 o\u011flu ehtiyats\u0131zl\u0131\u011f\u0131n qurban\u0131 olub. Bel\u0259 ki, o, toplad\u0131\u011f\u0131 v\u0259 tez al\u0131\u015fan kol-kosa od vurark\u0259n alov \u0259traf\u0131 b\u00fcr\u00fcy\u00fcb. Alovun aras\u0131nda qalan ki\u015fi a\u011f\u0131r x\u0259sar\u0259tl\u0259r&hellip;","_links":{"self":[{"href":"https:\/\/arantv.az\/index.php?rest_route=\/wp\/v2\/posts\/69932"}],"collection":[{"href":"https:\/\/arantv.az\/index.php?rest_route=\/wp\/v2\/posts"}],"about":[{"href":"https:\/\/arantv.az\/index.php?rest_route=\/wp\/v2\/types\/post"}],"author":[{"embeddable":true,"href":"https:\/\/arantv.az\/index.php?rest_route=\/wp\/v2\/users\/2"}],"replies":[{"embeddable":true,"href":"https:\/\/arantv.az\/index.php?rest_route=%2Fwp%2Fv2%2Fcomments&post=69932"}],"version-history":[{"count":0,"href":"https:\/\/arantv.az\/index.php?rest_route=\/wp\/v2\/posts\/69932\/revisions"}],"wp:featuredmedia":[{"embeddable":true,"href":"https:\/\/arantv.az\/index.php?rest_route=\/wp\/v2\/media\/69933"}],"wp:attachment":[{"href":"https:\/\/arantv.az\/index.php?rest_route=%2Fwp%2Fv2%2Fmedia&parent=69932"}],"wp:term":[{"taxonomy":"category","embeddable":true,"href":"https:\/\/arantv.az\/index.php?rest_route=%2Fwp%2Fv2%2Fcategories&post=69932"},{"taxonomy":"post_tag","embeddable":true,"href":"https:\/\/arantv.az\/index.php?rest_route=%2Fwp%2Fv2%2Ftags&post=69932"}],"curies":[{"name":"wp","href":"https:\/\/api.w.org\/{rel}","templated":true}]}}