{"id":69954,"date":"2019-06-28T10:52:31","date_gmt":"2019-06-28T07:52:31","guid":{"rendered":"http:\/\/arantv.az\/?p=69954"},"modified":"2019-06-28T10:52:31","modified_gmt":"2019-06-28T07:52:31","slug":"goygold%c9%99-itkin-dus%c9%99n-qadin-tapildi","status":"publish","type":"post","link":"https:\/\/arantv.az\/?p=69954","title":{"rendered":"G\u00f6yg\u00f6ld\u0259 itkin d\u00fc\u015f\u0259n qad\u0131n tap\u0131ld\u0131"},"content":{"rendered":"<p><strong>G\u00f6yg\u00f6ld\u0259 itkin d\u00fc\u015f\u0259n qad\u0131n tap\u0131l\u0131b.<\/strong><\/p>\n<p><strong>ARANTV.AZ<\/strong> trend-\u0259 istinad\u0259n bildirir ki,\u00a0hadis\u0259 iyunun 26-da G\u00f6yg\u00f6l rayonunun Murovda\u011f q\u0259s\u0259b\u0259sind\u0259 ba\u015f verib.<\/p>\n<p>Q\u0259s\u0259b\u0259 sakini, 1972-ci il t\u0259v\u0259ll\u00fcdl\u00fc ruhi \u0259s\u0259b x\u0259st\u0259si \u018fliyeva Xatun Q\u0259\u015f\u0259m q\u0131z\u0131 evd\u0259n \u00e7\u0131x\u0131b v\u0259 geri qay\u0131tmay\u0131b.<\/p>\n<p>H\u00fcquq-m\u00fchafiz\u0259 orqanlar\u0131 \u0259m\u0259kda\u015flar\u0131n\u0131n ke\u00e7irdikl\u0259ri \u0259m\u0259liyyat t\u0259dbirl\u0259ri n\u0259tic\u0259sind\u0259 X.\u018fliyevan\u0131n yeri m\u00fc\u0259yy\u0259n edilib v\u0259 o iyunun 27-d\u0259 tap\u0131laraq ail\u0259sin\u0259 t\u0259hvil verilib.<\/p>\n","protected":false},"excerpt":{"rendered":"<p>G\u00f6yg\u00f6ld\u0259 itkin d\u00fc\u015f\u0259n qad\u0131n tap\u0131l\u0131b. ARANTV.AZ trend-\u0259 istinad\u0259n bildirir ki,\u00a0hadis\u0259 iyunun 26-da G\u00f6yg\u00f6l rayonunun Murovda\u011f q\u0259s\u0259b\u0259sind\u0259 ba\u015f verib. Q\u0259s\u0259b\u0259 sakini, 1972-ci il t\u0259v\u0259ll\u00fcdl\u00fc ruhi \u0259s\u0259b x\u0259st\u0259si \u018fliyeva Xatun Q\u0259\u015f\u0259m q\u0131z\u0131 evd\u0259n \u00e7\u0131x\u0131b v\u0259 geri qay\u0131tmay\u0131b. H\u00fcquq-m\u00fchafiz\u0259 orqanlar\u0131 \u0259m\u0259kda\u015flar\u0131n\u0131n ke\u00e7irdikl\u0259ri \u0259m\u0259liyyat t\u0259dbirl\u0259ri n\u0259tic\u0259sind\u0259 X.\u018fliyevan\u0131n yeri m\u00fc\u0259yy\u0259n edilib v\u0259 o iyunun 27-d\u0259 tap\u0131laraq ail\u0259sin\u0259 t\u0259hvil verilib.<\/p>\n","protected":false},"author":2,"featured_media":69955,"comment_status":"closed","ping_status":"closed","sticky":false,"template":"","format":"standard","meta":{"om_disable_all_campaigns":false,"_monsterinsights_skip_tracking":false,"_monsterinsights_sitenote_active":false,"_monsterinsights_sitenote_note":"","_monsterinsights_sitenote_category":0},"categories":[5],"tags":[],"aioseo_notices":[],"gutentor_comment":0,"rttpg_featured_image_url":{"full":["https:\/\/arantv.az\/wp-content\/uploads\/2019\/06\/itkin_0003-1.jpg",482,361,false],"landscape":["https:\/\/arantv.az\/wp-content\/uploads\/2019\/06\/itkin_0003-1.jpg",482,361,false],"portraits":["https:\/\/arantv.az\/wp-content\/uploads\/2019\/06\/itkin_0003-1.jpg",482,361,false],"thumbnail":["https:\/\/arantv.az\/wp-content\/uploads\/2019\/06\/itkin_0003-1-150x150.jpg",150,150,true],"medium":["https:\/\/arantv.az\/wp-content\/uploads\/2019\/06\/itkin_0003-1-300x225.jpg",300,225,true],"large":["https:\/\/arantv.az\/wp-content\/uploads\/2019\/06\/itkin_0003-1.jpg",482,361,false],"1536x1536":["https:\/\/arantv.az\/wp-content\/uploads\/2019\/06\/itkin_0003-1.jpg",482,361,false],"2048x2048":["https:\/\/arantv.az\/wp-content\/uploads\/2019\/06\/itkin_0003-1.jpg",482,361,false],"post-thumbnail":["https:\/\/arantv.az\/wp-content\/uploads\/2019\/06\/itkin_0003-1-240x172.jpg",240,172,true],"advps-thumb-one":["https:\/\/arantv.az\/wp-content\/uploads\/2019\/06\/itkin_0003-1.jpg",482,361,false]},"rttpg_author":{"display_name":"V\u00fcsal Rafiqo\u011flu","author_link":"https:\/\/arantv.az\/?author=2"},"rttpg_comment":0,"rttpg_category":"<a href=\"https:\/\/arantv.az\/?cat=5\" rel=\"category\">Hadis\u0259<\/a>","rttpg_excerpt":"G\u00f6yg\u00f6ld\u0259 itkin d\u00fc\u015f\u0259n qad\u0131n tap\u0131l\u0131b. ARANTV.AZ trend-\u0259 istinad\u0259n bildirir ki,\u00a0hadis\u0259 iyunun 26-da G\u00f6yg\u00f6l rayonunun Murovda\u011f q\u0259s\u0259b\u0259sind\u0259 ba\u015f verib. Q\u0259s\u0259b\u0259 sakini, 1972-ci il t\u0259v\u0259ll\u00fcdl\u00fc ruhi \u0259s\u0259b x\u0259st\u0259si \u018fliyeva Xatun Q\u0259\u015f\u0259m q\u0131z\u0131 evd\u0259n \u00e7\u0131x\u0131b v\u0259 geri qay\u0131tmay\u0131b. H\u00fcquq-m\u00fchafiz\u0259 orqanlar\u0131 \u0259m\u0259kda\u015flar\u0131n\u0131n ke\u00e7irdikl\u0259ri \u0259m\u0259liyyat t\u0259dbirl\u0259ri n\u0259tic\u0259sind\u0259 X.\u018fliyevan\u0131n yeri m\u00fc\u0259yy\u0259n edilib v\u0259 o iyunun 27-d\u0259 tap\u0131laraq ail\u0259sin\u0259 t\u0259hvil verilib.","_links":{"self":[{"href":"https:\/\/arantv.az\/index.php?rest_route=\/wp\/v2\/posts\/69954"}],"collection":[{"href":"https:\/\/arantv.az\/index.php?rest_route=\/wp\/v2\/posts"}],"about":[{"href":"https:\/\/arantv.az\/index.php?rest_route=\/wp\/v2\/types\/post"}],"author":[{"embeddable":true,"href":"https:\/\/arantv.az\/index.php?rest_route=\/wp\/v2\/users\/2"}],"replies":[{"embeddable":true,"href":"https:\/\/arantv.az\/index.php?rest_route=%2Fwp%2Fv2%2Fcomments&post=69954"}],"version-history":[{"count":0,"href":"https:\/\/arantv.az\/index.php?rest_route=\/wp\/v2\/posts\/69954\/revisions"}],"wp:featuredmedia":[{"embeddable":true,"href":"https:\/\/arantv.az\/index.php?rest_route=\/wp\/v2\/media\/69955"}],"wp:attachment":[{"href":"https:\/\/arantv.az\/index.php?rest_route=%2Fwp%2Fv2%2Fmedia&parent=69954"}],"wp:term":[{"taxonomy":"category","embeddable":true,"href":"https:\/\/arantv.az\/index.php?rest_route=%2Fwp%2Fv2%2Fcategories&post=69954"},{"taxonomy":"post_tag","embeddable":true,"href":"https:\/\/arantv.az\/index.php?rest_route=%2Fwp%2Fv2%2Ftags&post=69954"}],"curies":[{"name":"wp","href":"https:\/\/api.w.org\/{rel}","templated":true}]}}