{"id":69957,"date":"2019-06-28T10:53:09","date_gmt":"2019-06-28T07:53:09","guid":{"rendered":"http:\/\/arantv.az\/?p=69957"},"modified":"2019-06-28T10:53:09","modified_gmt":"2019-06-28T07:53:09","slug":"bakida-s%c9%99rnisin-avtobusu-piyadani-vurdu","status":"publish","type":"post","link":"https:\/\/arantv.az\/?p=69957","title":{"rendered":"Bak\u0131da s\u0259rni\u015fin avtobusu piyadan\u0131 vurdu"},"content":{"rendered":"<p><strong>Qarada\u011f rayonunda piyadan\u0131n vurulmas\u0131 il\u0259 n\u0259tic\u0259l\u0259n\u0259n yol q\u0259zas\u0131 ba\u015f verib.<\/strong><\/p>\n<p><strong>ARANTV.AZ\u00a0<\/strong> \u00f6lk\u0259.az-a istinad\u0259n bildirir ki, hadis\u0259 rayonun M\u00fc\u015fviqabad q\u0259s\u0259b\u0259sind\u0259 hadis\u0259si ba\u015f verib.<\/p>\n<p>114 sayl\u0131 s\u0259rni\u015fin avtobusu yolu ke\u00e7m\u0259k ist\u0259y\u0259n 33 ya\u015fl\u0131 \u015e\u0259ms\u0259ddinov N\u0259simi Sabir o\u011flunu vurub.<\/p>\n<p>1 sayl\u0131 Klinik Tibbi M\u0259rk\u0259z\u0259 \u00e7atd\u0131r\u0131lan yaral\u0131ya a\u00e7\u0131q k\u0259ll\u0259-beyin travmas\u0131 diaqnozu qoyulub.<br \/>\nFaktla ba\u011fl\u0131 ara\u015fd\u0131rma apar\u0131l\u0131r.<\/p>\n","protected":false},"excerpt":{"rendered":"<p>Qarada\u011f rayonunda piyadan\u0131n vurulmas\u0131 il\u0259 n\u0259tic\u0259l\u0259n\u0259n yol q\u0259zas\u0131 ba\u015f verib. ARANTV.AZ\u00a0 \u00f6lk\u0259.az-a istinad\u0259n bildirir ki, hadis\u0259 rayonun M\u00fc\u015fviqabad q\u0259s\u0259b\u0259sind\u0259 hadis\u0259si ba\u015f verib. 114 sayl\u0131 s\u0259rni\u015fin avtobusu yolu ke\u00e7m\u0259k ist\u0259y\u0259n 33 ya\u015fl\u0131 \u015e\u0259ms\u0259ddinov N\u0259simi Sabir o\u011flunu vurub. 1 sayl\u0131 Klinik Tibbi M\u0259rk\u0259z\u0259 \u00e7atd\u0131r\u0131lan yaral\u0131ya a\u00e7\u0131q k\u0259ll\u0259-beyin travmas\u0131 diaqnozu qoyulub. Faktla ba\u011fl\u0131 ara\u015fd\u0131rma apar\u0131l\u0131r.<\/p>\n","protected":false},"author":2,"featured_media":69958,"comment_status":"closed","ping_status":"closed","sticky":false,"template":"","format":"standard","meta":{"om_disable_all_campaigns":false,"_monsterinsights_skip_tracking":false,"_monsterinsights_sitenote_active":false,"_monsterinsights_sitenote_note":"","_monsterinsights_sitenote_category":0},"categories":[5],"tags":[],"aioseo_notices":[],"gutentor_comment":0,"rttpg_featured_image_url":{"full":["https:\/\/arantv.az\/wp-content\/uploads\/2019\/06\/tecili_yardim_05.jpg",482,361,false],"landscape":["https:\/\/arantv.az\/wp-content\/uploads\/2019\/06\/tecili_yardim_05.jpg",482,361,false],"portraits":["https:\/\/arantv.az\/wp-content\/uploads\/2019\/06\/tecili_yardim_05.jpg",482,361,false],"thumbnail":["https:\/\/arantv.az\/wp-content\/uploads\/2019\/06\/tecili_yardim_05-150x150.jpg",150,150,true],"medium":["https:\/\/arantv.az\/wp-content\/uploads\/2019\/06\/tecili_yardim_05-300x225.jpg",300,225,true],"large":["https:\/\/arantv.az\/wp-content\/uploads\/2019\/06\/tecili_yardim_05.jpg",482,361,false],"1536x1536":["https:\/\/arantv.az\/wp-content\/uploads\/2019\/06\/tecili_yardim_05.jpg",482,361,false],"2048x2048":["https:\/\/arantv.az\/wp-content\/uploads\/2019\/06\/tecili_yardim_05.jpg",482,361,false],"post-thumbnail":["https:\/\/arantv.az\/wp-content\/uploads\/2019\/06\/tecili_yardim_05-240x172.jpg",240,172,true],"advps-thumb-one":["https:\/\/arantv.az\/wp-content\/uploads\/2019\/06\/tecili_yardim_05.jpg",482,361,false]},"rttpg_author":{"display_name":"V\u00fcsal Rafiqo\u011flu","author_link":"https:\/\/arantv.az\/?author=2"},"rttpg_comment":0,"rttpg_category":"<a href=\"https:\/\/arantv.az\/?cat=5\" rel=\"category\">Hadis\u0259<\/a>","rttpg_excerpt":"Qarada\u011f rayonunda piyadan\u0131n vurulmas\u0131 il\u0259 n\u0259tic\u0259l\u0259n\u0259n yol q\u0259zas\u0131 ba\u015f verib. ARANTV.AZ\u00a0 \u00f6lk\u0259.az-a istinad\u0259n bildirir ki, hadis\u0259 rayonun M\u00fc\u015fviqabad q\u0259s\u0259b\u0259sind\u0259 hadis\u0259si ba\u015f verib. 114 sayl\u0131 s\u0259rni\u015fin avtobusu yolu ke\u00e7m\u0259k ist\u0259y\u0259n 33 ya\u015fl\u0131 \u015e\u0259ms\u0259ddinov N\u0259simi Sabir o\u011flunu vurub. 1 sayl\u0131 Klinik Tibbi M\u0259rk\u0259z\u0259 \u00e7atd\u0131r\u0131lan yaral\u0131ya a\u00e7\u0131q k\u0259ll\u0259-beyin travmas\u0131 diaqnozu qoyulub. Faktla ba\u011fl\u0131 ara\u015fd\u0131rma apar\u0131l\u0131r.","_links":{"self":[{"href":"https:\/\/arantv.az\/index.php?rest_route=\/wp\/v2\/posts\/69957"}],"collection":[{"href":"https:\/\/arantv.az\/index.php?rest_route=\/wp\/v2\/posts"}],"about":[{"href":"https:\/\/arantv.az\/index.php?rest_route=\/wp\/v2\/types\/post"}],"author":[{"embeddable":true,"href":"https:\/\/arantv.az\/index.php?rest_route=\/wp\/v2\/users\/2"}],"replies":[{"embeddable":true,"href":"https:\/\/arantv.az\/index.php?rest_route=%2Fwp%2Fv2%2Fcomments&post=69957"}],"version-history":[{"count":0,"href":"https:\/\/arantv.az\/index.php?rest_route=\/wp\/v2\/posts\/69957\/revisions"}],"wp:featuredmedia":[{"embeddable":true,"href":"https:\/\/arantv.az\/index.php?rest_route=\/wp\/v2\/media\/69958"}],"wp:attachment":[{"href":"https:\/\/arantv.az\/index.php?rest_route=%2Fwp%2Fv2%2Fmedia&parent=69957"}],"wp:term":[{"taxonomy":"category","embeddable":true,"href":"https:\/\/arantv.az\/index.php?rest_route=%2Fwp%2Fv2%2Fcategories&post=69957"},{"taxonomy":"post_tag","embeddable":true,"href":"https:\/\/arantv.az\/index.php?rest_route=%2Fwp%2Fv2%2Ftags&post=69957"}],"curies":[{"name":"wp","href":"https:\/\/api.w.org\/{rel}","templated":true}]}}