{"id":69960,"date":"2019-06-28T10:59:06","date_gmt":"2019-06-28T07:59:06","guid":{"rendered":"http:\/\/arantv.az\/?p=69960"},"modified":"2019-06-28T11:15:24","modified_gmt":"2019-06-28T08:15:24","slug":"royanin-moht%c9%99s%c9%99m-konsertind%c9%99n-fotolar","status":"publish","type":"post","link":"https:\/\/arantv.az\/?p=69960","title":{"rendered":"\u201cKimin bel\u0259 sevgilisi var?\u201d konserti ba\u015f tutdu &#8211; fotolar"},"content":{"rendered":"<p>N\u0259hay\u0259t ki, art\u0131q g\u00fcnl\u0259rdir anonslar\u0131 yay\u0131mlanan v\u0259 h\u0259r k\u0259sin s\u0259brsizlikl\u0259 g\u00f6zl\u0259diyi \u201cKimin bel\u0259 sevgilisi var?\u201d adl\u0131 konsert ba\u015f tutdu. Yay\u0131n konserti Bak\u0131da \u201cElux Events Hall\u201dda realla\u015fd\u0131. <strong>ARANTV.AZ<\/strong>\u00a0 x\u0259b\u0259r verir ki, saat 19:00-dan etibar\u0259n qap\u0131lar konsert\u0259 g\u0259l\u0259n qonaqlar\u0131n \u00fcz\u00fcn\u0259 a\u00e7\u0131ld\u0131. Konsert \u00fc\u00e7\u00fcn n\u0259z\u0259rd\u0259 tutulan biletl\u0259r art\u0131q sat\u0131lsa da, son saatlarda m\u0259kana g\u0259l\u0259nl\u0259rin say\u0131 durmadan art\u0131rd\u0131. H\u0259r \u015feyin q\u00fcsursuz t\u0259rtib olundu\u011fu m\u0259kana \u0259m\u0259kdar artisti R\u00f6ya Ayxan\u0131n daxil olmas\u0131n\u0131 sev\u0259nl\u0259ri b\u00f6y\u00fck co\u015fqu il\u0259 qar\u015f\u0131lad\u0131. Ayxan\u0131 dinl\u0259m\u0259y\u0259 g\u0259l\u0259nl\u0259r aras\u0131nda \u015fou v\u0259 inc\u0259s\u0259n\u0259t al\u0259minin tan\u0131nm\u0131\u015f simalar\u0131 da yer al\u0131blar. \u018fm\u0259kdar artisti s\u0259hn\u0259d\u0259 g\u00f6st\u0259rdiyi performansla bundan \u0259vv\u0259lki m\u00fcsahib\u0259l\u0259rind\u0259 dediyi kimi, s\u00f6z\u00fcn\u0259 \u0259m\u0259l ed\u0259r\u0259k \u201cElux Events Hall\u201du yerind\u0259n oynatd\u0131. Konsertd\u0259 ard-arda hit mahn\u0131lar\u0131n\u0131 ifa ed\u0259n s\u0259n\u0259t\u00e7ini s\u0259hn\u0259d\u0259 Muxtar Abseynovun b\u0259dii r\u0259hb\u0259ri oldu\u011fu musiqi ansambl\u0131 m\u00fc\u015faiy\u0259t edib. Qeyd ed\u0259k ki, konsert proqram\u0131n\u0131n t\u0259\u015fkilat\u00e7\u0131s\u0131 &#8220;KEvents group&#8221; dur.<\/p>\n<p><img loading=\"lazy\" class=\"alignnone size-medium wp-image-69961\" src=\"https:\/\/arantv.az\/wp-content\/uploads\/2019\/06\/65430534_2339907802945992_1219050875545190400_n-300x200.jpg\" alt=\"\" width=\"300\" height=\"200\" \/><img loading=\"lazy\" class=\"alignnone size-medium wp-image-69962\" src=\"https:\/\/arantv.az\/wp-content\/uploads\/2019\/06\/65393168_278088509679272_5921420412553527296_n-300x200.jpg\" alt=\"\" width=\"300\" height=\"200\" \/><img loading=\"lazy\" class=\"alignnone size-medium wp-image-69963\" src=\"https:\/\/arantv.az\/wp-content\/uploads\/2019\/06\/65628139_475999556304138_7278216030357291008_n-207x300.jpg\" alt=\"\" width=\"207\" height=\"300\" \/><img loading=\"lazy\" class=\"alignnone size-medium wp-image-69964\" src=\"https:\/\/arantv.az\/wp-content\/uploads\/2019\/06\/65657558_510007282872382_8283013518903476224_n-213x300.jpg\" alt=\"\" width=\"213\" height=\"300\" \/><img loading=\"lazy\" class=\"alignnone size-medium wp-image-69965\" src=\"https:\/\/arantv.az\/wp-content\/uploads\/2019\/06\/65501708_864377307269379_3549120803138174976_n-300x197.jpg\" alt=\"\" width=\"300\" height=\"197\" \/><\/p>\n","protected":false},"excerpt":{"rendered":"<p>N\u0259hay\u0259t ki, art\u0131q g\u00fcnl\u0259rdir anonslar\u0131 yay\u0131mlanan v\u0259 h\u0259r k\u0259sin s\u0259brsizlikl\u0259 g\u00f6zl\u0259diyi \u201cKimin bel\u0259 sevgilisi var?\u201d adl\u0131 konsert ba\u015f tutdu. Yay\u0131n konserti Bak\u0131da \u201cElux Events Hall\u201dda realla\u015fd\u0131. ARANTV.AZ\u00a0 x\u0259b\u0259r verir ki, saat 19:00-dan etibar\u0259n qap\u0131lar konsert\u0259 g\u0259l\u0259n qonaqlar\u0131n \u00fcz\u00fcn\u0259 a\u00e7\u0131ld\u0131. Konsert \u00fc\u00e7\u00fcn n\u0259z\u0259rd\u0259 tutulan biletl\u0259r art\u0131q sat\u0131lsa da, son saatlarda m\u0259kana g\u0259l\u0259nl\u0259rin say\u0131 durmadan art\u0131rd\u0131. H\u0259r \u015feyin q\u00fcsursuz t\u0259rtib olundu\u011fu m\u0259kana \u0259m\u0259kdar artisti R\u00f6ya Ayxan\u0131n daxil olmas\u0131n\u0131 sev\u0259nl\u0259ri b\u00f6y\u00fck co\u015fqu il\u0259 qar\u015f\u0131lad\u0131. Ayxan\u0131 dinl\u0259m\u0259y\u0259 g\u0259l\u0259nl\u0259r aras\u0131nda \u015fou v\u0259 inc\u0259s\u0259n\u0259t al\u0259minin tan\u0131nm\u0131\u015f simalar\u0131 da yer al\u0131blar. \u018fm\u0259kdar artisti s\u0259hn\u0259d\u0259 g\u00f6st\u0259rdiyi performansla bundan&hellip;<\/p>\n","protected":false},"author":2,"featured_media":69969,"comment_status":"closed","ping_status":"closed","sticky":false,"template":"","format":"standard","meta":{"om_disable_all_campaigns":false,"_monsterinsights_skip_tracking":false,"_monsterinsights_sitenote_active":false,"_monsterinsights_sitenote_note":"","_monsterinsights_sitenote_category":0},"categories":[20],"tags":[],"aioseo_notices":[],"gutentor_comment":0,"rttpg_featured_image_url":{"full":["https:\/\/arantv.az\/wp-content\/uploads\/2019\/06\/65501708_864377307269379_3549120803138174976_n-1.jpg",2048,1342,false],"landscape":["https:\/\/arantv.az\/wp-content\/uploads\/2019\/06\/65501708_864377307269379_3549120803138174976_n-1.jpg",2048,1342,false],"portraits":["https:\/\/arantv.az\/wp-content\/uploads\/2019\/06\/65501708_864377307269379_3549120803138174976_n-1.jpg",2048,1342,false],"thumbnail":["https:\/\/arantv.az\/wp-content\/uploads\/2019\/06\/65501708_864377307269379_3549120803138174976_n-1-150x150.jpg",150,150,true],"medium":["https:\/\/arantv.az\/wp-content\/uploads\/2019\/06\/65501708_864377307269379_3549120803138174976_n-1-300x197.jpg",300,197,true],"large":["https:\/\/arantv.az\/wp-content\/uploads\/2019\/06\/65501708_864377307269379_3549120803138174976_n-1-1024x671.jpg",640,419,true],"1536x1536":["https:\/\/arantv.az\/wp-content\/uploads\/2019\/06\/65501708_864377307269379_3549120803138174976_n-1.jpg",1536,1007,false],"2048x2048":["https:\/\/arantv.az\/wp-content\/uploads\/2019\/06\/65501708_864377307269379_3549120803138174976_n-1.jpg",2048,1342,false],"post-thumbnail":["https:\/\/arantv.az\/wp-content\/uploads\/2019\/06\/65501708_864377307269379_3549120803138174976_n-1-240x172.jpg",240,172,true],"advps-thumb-one":["https:\/\/arantv.az\/wp-content\/uploads\/2019\/06\/65501708_864377307269379_3549120803138174976_n-1-1200x620.jpg",1200,620,true]},"rttpg_author":{"display_name":"V\u00fcsal Rafiqo\u011flu","author_link":"https:\/\/arantv.az\/?author=2"},"rttpg_comment":0,"rttpg_category":"<a href=\"https:\/\/arantv.az\/?cat=20\" rel=\"category\">\u015eou biznes<\/a>","rttpg_excerpt":"N\u0259hay\u0259t ki, art\u0131q g\u00fcnl\u0259rdir anonslar\u0131 yay\u0131mlanan v\u0259 h\u0259r k\u0259sin s\u0259brsizlikl\u0259 g\u00f6zl\u0259diyi \u201cKimin bel\u0259 sevgilisi var?\u201d adl\u0131 konsert ba\u015f tutdu. Yay\u0131n konserti Bak\u0131da \u201cElux Events Hall\u201dda realla\u015fd\u0131. ARANTV.AZ\u00a0 x\u0259b\u0259r verir ki, saat 19:00-dan etibar\u0259n qap\u0131lar konsert\u0259 g\u0259l\u0259n qonaqlar\u0131n \u00fcz\u00fcn\u0259 a\u00e7\u0131ld\u0131. Konsert \u00fc\u00e7\u00fcn n\u0259z\u0259rd\u0259 tutulan biletl\u0259r art\u0131q sat\u0131lsa da, son saatlarda m\u0259kana g\u0259l\u0259nl\u0259rin say\u0131 durmadan art\u0131rd\u0131. H\u0259r&hellip;","_links":{"self":[{"href":"https:\/\/arantv.az\/index.php?rest_route=\/wp\/v2\/posts\/69960"}],"collection":[{"href":"https:\/\/arantv.az\/index.php?rest_route=\/wp\/v2\/posts"}],"about":[{"href":"https:\/\/arantv.az\/index.php?rest_route=\/wp\/v2\/types\/post"}],"author":[{"embeddable":true,"href":"https:\/\/arantv.az\/index.php?rest_route=\/wp\/v2\/users\/2"}],"replies":[{"embeddable":true,"href":"https:\/\/arantv.az\/index.php?rest_route=%2Fwp%2Fv2%2Fcomments&post=69960"}],"version-history":[{"count":0,"href":"https:\/\/arantv.az\/index.php?rest_route=\/wp\/v2\/posts\/69960\/revisions"}],"wp:featuredmedia":[{"embeddable":true,"href":"https:\/\/arantv.az\/index.php?rest_route=\/wp\/v2\/media\/69969"}],"wp:attachment":[{"href":"https:\/\/arantv.az\/index.php?rest_route=%2Fwp%2Fv2%2Fmedia&parent=69960"}],"wp:term":[{"taxonomy":"category","embeddable":true,"href":"https:\/\/arantv.az\/index.php?rest_route=%2Fwp%2Fv2%2Fcategories&post=69960"},{"taxonomy":"post_tag","embeddable":true,"href":"https:\/\/arantv.az\/index.php?rest_route=%2Fwp%2Fv2%2Ftags&post=69960"}],"curies":[{"name":"wp","href":"https:\/\/api.w.org\/{rel}","templated":true}]}}