{"id":69974,"date":"2019-06-28T11:24:00","date_gmt":"2019-06-28T08:24:00","guid":{"rendered":"http:\/\/arantv.az\/?p=69974"},"modified":"2019-06-28T11:24:00","modified_gmt":"2019-06-28T08:24:00","slug":"az%c9%99rbaycanda-sigorta-bazari-sabit-inkisaf-numayis-etdirir","status":"publish","type":"post","link":"https:\/\/arantv.az\/?p=69974","title":{"rendered":"Az\u0259rbaycanda s\u0131\u011forta bazar\u0131 sabit inki\u015faf n\u00fcmayi\u015f etdirir"},"content":{"rendered":"<p><strong>Az\u0259rbaycanda s\u0131\u011forta bazar\u0131 sabit inki\u015faf n\u00fcmayi\u015f etdirir.<\/strong><\/p>\n<p><strong>ARANTV.AZ<\/strong> trend-\u0259 istinad\u0259n bildirir ki,\u00a0bunu Maliyy\u0259 Bazarlar\u0131na N\u0259zar\u0259t Palatas\u0131n\u0131n \u0130dar\u0259 Hey\u0259tinin s\u0259dri v\u0259zif\u0259sini icra ed\u0259n \u0130brahim Al\u0131\u015fov Maliyy\u0259 Bazarlar\u0131na N\u0259zar\u0259t Palatas\u0131n\u0131n d\u0259st\u0259yi, Az\u0259rbaycan S\u0131\u011forta\u00e7\u0131lar Assosiasiyas\u0131n\u0131n v\u0259 \u0130cbari S\u0131\u011forta B\u00fcrosunun t\u0259\u015fkilat\u00e7\u0131l\u0131\u011f\u0131 il\u0259 Bak\u0131da ke\u00e7iril\u0259n &#8220;Az\u0259rbaycanda s\u0131\u011forta bazar\u0131: trendl\u0259r v\u0259 imkanlar&#8221; adl\u0131 IX Beyn\u0259lxalq S\u0131\u011forta Forumunda deyib.<\/p>\n<p>\u0130.Al\u0131\u015fov bildirib ki, s\u0131\u011forta sektorunun inki\u015faf etdirilm\u0259si v\u0259 sektora n\u0259zar\u0259tin g\u00fccl\u0259ndirilm\u0259si daim d\u00f6vl\u0259tin diqq\u0259t m\u0259rk\u0259zind\u0259dir. Bel\u0259 ki, Az\u0259rbaycan Respublikas\u0131n\u0131n Nazirl\u0259r Kabinetinin 2019-cu il 21 may tarixli S\u0259r\u0259ncam\u0131 il\u0259 t\u0259sdiq edilmi\u015f &#8220;S\u0131\u011forta sektorunun inki\u015faf etdirilm\u0259si \u00fc\u00e7\u00fcn g\u00f6r\u00fclm\u0259li i\u015fl\u0259rl\u0259 ba\u011fl\u0131 T\u0259dbirl\u0259r Plan\u0131&#8221;n\u0131n q\u0259bul edilm\u0259si bunun bariz n\u00fcmun\u0259sidir.<\/p>\n<p>Qeyd ed\u0259k ki, 20-y\u0259 yax\u0131n xarici \u00f6lk\u0259d\u0259n 50-y\u0259 yax\u0131n n\u00fcmay\u0259nd\u0259nin qat\u0131ld\u0131\u011f\u0131 Forumda \u00fcmumilikd\u0259 150-d\u0259n \u00e7ox \u015f\u0259xs i\u015ftirak edir. Forum \u00e7\u0259r\u00e7iv\u0259sind\u0259 Az\u0259rbaycan Respublikas\u0131n\u0131n Nazirl\u0259r Kabinetinin qeyd olunan S\u0259r\u0259ncam\u0131 il\u0259 t\u0259sdiq edilmi\u015f &#8220;S\u0131\u011forta sektorunun inki\u015faf etdirilm\u0259si \u00fc\u00e7\u00fcn g\u00f6r\u00fclm\u0259li i\u015fl\u0259rl\u0259 ba\u011fl\u0131 T\u0259dbirl\u0259r Plan\u0131&#8221;n\u0131n icras\u0131 m\u0259qs\u0259dil\u0259 Maliyy\u0259 Bazarlar\u0131na N\u0259zar\u0259t Palatas\u0131, T\u0259hsil Nazirliyi, Az\u0259rbaycan Respublikas\u0131n\u0131n Prezidenti yan\u0131nda V\u0259t\u0259nda\u015flara Xidm\u0259t v\u0259 Sosial \u0130nnovasiyalar \u00fczr\u0259 D\u00f6vl\u0259t Agentliyi, \u0130cbari S\u0131\u011forta B\u00fcrosu v\u0259 Az\u0259rbaycan S\u0131\u011forta\u00e7\u0131lar Assosiasiyas\u0131 aras\u0131nda \u0259m\u0259kda\u015fl\u0131\u011fa dair birg\u0259 memorandum imzalanacaq. Eyni zamanda, Maliyy\u0259 Bazarlar\u0131na N\u0259zar\u0259t Palatas\u0131n\u0131n d\u0259st\u0259yi il\u0259 \u0130cbari S\u0131\u011forta B\u00fcrosu t\u0259r\u0259find\u0259n formala\u015fd\u0131r\u0131lm\u0131\u015f Hadis\u0259l\u0259rin \u0130dar\u0259edilm\u0259si Sistemi v\u0259 CLIP layih\u0259l\u0259ri bar\u0259sind\u0259 t\u0259qdimat\u0131 olacaq.<\/p>\n","protected":false},"excerpt":{"rendered":"<p>Az\u0259rbaycanda s\u0131\u011forta bazar\u0131 sabit inki\u015faf n\u00fcmayi\u015f etdirir. ARANTV.AZ trend-\u0259 istinad\u0259n bildirir ki,\u00a0bunu Maliyy\u0259 Bazarlar\u0131na N\u0259zar\u0259t Palatas\u0131n\u0131n \u0130dar\u0259 Hey\u0259tinin s\u0259dri v\u0259zif\u0259sini icra ed\u0259n \u0130brahim Al\u0131\u015fov Maliyy\u0259 Bazarlar\u0131na N\u0259zar\u0259t Palatas\u0131n\u0131n d\u0259st\u0259yi, Az\u0259rbaycan S\u0131\u011forta\u00e7\u0131lar Assosiasiyas\u0131n\u0131n v\u0259 \u0130cbari S\u0131\u011forta B\u00fcrosunun t\u0259\u015fkilat\u00e7\u0131l\u0131\u011f\u0131 il\u0259 Bak\u0131da ke\u00e7iril\u0259n &#8220;Az\u0259rbaycanda s\u0131\u011forta bazar\u0131: trendl\u0259r v\u0259 imkanlar&#8221; adl\u0131 IX Beyn\u0259lxalq S\u0131\u011forta Forumunda deyib. \u0130.Al\u0131\u015fov bildirib ki, s\u0131\u011forta sektorunun inki\u015faf etdirilm\u0259si v\u0259 sektora n\u0259zar\u0259tin g\u00fccl\u0259ndirilm\u0259si daim d\u00f6vl\u0259tin diqq\u0259t m\u0259rk\u0259zind\u0259dir. Bel\u0259 ki, Az\u0259rbaycan Respublikas\u0131n\u0131n Nazirl\u0259r Kabinetinin 2019-cu il 21 may tarixli S\u0259r\u0259ncam\u0131 il\u0259 t\u0259sdiq edilmi\u015f &#8220;S\u0131\u011forta sektorunun inki\u015faf etdirilm\u0259si \u00fc\u00e7\u00fcn g\u00f6r\u00fclm\u0259li i\u015fl\u0259rl\u0259 ba\u011fl\u0131&hellip;<\/p>\n","protected":false},"author":2,"featured_media":69975,"comment_status":"closed","ping_status":"closed","sticky":false,"template":"","format":"standard","meta":{"om_disable_all_campaigns":false,"_monsterinsights_skip_tracking":false,"_monsterinsights_sitenote_active":false,"_monsterinsights_sitenote_note":"","_monsterinsights_sitenote_category":0},"categories":[1],"tags":[],"aioseo_notices":[],"gutentor_comment":0,"rttpg_featured_image_url":{"full":["https:\/\/arantv.az\/wp-content\/uploads\/2019\/06\/766716.jpg",800,600,false],"landscape":["https:\/\/arantv.az\/wp-content\/uploads\/2019\/06\/766716.jpg",800,600,false],"portraits":["https:\/\/arantv.az\/wp-content\/uploads\/2019\/06\/766716.jpg",800,600,false],"thumbnail":["https:\/\/arantv.az\/wp-content\/uploads\/2019\/06\/766716-150x150.jpg",150,150,true],"medium":["https:\/\/arantv.az\/wp-content\/uploads\/2019\/06\/766716-300x225.jpg",300,225,true],"large":["https:\/\/arantv.az\/wp-content\/uploads\/2019\/06\/766716.jpg",640,480,false],"1536x1536":["https:\/\/arantv.az\/wp-content\/uploads\/2019\/06\/766716.jpg",800,600,false],"2048x2048":["https:\/\/arantv.az\/wp-content\/uploads\/2019\/06\/766716.jpg",800,600,false],"post-thumbnail":["https:\/\/arantv.az\/wp-content\/uploads\/2019\/06\/766716-240x172.jpg",240,172,true],"advps-thumb-one":["https:\/\/arantv.az\/wp-content\/uploads\/2019\/06\/766716.jpg",800,600,false]},"rttpg_author":{"display_name":"V\u00fcsal Rafiqo\u011flu","author_link":"https:\/\/arantv.az\/?author=2"},"rttpg_comment":0,"rttpg_category":"<a href=\"https:\/\/arantv.az\/?cat=1\" rel=\"category\">C\u0259miyy\u0259t<\/a>","rttpg_excerpt":"Az\u0259rbaycanda s\u0131\u011forta bazar\u0131 sabit inki\u015faf n\u00fcmayi\u015f etdirir. ARANTV.AZ trend-\u0259 istinad\u0259n bildirir ki,\u00a0bunu Maliyy\u0259 Bazarlar\u0131na N\u0259zar\u0259t Palatas\u0131n\u0131n \u0130dar\u0259 Hey\u0259tinin s\u0259dri v\u0259zif\u0259sini icra ed\u0259n \u0130brahim Al\u0131\u015fov Maliyy\u0259 Bazarlar\u0131na N\u0259zar\u0259t Palatas\u0131n\u0131n d\u0259st\u0259yi, Az\u0259rbaycan S\u0131\u011forta\u00e7\u0131lar Assosiasiyas\u0131n\u0131n v\u0259 \u0130cbari S\u0131\u011forta B\u00fcrosunun t\u0259\u015fkilat\u00e7\u0131l\u0131\u011f\u0131 il\u0259 Bak\u0131da ke\u00e7iril\u0259n &#8220;Az\u0259rbaycanda s\u0131\u011forta bazar\u0131: trendl\u0259r v\u0259 imkanlar&#8221; adl\u0131 IX Beyn\u0259lxalq S\u0131\u011forta Forumunda deyib. \u0130.Al\u0131\u015fov bildirib ki,&hellip;","_links":{"self":[{"href":"https:\/\/arantv.az\/index.php?rest_route=\/wp\/v2\/posts\/69974"}],"collection":[{"href":"https:\/\/arantv.az\/index.php?rest_route=\/wp\/v2\/posts"}],"about":[{"href":"https:\/\/arantv.az\/index.php?rest_route=\/wp\/v2\/types\/post"}],"author":[{"embeddable":true,"href":"https:\/\/arantv.az\/index.php?rest_route=\/wp\/v2\/users\/2"}],"replies":[{"embeddable":true,"href":"https:\/\/arantv.az\/index.php?rest_route=%2Fwp%2Fv2%2Fcomments&post=69974"}],"version-history":[{"count":0,"href":"https:\/\/arantv.az\/index.php?rest_route=\/wp\/v2\/posts\/69974\/revisions"}],"wp:featuredmedia":[{"embeddable":true,"href":"https:\/\/arantv.az\/index.php?rest_route=\/wp\/v2\/media\/69975"}],"wp:attachment":[{"href":"https:\/\/arantv.az\/index.php?rest_route=%2Fwp%2Fv2%2Fmedia&parent=69974"}],"wp:term":[{"taxonomy":"category","embeddable":true,"href":"https:\/\/arantv.az\/index.php?rest_route=%2Fwp%2Fv2%2Fcategories&post=69974"},{"taxonomy":"post_tag","embeddable":true,"href":"https:\/\/arantv.az\/index.php?rest_route=%2Fwp%2Fv2%2Ftags&post=69974"}],"curies":[{"name":"wp","href":"https:\/\/api.w.org\/{rel}","templated":true}]}}