{"id":69981,"date":"2019-06-28T11:26:48","date_gmt":"2019-06-28T08:26:48","guid":{"rendered":"http:\/\/arantv.az\/?p=69981"},"modified":"2019-06-28T11:26:48","modified_gmt":"2019-06-28T08:26:48","slug":"m%c9%99d%c9%99t-quliyev-aparat-r%c9%99hb%c9%99rini-isd%c9%99n-cixardi","status":"publish","type":"post","link":"https:\/\/arantv.az\/?p=69981","title":{"rendered":"M\u0259d\u0259t Quliyev Aparat r\u0259hb\u0259rini \u0130\u015eD\u018fN \u00c7IXARDI"},"content":{"rendered":"<p>M\u00fcdafi\u0259 S\u0259nayesi Nazirliyinin Aparat r\u0259hb\u0259ri \u00dczeyir \u0130smay\u0131lov v\u0259zif\u0259sind\u0259n azad olunub.<\/p>\n<p><b>ARANTV.AZ\u00a0<\/b> x\u0259b\u0259r verir ki, bununla ba\u011fl\u0131 M\u00fcdafi\u0259 S\u0259nayesi naziri M\u0259d\u0259t Quliyev m\u00fcvafiq \u0259mr imzalay\u0131b.<\/p>\n<div id=\"AdviadNativeVideo0\" class=\"AdviadNativeVideo\"><\/div>\n<p>Dig\u0259r \u0259mrl\u0259 \u015eahin \u018fliyev M\u00fcdafi\u0259 S\u0259nayesi Nazirliyinin Aparat r\u0259hb\u0259ri t\u0259yin edilib. O, \u0259vv\u0259ll\u0259r ba\u015fqa d\u00f6vl\u0259t qurumunda i\u015fl\u0259yib.<\/p>\n<p>Bundan ba\u015fqa, haz\u0131rda nazirliyin Maliyy\u0259 v\u0259 m\u00fchasibat u\u00e7otu \u015f\u00f6b\u0259sinin m\u00fcdiri v\u0259zif\u0259si d\u0259 bo\u015fdur. H\u0259min \u015f\u00f6b\u0259nin m\u00fcdiri H\u00fcseyn Zeynalov bir m\u00fcdd\u0259t \u0259vv\u0259l i\u015fd\u0259n \u00e7\u0131xar\u0131l\u0131b.<\/p>\n<p>Qeyd ed\u0259k ki, Prezident \u0130lham \u018fliyevin 20 iyun 2019-ci il tarixli s\u0259r\u0259ncam\u0131 il\u0259 general-polkovnik M\u0259d\u0259t Quliyev D\u00f6vl\u0259t T\u0259hl\u00fck\u0259sizliyi Xidm\u0259tinin r\u0259isi v\u0259zif\u0259sind\u0259n azad edil\u0259r\u0259k M\u00fcdafi\u0259 S\u0259nayesi naziri t\u0259yin olunub.<\/p>\n<p>Xat\u0131rladaq ki, M\u00fcdafi\u0259 S\u0259nayesi Nazirliyi 2005-ci ild\u0259 yarad\u0131l\u0131b. M\u00fcdafi\u0259 S\u0259nayesi naziri Yav\u0259r Camalov 2018-ci ilin iyunun 23-d\u0259 uzun s\u00fcr\u0259n x\u0259st\u0259likd\u0259n sonra 68 ya\u015f\u0131nda v\u0259fat edib. Son bir ild\u0259 M\u00fcdafi\u0259 S\u0259nayesi naziri v\u0259zif\u0259sini nazir m\u00fcavini Y\u0259hya Musayev icra edib.big.az<\/p>\n","protected":false},"excerpt":{"rendered":"<p>M\u00fcdafi\u0259 S\u0259nayesi Nazirliyinin Aparat r\u0259hb\u0259ri \u00dczeyir \u0130smay\u0131lov v\u0259zif\u0259sind\u0259n azad olunub. ARANTV.AZ\u00a0 x\u0259b\u0259r verir ki, bununla ba\u011fl\u0131 M\u00fcdafi\u0259 S\u0259nayesi naziri M\u0259d\u0259t Quliyev m\u00fcvafiq \u0259mr imzalay\u0131b. Dig\u0259r \u0259mrl\u0259 \u015eahin \u018fliyev M\u00fcdafi\u0259 S\u0259nayesi Nazirliyinin Aparat r\u0259hb\u0259ri t\u0259yin edilib. O, \u0259vv\u0259ll\u0259r ba\u015fqa d\u00f6vl\u0259t qurumunda i\u015fl\u0259yib. Bundan ba\u015fqa, haz\u0131rda nazirliyin Maliyy\u0259 v\u0259 m\u00fchasibat u\u00e7otu \u015f\u00f6b\u0259sinin m\u00fcdiri v\u0259zif\u0259si d\u0259 bo\u015fdur. H\u0259min \u015f\u00f6b\u0259nin m\u00fcdiri H\u00fcseyn Zeynalov bir m\u00fcdd\u0259t \u0259vv\u0259l i\u015fd\u0259n \u00e7\u0131xar\u0131l\u0131b. Qeyd ed\u0259k ki, Prezident \u0130lham \u018fliyevin 20 iyun 2019-ci il tarixli s\u0259r\u0259ncam\u0131 il\u0259 general-polkovnik M\u0259d\u0259t Quliyev D\u00f6vl\u0259t T\u0259hl\u00fck\u0259sizliyi Xidm\u0259tinin r\u0259isi v\u0259zif\u0259sind\u0259n azad edil\u0259r\u0259k M\u00fcdafi\u0259 S\u0259nayesi naziri&hellip;<\/p>\n","protected":false},"author":2,"featured_media":69982,"comment_status":"closed","ping_status":"closed","sticky":false,"template":"","format":"standard","meta":{"om_disable_all_campaigns":false,"_monsterinsights_skip_tracking":false,"_monsterinsights_sitenote_active":false,"_monsterinsights_sitenote_note":"","_monsterinsights_sitenote_category":0},"categories":[1],"tags":[],"aioseo_notices":[],"gutentor_comment":0,"rttpg_featured_image_url":{"full":["https:\/\/arantv.az\/wp-content\/uploads\/2019\/06\/medet_quliyev_015_11561708564.jpg",649,365,false],"landscape":["https:\/\/arantv.az\/wp-content\/uploads\/2019\/06\/medet_quliyev_015_11561708564.jpg",649,365,false],"portraits":["https:\/\/arantv.az\/wp-content\/uploads\/2019\/06\/medet_quliyev_015_11561708564.jpg",649,365,false],"thumbnail":["https:\/\/arantv.az\/wp-content\/uploads\/2019\/06\/medet_quliyev_015_11561708564-150x150.jpg",150,150,true],"medium":["https:\/\/arantv.az\/wp-content\/uploads\/2019\/06\/medet_quliyev_015_11561708564-300x169.jpg",300,169,true],"large":["https:\/\/arantv.az\/wp-content\/uploads\/2019\/06\/medet_quliyev_015_11561708564.jpg",640,360,false],"1536x1536":["https:\/\/arantv.az\/wp-content\/uploads\/2019\/06\/medet_quliyev_015_11561708564.jpg",649,365,false],"2048x2048":["https:\/\/arantv.az\/wp-content\/uploads\/2019\/06\/medet_quliyev_015_11561708564.jpg",649,365,false],"post-thumbnail":["https:\/\/arantv.az\/wp-content\/uploads\/2019\/06\/medet_quliyev_015_11561708564-240x172.jpg",240,172,true],"advps-thumb-one":["https:\/\/arantv.az\/wp-content\/uploads\/2019\/06\/medet_quliyev_015_11561708564.jpg",649,365,false]},"rttpg_author":{"display_name":"V\u00fcsal Rafiqo\u011flu","author_link":"https:\/\/arantv.az\/?author=2"},"rttpg_comment":0,"rttpg_category":"<a href=\"https:\/\/arantv.az\/?cat=1\" rel=\"category\">C\u0259miyy\u0259t<\/a>","rttpg_excerpt":"M\u00fcdafi\u0259 S\u0259nayesi Nazirliyinin Aparat r\u0259hb\u0259ri \u00dczeyir \u0130smay\u0131lov v\u0259zif\u0259sind\u0259n azad olunub. ARANTV.AZ\u00a0 x\u0259b\u0259r verir ki, bununla ba\u011fl\u0131 M\u00fcdafi\u0259 S\u0259nayesi naziri M\u0259d\u0259t Quliyev m\u00fcvafiq \u0259mr imzalay\u0131b. Dig\u0259r \u0259mrl\u0259 \u015eahin \u018fliyev M\u00fcdafi\u0259 S\u0259nayesi Nazirliyinin Aparat r\u0259hb\u0259ri t\u0259yin edilib. O, \u0259vv\u0259ll\u0259r ba\u015fqa d\u00f6vl\u0259t qurumunda i\u015fl\u0259yib. Bundan ba\u015fqa, haz\u0131rda nazirliyin Maliyy\u0259 v\u0259 m\u00fchasibat u\u00e7otu \u015f\u00f6b\u0259sinin m\u00fcdiri v\u0259zif\u0259si d\u0259 bo\u015fdur. H\u0259min&hellip;","_links":{"self":[{"href":"https:\/\/arantv.az\/index.php?rest_route=\/wp\/v2\/posts\/69981"}],"collection":[{"href":"https:\/\/arantv.az\/index.php?rest_route=\/wp\/v2\/posts"}],"about":[{"href":"https:\/\/arantv.az\/index.php?rest_route=\/wp\/v2\/types\/post"}],"author":[{"embeddable":true,"href":"https:\/\/arantv.az\/index.php?rest_route=\/wp\/v2\/users\/2"}],"replies":[{"embeddable":true,"href":"https:\/\/arantv.az\/index.php?rest_route=%2Fwp%2Fv2%2Fcomments&post=69981"}],"version-history":[{"count":0,"href":"https:\/\/arantv.az\/index.php?rest_route=\/wp\/v2\/posts\/69981\/revisions"}],"wp:featuredmedia":[{"embeddable":true,"href":"https:\/\/arantv.az\/index.php?rest_route=\/wp\/v2\/media\/69982"}],"wp:attachment":[{"href":"https:\/\/arantv.az\/index.php?rest_route=%2Fwp%2Fv2%2Fmedia&parent=69981"}],"wp:term":[{"taxonomy":"category","embeddable":true,"href":"https:\/\/arantv.az\/index.php?rest_route=%2Fwp%2Fv2%2Fcategories&post=69981"},{"taxonomy":"post_tag","embeddable":true,"href":"https:\/\/arantv.az\/index.php?rest_route=%2Fwp%2Fv2%2Ftags&post=69981"}],"curies":[{"name":"wp","href":"https:\/\/api.w.org\/{rel}","templated":true}]}}