{"id":69988,"date":"2019-06-28T11:29:30","date_gmt":"2019-06-28T08:29:30","guid":{"rendered":"http:\/\/arantv.az\/?p=69988"},"modified":"2019-06-28T11:29:30","modified_gmt":"2019-06-28T08:29:30","slug":"oz%c9%99l-pensiya-fondlari-n%c9%99-vaxt-yaradilacaq","status":"publish","type":"post","link":"https:\/\/arantv.az\/?p=69988","title":{"rendered":"\u00d6z\u0259l pensiya fondlar\u0131 n\u0259 vaxt yarad\u0131lacaq?"},"content":{"rendered":"<p>Haz\u0131rda Az\u0259rbaycanda \u00f6z\u0259l pensiya fondlar\u0131n\u0131n yarad\u0131lmas\u0131na b\u00f6y\u00fck t\u0259l\u0259bat hiss etmirik.<\/p>\n<p>Bunu Oxu.Az-a m\u00fcsahib\u0259sind\u0259 \u018fm\u0259k v\u0259 \u018fhalinin Sosial M\u00fcdafi\u0259si nazirinin m\u00fcavini Anar K\u0259rimov bildirib.<\/p>\n<p>Nazir m\u00fcavini qeyd edib ki, haz\u0131rda \u00f6lk\u0259d\u0259 ilk \u00f6z\u0259l pensiya fondlar\u0131n\u0131n yarad\u0131lmas\u0131 \u00fc\u00e7\u00fcn qanunvericilik bazas\u0131n\u0131n haz\u0131rlanmas\u0131 istiqam\u0259tind\u0259 i\u015fl\u0259r gedir:<\/p>\n<p>\u201c\u00c7\u00fcnki bu m\u0259s\u0259l\u0259nin h\u00fcquqi \u00e7\u0259r\u00e7iv\u0259si olmal\u0131d\u0131r v\u0259 \u00fcz\u0259rind\u0259 i\u015f gedir. Dig\u0259r t\u0259r\u0259fd\u0259n, \u00f6lk\u0259d\u0259 bunun \u00fc\u00e7\u00fcn m\u00fc\u0259yy\u0259n m\u00fcnbit t\u0259l\u0259bat olmal\u0131d\u0131r. Haz\u0131rda biz buna b\u00f6y\u00fck t\u0259l\u0259bat\u0131n olmas\u0131n\u0131 ciddi \u015f\u0259kild\u0259 hiss etmirik.<\/p>\n<div id=\"AdviadNativeVideo0\" class=\"AdviadNativeVideo\"><\/div>\n<p>Proqnozlar\u0131m\u0131za g\u00f6r\u0259, t\u0259xmin\u0259n bir ne\u00e7\u0259 il \u0259rzind\u0259 bazarda qeyri-d\u00f6vl\u0259t pensiya fondlar\u0131n\u0131n yarad\u0131lmas\u0131n\u0131n \u015fahidi ola bil\u0259rik\u201d.<\/p>\n<p>A.K\u0259rimovun s\u00f6zl\u0259rin\u0259 g\u00f6r\u0259, sosial islahatlar\u0131n ana x\u0259ttind\u0259n biri o idi ki, g\u0259lirl\u0259r \u00e7oxals\u0131n:<\/p>\n<p>\u201c\u018fhalinin g\u0259lirl\u0259ri artd\u0131qca k\u00f6n\u00fcll\u00fc sistem\u0259 mara\u011f\u0131 da art\u0131r. Buna g\u00f6r\u0259 d\u0259 k\u00f6n\u00fcll\u00fc y\u0131\u011f\u0131m komponenti daha da canlansa, \u00f6z\u0259l fondlar\u0131n yarad\u0131lmas\u0131na daha b\u00f6y\u00fck ehtiyac olacaq v\u0259 \u0259hali bu komponent\u0259 maraq g\u00f6st\u0259r\u0259c\u0259k\u201d.<\/p>\n<p>Qeyd ed\u0259k ki, qeyri-d\u00f6vl\u0259t t\u0259qa\u00fcd fondlar\u0131 sosial-s\u0131\u011forta v\u0259saitl\u0259rinin d\u00f6vr etdirilm\u0259sini, pensiyan\u0131n t\u0259yinini v\u0259 \u00f6d\u0259nilm\u0259sini h\u0259yata ke\u00e7ir\u0259n bir qurumdur. D\u00f6vl\u0259t pensiya fondlar\u0131ndan f\u0259rqli olaraq, \u00f6z\u0259l pensiya fondu \u0259halinin \u00f6z qazanc\u0131 hesab\u0131na y\u0131\u011fd\u0131\u011f\u0131 t\u0259qa\u00fcdl\u0259rin saxlanmas\u0131 \u00fc\u00e7\u00fcn yarad\u0131lan bazad\u0131r.<\/p>\n<p>Bu fondlar, \u0259sas\u0259n, v\u0259t\u0259nda\u015flar\u0131n \u00f6d\u0259diyi sosial s\u0131\u011forta v\u0259saitl\u0259rinin d\u00f6vriyy\u0259sini t\u0259\u015fkil edib, ondan \u0259lav\u0259 v\u0259saitl\u0259r \u0259ld\u0259 edir, sonra is\u0259 bu v\u0259saitl\u0259r hesab\u0131na pensiya t\u0259minat\u0131n\u0131 y\u00fcks\u0259ldir.<\/p>\n<p>Bu c\u00fcr fondlar vasit\u0259sil\u0259 bir \u00e7ox \u00f6lk\u0259l\u0259r pensiya t\u0259minat\u0131n\u0131n y\u00fcks\u0259ldilm\u0259sin\u0259 nail olub. Haz\u0131rda Almaniya, B\u00f6y\u00fck Britaniya, \u0130rlandiya, T\u00fcrkiy\u0259 v\u0259 s. \u00f6lk\u0259l\u0259rd\u0259 \u00f6z\u0259l t\u0259qa\u00fcd fondlar\u0131 f\u0259aliyy\u0259t g\u00f6st\u0259rir.<\/p>\n","protected":false},"excerpt":{"rendered":"<p>Haz\u0131rda Az\u0259rbaycanda \u00f6z\u0259l pensiya fondlar\u0131n\u0131n yarad\u0131lmas\u0131na b\u00f6y\u00fck t\u0259l\u0259bat hiss etmirik. Bunu Oxu.Az-a m\u00fcsahib\u0259sind\u0259 \u018fm\u0259k v\u0259 \u018fhalinin Sosial M\u00fcdafi\u0259si nazirinin m\u00fcavini Anar K\u0259rimov bildirib. Nazir m\u00fcavini qeyd edib ki, haz\u0131rda \u00f6lk\u0259d\u0259 ilk \u00f6z\u0259l pensiya fondlar\u0131n\u0131n yarad\u0131lmas\u0131 \u00fc\u00e7\u00fcn qanunvericilik bazas\u0131n\u0131n haz\u0131rlanmas\u0131 istiqam\u0259tind\u0259 i\u015fl\u0259r gedir: \u201c\u00c7\u00fcnki bu m\u0259s\u0259l\u0259nin h\u00fcquqi \u00e7\u0259r\u00e7iv\u0259si olmal\u0131d\u0131r v\u0259 \u00fcz\u0259rind\u0259 i\u015f gedir. Dig\u0259r t\u0259r\u0259fd\u0259n, \u00f6lk\u0259d\u0259 bunun \u00fc\u00e7\u00fcn m\u00fc\u0259yy\u0259n m\u00fcnbit t\u0259l\u0259bat olmal\u0131d\u0131r. Haz\u0131rda biz buna b\u00f6y\u00fck t\u0259l\u0259bat\u0131n olmas\u0131n\u0131 ciddi \u015f\u0259kild\u0259 hiss etmirik. Proqnozlar\u0131m\u0131za g\u00f6r\u0259, t\u0259xmin\u0259n bir ne\u00e7\u0259 il \u0259rzind\u0259 bazarda qeyri-d\u00f6vl\u0259t pensiya fondlar\u0131n\u0131n yarad\u0131lmas\u0131n\u0131n \u015fahidi ola bil\u0259rik\u201d. A.K\u0259rimovun s\u00f6zl\u0259rin\u0259 g\u00f6r\u0259, sosial&hellip;<\/p>\n","protected":false},"author":2,"featured_media":69989,"comment_status":"closed","ping_status":"closed","sticky":false,"template":"","format":"standard","meta":{"om_disable_all_campaigns":false,"_monsterinsights_skip_tracking":false,"_monsterinsights_sitenote_active":false,"_monsterinsights_sitenote_note":"","_monsterinsights_sitenote_category":0},"categories":[1],"tags":[],"aioseo_notices":[],"gutentor_comment":0,"rttpg_featured_image_url":{"full":["https:\/\/arantv.az\/wp-content\/uploads\/2019\/06\/ozel.jpg",620,354,false],"landscape":["https:\/\/arantv.az\/wp-content\/uploads\/2019\/06\/ozel.jpg",620,354,false],"portraits":["https:\/\/arantv.az\/wp-content\/uploads\/2019\/06\/ozel.jpg",620,354,false],"thumbnail":["https:\/\/arantv.az\/wp-content\/uploads\/2019\/06\/ozel-150x150.jpg",150,150,true],"medium":["https:\/\/arantv.az\/wp-content\/uploads\/2019\/06\/ozel-300x171.jpg",300,171,true],"large":["https:\/\/arantv.az\/wp-content\/uploads\/2019\/06\/ozel.jpg",620,354,false],"1536x1536":["https:\/\/arantv.az\/wp-content\/uploads\/2019\/06\/ozel.jpg",620,354,false],"2048x2048":["https:\/\/arantv.az\/wp-content\/uploads\/2019\/06\/ozel.jpg",620,354,false],"post-thumbnail":["https:\/\/arantv.az\/wp-content\/uploads\/2019\/06\/ozel-240x172.jpg",240,172,true],"advps-thumb-one":["https:\/\/arantv.az\/wp-content\/uploads\/2019\/06\/ozel.jpg",620,354,false]},"rttpg_author":{"display_name":"V\u00fcsal Rafiqo\u011flu","author_link":"https:\/\/arantv.az\/?author=2"},"rttpg_comment":0,"rttpg_category":"<a href=\"https:\/\/arantv.az\/?cat=1\" rel=\"category\">C\u0259miyy\u0259t<\/a>","rttpg_excerpt":"Haz\u0131rda Az\u0259rbaycanda \u00f6z\u0259l pensiya fondlar\u0131n\u0131n yarad\u0131lmas\u0131na b\u00f6y\u00fck t\u0259l\u0259bat hiss etmirik. Bunu Oxu.Az-a m\u00fcsahib\u0259sind\u0259 \u018fm\u0259k v\u0259 \u018fhalinin Sosial M\u00fcdafi\u0259si nazirinin m\u00fcavini Anar K\u0259rimov bildirib. Nazir m\u00fcavini qeyd edib ki, haz\u0131rda \u00f6lk\u0259d\u0259 ilk \u00f6z\u0259l pensiya fondlar\u0131n\u0131n yarad\u0131lmas\u0131 \u00fc\u00e7\u00fcn qanunvericilik bazas\u0131n\u0131n haz\u0131rlanmas\u0131 istiqam\u0259tind\u0259 i\u015fl\u0259r gedir: \u201c\u00c7\u00fcnki bu m\u0259s\u0259l\u0259nin h\u00fcquqi \u00e7\u0259r\u00e7iv\u0259si olmal\u0131d\u0131r v\u0259 \u00fcz\u0259rind\u0259 i\u015f gedir. Dig\u0259r t\u0259r\u0259fd\u0259n, \u00f6lk\u0259d\u0259&hellip;","_links":{"self":[{"href":"https:\/\/arantv.az\/index.php?rest_route=\/wp\/v2\/posts\/69988"}],"collection":[{"href":"https:\/\/arantv.az\/index.php?rest_route=\/wp\/v2\/posts"}],"about":[{"href":"https:\/\/arantv.az\/index.php?rest_route=\/wp\/v2\/types\/post"}],"author":[{"embeddable":true,"href":"https:\/\/arantv.az\/index.php?rest_route=\/wp\/v2\/users\/2"}],"replies":[{"embeddable":true,"href":"https:\/\/arantv.az\/index.php?rest_route=%2Fwp%2Fv2%2Fcomments&post=69988"}],"version-history":[{"count":0,"href":"https:\/\/arantv.az\/index.php?rest_route=\/wp\/v2\/posts\/69988\/revisions"}],"wp:featuredmedia":[{"embeddable":true,"href":"https:\/\/arantv.az\/index.php?rest_route=\/wp\/v2\/media\/69989"}],"wp:attachment":[{"href":"https:\/\/arantv.az\/index.php?rest_route=%2Fwp%2Fv2%2Fmedia&parent=69988"}],"wp:term":[{"taxonomy":"category","embeddable":true,"href":"https:\/\/arantv.az\/index.php?rest_route=%2Fwp%2Fv2%2Fcategories&post=69988"},{"taxonomy":"post_tag","embeddable":true,"href":"https:\/\/arantv.az\/index.php?rest_route=%2Fwp%2Fv2%2Ftags&post=69988"}],"curies":[{"name":"wp","href":"https:\/\/api.w.org\/{rel}","templated":true}]}}