{"id":69995,"date":"2019-06-28T11:31:51","date_gmt":"2019-06-28T08:31:51","guid":{"rendered":"http:\/\/arantv.az\/?p=69995"},"modified":"2019-06-28T11:31:51","modified_gmt":"2019-06-28T08:31:51","slug":"bakida-m%c9%99cburi-kockun-intihar-etdi","status":"publish","type":"post","link":"https:\/\/arantv.az\/?p=69995","title":{"rendered":"Bak\u0131da m\u0259cburi k\u00f6\u00e7k\u00fcn intihar etdi"},"content":{"rendered":"<p>Bak\u0131da intihar olub<\/p>\n<p>Hadis\u0259 paytaxt\u0131n Sabun\u00e7u rayonu, Pir\u015fa\u011fa q\u0259s\u0259b\u0259sind\u0259 yerl\u0259\u015f\u0259n &#8220;Q\u0131z\u0131l Qum&#8221; sanatoriyas\u0131nda qeyd\u0259 al\u0131n\u0131b.<\/p>\n<div id=\"AdviadNativeVideo0\" class=\"AdviadNativeVideo\"><\/div>\n<p>Orada m\u0259skunla\u015fan Xocal\u0131 rayonundan olan m\u0259cburi k\u00f6\u00e7k\u00fcn, 1983-c\u00fc il t\u0259v\u0259ll\u00fcdl\u00fc P\u0259rviz Fikr\u0259t o\u011flu H\u0259s\u0259nov sanatoriyan\u0131n dam\u0131ndak\u0131 borudan \u00f6z\u00fcn\u00fc as\u0131b. Onun \u00f6z\u00fcn\u0259 q\u0259sd etm\u0259sinin s\u0259b\u0259bi h\u0259l\u0259lik m\u0259lum deyil.<\/p>\n<p>Faktla ba\u011fl\u0131 Sabun\u00e7u rayon Prokurorlu\u011funda Cinay\u0259t M\u0259c\u0259ll\u0259sinin 125-ci (\u00f6z\u00fcn\u00fc \u00f6ld\u00fcrm\u0259 h\u0259ddin\u0259 \u00e7atd\u0131rma) madd\u0259si il\u0259 cinay\u0259t i\u015fi ba\u015flan\u0131b, istintaq apar\u0131l\u0131r.(apa.az)<\/p>\n","protected":false},"excerpt":{"rendered":"<p>Bak\u0131da intihar olub Hadis\u0259 paytaxt\u0131n Sabun\u00e7u rayonu, Pir\u015fa\u011fa q\u0259s\u0259b\u0259sind\u0259 yerl\u0259\u015f\u0259n &#8220;Q\u0131z\u0131l Qum&#8221; sanatoriyas\u0131nda qeyd\u0259 al\u0131n\u0131b. Orada m\u0259skunla\u015fan Xocal\u0131 rayonundan olan m\u0259cburi k\u00f6\u00e7k\u00fcn, 1983-c\u00fc il t\u0259v\u0259ll\u00fcdl\u00fc P\u0259rviz Fikr\u0259t o\u011flu H\u0259s\u0259nov sanatoriyan\u0131n dam\u0131ndak\u0131 borudan \u00f6z\u00fcn\u00fc as\u0131b. Onun \u00f6z\u00fcn\u0259 q\u0259sd etm\u0259sinin s\u0259b\u0259bi h\u0259l\u0259lik m\u0259lum deyil. Faktla ba\u011fl\u0131 Sabun\u00e7u rayon Prokurorlu\u011funda Cinay\u0259t M\u0259c\u0259ll\u0259sinin 125-ci (\u00f6z\u00fcn\u00fc \u00f6ld\u00fcrm\u0259 h\u0259ddin\u0259 \u00e7atd\u0131rma) madd\u0259si il\u0259 cinay\u0259t i\u015fi ba\u015flan\u0131b, istintaq apar\u0131l\u0131r.(apa.az)<\/p>\n","protected":false},"author":2,"featured_media":69996,"comment_status":"closed","ping_status":"closed","sticky":false,"template":"","format":"standard","meta":{"om_disable_all_campaigns":false,"_monsterinsights_skip_tracking":false,"_monsterinsights_sitenote_active":false,"_monsterinsights_sitenote_note":"","_monsterinsights_sitenote_category":0},"categories":[5],"tags":[],"aioseo_notices":[],"gutentor_comment":0,"rttpg_featured_image_url":{"full":["https:\/\/arantv.az\/wp-content\/uploads\/2019\/06\/1561708608intihar-1.jpg",549,259,false],"landscape":["https:\/\/arantv.az\/wp-content\/uploads\/2019\/06\/1561708608intihar-1.jpg",549,259,false],"portraits":["https:\/\/arantv.az\/wp-content\/uploads\/2019\/06\/1561708608intihar-1.jpg",549,259,false],"thumbnail":["https:\/\/arantv.az\/wp-content\/uploads\/2019\/06\/1561708608intihar-1-150x150.jpg",150,150,true],"medium":["https:\/\/arantv.az\/wp-content\/uploads\/2019\/06\/1561708608intihar-1-300x142.jpg",300,142,true],"large":["https:\/\/arantv.az\/wp-content\/uploads\/2019\/06\/1561708608intihar-1.jpg",549,259,false],"1536x1536":["https:\/\/arantv.az\/wp-content\/uploads\/2019\/06\/1561708608intihar-1.jpg",549,259,false],"2048x2048":["https:\/\/arantv.az\/wp-content\/uploads\/2019\/06\/1561708608intihar-1.jpg",549,259,false],"post-thumbnail":["https:\/\/arantv.az\/wp-content\/uploads\/2019\/06\/1561708608intihar-1-240x172.jpg",240,172,true],"advps-thumb-one":["https:\/\/arantv.az\/wp-content\/uploads\/2019\/06\/1561708608intihar-1.jpg",549,259,false]},"rttpg_author":{"display_name":"V\u00fcsal Rafiqo\u011flu","author_link":"https:\/\/arantv.az\/?author=2"},"rttpg_comment":0,"rttpg_category":"<a href=\"https:\/\/arantv.az\/?cat=5\" rel=\"category\">Hadis\u0259<\/a>","rttpg_excerpt":"Bak\u0131da intihar olub Hadis\u0259 paytaxt\u0131n Sabun\u00e7u rayonu, Pir\u015fa\u011fa q\u0259s\u0259b\u0259sind\u0259 yerl\u0259\u015f\u0259n &#8220;Q\u0131z\u0131l Qum&#8221; sanatoriyas\u0131nda qeyd\u0259 al\u0131n\u0131b. Orada m\u0259skunla\u015fan Xocal\u0131 rayonundan olan m\u0259cburi k\u00f6\u00e7k\u00fcn, 1983-c\u00fc il t\u0259v\u0259ll\u00fcdl\u00fc P\u0259rviz Fikr\u0259t o\u011flu H\u0259s\u0259nov sanatoriyan\u0131n dam\u0131ndak\u0131 borudan \u00f6z\u00fcn\u00fc as\u0131b. Onun \u00f6z\u00fcn\u0259 q\u0259sd etm\u0259sinin s\u0259b\u0259bi h\u0259l\u0259lik m\u0259lum deyil. Faktla ba\u011fl\u0131 Sabun\u00e7u rayon Prokurorlu\u011funda Cinay\u0259t M\u0259c\u0259ll\u0259sinin 125-ci (\u00f6z\u00fcn\u00fc \u00f6ld\u00fcrm\u0259 h\u0259ddin\u0259 \u00e7atd\u0131rma) madd\u0259si&hellip;","_links":{"self":[{"href":"https:\/\/arantv.az\/index.php?rest_route=\/wp\/v2\/posts\/69995"}],"collection":[{"href":"https:\/\/arantv.az\/index.php?rest_route=\/wp\/v2\/posts"}],"about":[{"href":"https:\/\/arantv.az\/index.php?rest_route=\/wp\/v2\/types\/post"}],"author":[{"embeddable":true,"href":"https:\/\/arantv.az\/index.php?rest_route=\/wp\/v2\/users\/2"}],"replies":[{"embeddable":true,"href":"https:\/\/arantv.az\/index.php?rest_route=%2Fwp%2Fv2%2Fcomments&post=69995"}],"version-history":[{"count":0,"href":"https:\/\/arantv.az\/index.php?rest_route=\/wp\/v2\/posts\/69995\/revisions"}],"wp:featuredmedia":[{"embeddable":true,"href":"https:\/\/arantv.az\/index.php?rest_route=\/wp\/v2\/media\/69996"}],"wp:attachment":[{"href":"https:\/\/arantv.az\/index.php?rest_route=%2Fwp%2Fv2%2Fmedia&parent=69995"}],"wp:term":[{"taxonomy":"category","embeddable":true,"href":"https:\/\/arantv.az\/index.php?rest_route=%2Fwp%2Fv2%2Fcategories&post=69995"},{"taxonomy":"post_tag","embeddable":true,"href":"https:\/\/arantv.az\/index.php?rest_route=%2Fwp%2Fv2%2Ftags&post=69995"}],"curies":[{"name":"wp","href":"https:\/\/api.w.org\/{rel}","templated":true}]}}