{"id":70001,"date":"2019-06-28T11:35:00","date_gmt":"2019-06-28T08:35:00","guid":{"rendered":"http:\/\/arantv.az\/?p=70001"},"modified":"2019-06-28T11:35:00","modified_gmt":"2019-06-28T08:35:00","slug":"haci-zeynalabdin-tagiyevin-heyk%c9%99linin-hazirlanmasi-il%c9%99-bagli-musabiq%c9%99nin-mudd%c9%99ti-uzadildi","status":"publish","type":"post","link":"https:\/\/arantv.az\/?p=70001","title":{"rendered":"Hac\u0131 Zeynalabdin Ta\u011f\u0131yevin heyk\u0259linin haz\u0131rlanmas\u0131 il\u0259 ba\u011fl\u0131 m\u00fcsabiq\u0259nin m\u00fcdd\u0259ti uzad\u0131ld\u0131"},"content":{"rendered":"<p>Az\u0259rbaycan Respublikas\u0131n\u0131n M\u0259d\u0259niyy\u0259t Nazirliyi, Bak\u0131 \u015e\u0259h\u0259r \u0130cra Hakimiyy\u0259ti v\u0259 Heyd\u0259r \u018fliyev Fondunun Hac\u0131 Zeynalabdin Ta\u011f\u0131yevin heyk\u0259linin haz\u0131rlanmas\u0131 il\u0259 ba\u011fl\u0131 elan etdiyi a\u00e7\u0131q heyk\u0259lt\u0259ra\u015fl\u0131q m\u00fcsabiq\u0259sin\u0259 layih\u0259l\u0259rin q\u0259bul m\u00fcdd\u0259ti avqustun 31-d\u0259k uzad\u0131l\u0131b.<\/p>\n<p><strong>ARANTV.AZ<\/strong>\u00a0 bildirir ki, Fondun M\u0259tbuat xidm\u0259tind\u0259n\u00a0<a href=\"http:\/\/az.trend%2Caz\/\" target=\"_blank\" rel=\"noopener\">Trend<\/a>-\u0259 veril\u0259n m\u0259lumata g\u00f6r\u0259, bu bar\u0259d\u0259 q\u0259rar Az\u0259rbaycan D\u00f6vl\u0259t R\u0259ssaml\u0131q Akademiyas\u0131n\u0131n rektoru, akademik \u00d6m\u0259r Eldarovun Heyd\u0259r \u018fliyev Fonduna 27 iyun 2019-cu il tarixli m\u0259ktubu v\u0259 bir s\u0131ra heyk\u0259lt\u0259ra\u015flar\u0131n m\u00fcraci\u0259tl\u0259rin\u0259 \u0259sas\u0259n q\u0259bul olunub. M\u00fcraci\u0259tl\u0259rd\u0259 eskizl\u0259r \u00fcz\u0259rind\u0259 i\u015fin ba\u015fa \u00e7atd\u0131r\u0131lmas\u0131 bax\u0131m\u0131ndan m\u00fcsabiq\u0259nin m\u00fcdd\u0259tinin uzad\u0131lmas\u0131 xahi\u015f edilib.<\/p>\n<p>Qeyd ed\u0259k ki, Hac\u0131 Zeynalabdin Ta\u011f\u0131yevin heyk\u0259linin &#8220;\u0130\u00e7\u0259ri\u015f\u0259h\u0259r&#8221; metrostansiyas\u0131 yax\u0131nl\u0131\u011f\u0131ndak\u0131 meydan\u00e7ada (\u0130stiqlaliyy\u0259t k\u00fc\u00e7\u0259si) ucald\u0131lmas\u0131 n\u0259z\u0259rd\u0259 tutulur.<\/p>\n<p>M\u00fcsabiq\u0259d\u0259 i\u015ftirak \u00fc\u00e7\u00fcn \u0259riz\u0259 v\u0259 eskiz t\u0259qdim olunmal\u0131d\u0131r.<\/p>\n<p><strong>M\u00fcsabiq\u0259d\u0259 i\u015ftirak\u0131n \u015f\u0259rtl\u0259ri:<\/strong><\/p>\n<p>\u2022\u00a0M\u00fcsabiq\u0259d\u0259 land\u015faft memarl\u0131\u011f\u0131, ba\u011f\u00e7a-park v\u0259 \u015f\u0259h\u0259r heyk\u0259lt\u0259ra\u015fl\u0131\u011f\u0131 sah\u0259l\u0259rind\u0259 i\u015fl\u0259y\u0259n pe\u015f\u0259kar heyk\u0259lt\u0259ra\u015flar i\u015ftirak ed\u0259 bil\u0259rl\u0259r.<\/p>\n<p>\u2022 Namiz\u0259dl\u0259r m\u00fcsabiq\u0259d\u0259 i\u015ftirak etm\u0259k \u00fc\u00e7\u00fcn m\u00fc\u0259yy\u0259n olunmu\u015f n\u00fcmun\u0259 \u00fczr\u0259 \u0259riz\u0259 t\u0259qdim etm\u0259lidirl\u0259r. \u018friz\u0259 bilavasit\u0259 namiz\u0259d t\u0259r\u0259find\u0259n doldurulur. \u018friz\u0259nin b\u00fct\u00fcn b\u0259ndl\u0259rinin doldurulmas\u0131 m\u00fctl\u0259qdir. M\u00fcsabiq\u0259d\u0259 i\u015ftirak \u00fc\u00e7\u00fcn yaln\u0131z m\u00fc\u0259llifliyi \u015f\u0259xs\u0259n namiz\u0259d\u0259 aid olan eskizl\u0259r q\u0259bul edilir.<\/p>\n<p>\u2022 Namiz\u0259dl\u0259r t\u0259r\u0259find\u0259n g\u00f6nd\u0259rilmi\u015f s\u0259n\u0259d v\u0259 materiallar geri qaytar\u0131lm\u0131r v\u0259 onlar \u00fc\u00e7\u00fcn \u00f6d\u0259ni\u015f edilmir. M\u00fc\u0259llif h\u00fcquqlar\u0131n\u0131n pozulmas\u0131na (plagiata) g\u00f6r\u0259 m\u0259suliyy\u0259ti m\u00fcsabiq\u0259y\u0259 m\u00fcvafiq materiallar\u0131 g\u00f6nd\u0259r\u0259n \u015f\u0259xs da\u015f\u0131y\u0131r.<\/p>\n<p>\u2022 M\u00fc\u0259llif \u0259riz\u0259 v\u0259 n\u0259z\u0259rd\u0259n ke\u00e7irilm\u0259si \u00fc\u00e7\u00fcn yarad\u0131c\u0131l\u0131q ideyas\u0131n\u0131n \u0259n az\u0131 iki eskizini (maketini) t\u0259qdim etm\u0259kl\u0259 (elektron \u015f\u0259kild\u0259 t\u0259qdim etm\u0259k d\u0259 m\u00fcmk\u00fcnd\u00fcr) se\u00e7im m\u0259rh\u0259l\u0259sinin i\u015ftirak\u00e7\u0131s\u0131 olur. \u0130\u015ftirak \u00fc\u00e7\u00fcn \u0259riz\u0259 v\u0259 eskizl\u0259ri (maketl\u0259ri) Heyd\u0259r \u018fliyev M\u0259rk\u0259zin\u0259 (Bak\u0131 \u015f\u0259h\u0259ri, Heyd\u0259r \u018fliyev prospekti, 1) t\u0259qdim etm\u0259k v\u0259 ya elektron po\u00e7t vasit\u0259sil\u0259 contest@heydar-aliyev-foundation.org \u00fcnvan\u0131na g\u00f6nd\u0259rm\u0259k laz\u0131md\u0131r.<\/p>\n<p>\u2022 M\u00fcsabiq\u0259nin t\u0259\u015fkilat komit\u0259si verilmi\u015f \u0259riz\u0259 v\u0259 eskizl\u0259r aras\u0131ndan bir qalibi m\u00fc\u0259yy\u0259nl\u0259\u015fdirir. M\u00fcsabiq\u0259 i\u015ftirak\u00e7\u0131lar\u0131n\u0131n se\u00e7imi a\u015fa\u011f\u0131dak\u0131 meyarlar \u00fczr\u0259 h\u0259yata ke\u00e7irilir: m\u00f6vzuya uy\u011funluq, m\u00fc\u0259llif m\u00fclahiz\u0259sinin v\u0259 icra edilm\u0259 s\u0259viyy\u0259sinin pe\u015f\u0259karl\u0131\u011f\u0131, t\u0259qdim edilmi\u015f kompozisiyan\u0131n material\u0131n emal texnologiyas\u0131na uy\u011funlu\u011fu.<\/p>\n<p>H\u0259r bir heyk\u0259l h\u0259m ayr\u0131l\u0131qda bir m\u00fc\u0259llif, h\u0259m d\u0259 h\u0259mm\u00fc\u0259llifl\u0259r t\u0259r\u0259find\u0259n haz\u0131rlana bil\u0259r. H\u0259mm\u00fc\u0259llifl\u0259rin say\u0131 3 n\u0259f\u0259rd\u0259n art\u0131q olmamal\u0131d\u0131r.<\/p>\n<p>Heyk\u0259lin ucald\u0131lmas\u0131 m\u00fc\u0259llifin v\u0259 ya onun m\u00fcv\u0259kkili olan \u015f\u0259xsin bilavasit\u0259 m\u00fc\u015fahid\u0259si alt\u0131nda, m\u00fcsabiq\u0259nin t\u0259\u015fkilat\u00e7\u0131s\u0131 t\u0259r\u0259find\u0259n se\u00e7ilmi\u015f yerd\u0259 h\u0259yata ke\u00e7iril\u0259c\u0259kdir.<\/p>\n<p><strong>M\u00fcnsifl\u0259r hey\u0259tinin \u00fczvl\u0259ri:<\/strong><\/p>\n<p>1. Vaqif \u018fliyev &#8211; Az\u0259rbaycan Respublikas\u0131 M\u0259d\u0259niyy\u0259t nazirinin birinci m\u00fcavini<\/p>\n<p>2. F\u0259rhad X\u0259lilov &#8211; Az\u0259rbaycan R\u0259ssamlar \u0130ttifaq\u0131n\u0131n s\u0259dri, Xalq r\u0259ssam\u0131<\/p>\n<p>3. Elbay Qas\u0131mzad\u0259 &#8211; Az\u0259rbaycan Memarlar \u0130ttifaq\u0131n\u0131n s\u0259dri, \u018fm\u0259kdar memar<\/p>\n<p>4. \u0130smay\u0131l H\u00fcseynov &#8211; Az\u0259rbaycan Respublikas\u0131 M\u0259d\u0259niyy\u0259t Nazirliyinin \u0130nc\u0259s\u0259n\u0259t \u015f\u00f6b\u0259sinin m\u00fcdiri<\/p>\n<p>5. Emin M\u0259mm\u0259dov &#8211; Heyd\u0259r \u018fliyev Fondunun inc\u0259s\u0259n\u0259t m\u0259s\u0259l\u0259l\u0259ri \u00fczr\u0259 eksperti, \u018fm\u0259kdar inc\u0259s\u0259n\u0259t xadimi<\/p>\n<p>6. M\u0259h\u0259bb\u0259t Mehdiyeva &#8211; Heyd\u0259r \u018fliyev M\u0259rk\u0259zinin departament direktoru, \u018fm\u0259kdar inc\u0259s\u0259n\u0259t xadimi<\/p>\n<p>7. Akif \u018fsg\u0259rov &#8211; Xalq r\u0259ssam\u0131, heyk\u0259lt\u0259ra\u015f, professor<\/p>\n<p>8. Rahib\u0259 \u018fliyeva &#8211; AMEA Memarl\u0131q v\u0259 \u0130nc\u0259s\u0259n\u0259t \u0130nstitutunun Memarl\u0131q abid\u0259l\u0259rinin qorunmas\u0131 v\u0259 b\u0259rpas\u0131 probleml\u0259ri \u015f\u00f6b\u0259sinin m\u00fcdiri, memarl\u0131q \u00fczr\u0259 f\u0259ls\u0259f\u0259 doktoru<\/p>\n<p>9. Qalib Qas\u0131mov &#8211; Az\u0259rbaycan Respublikas\u0131 M\u0259d\u0259niyy\u0259t Nazirliyinin T\u0259sviri v\u0259 dekorativ s\u0259n\u0259t sektorunun m\u00fcdiri, s\u0259n\u0259t\u015f\u00fcnas.<\/p>\n<p>\u018flav\u0259 m\u0259lumat \u00fc\u00e7\u00fcn telefon: (+99450) 295 02 09<\/p>\n","protected":false},"excerpt":{"rendered":"<p>Az\u0259rbaycan Respublikas\u0131n\u0131n M\u0259d\u0259niyy\u0259t Nazirliyi, Bak\u0131 \u015e\u0259h\u0259r \u0130cra Hakimiyy\u0259ti v\u0259 Heyd\u0259r \u018fliyev Fondunun Hac\u0131 Zeynalabdin Ta\u011f\u0131yevin heyk\u0259linin haz\u0131rlanmas\u0131 il\u0259 ba\u011fl\u0131 elan etdiyi a\u00e7\u0131q heyk\u0259lt\u0259ra\u015fl\u0131q m\u00fcsabiq\u0259sin\u0259 layih\u0259l\u0259rin q\u0259bul m\u00fcdd\u0259ti avqustun 31-d\u0259k uzad\u0131l\u0131b. ARANTV.AZ\u00a0 bildirir ki, Fondun M\u0259tbuat xidm\u0259tind\u0259n\u00a0Trend-\u0259 veril\u0259n m\u0259lumata g\u00f6r\u0259, bu bar\u0259d\u0259 q\u0259rar Az\u0259rbaycan D\u00f6vl\u0259t R\u0259ssaml\u0131q Akademiyas\u0131n\u0131n rektoru, akademik \u00d6m\u0259r Eldarovun Heyd\u0259r \u018fliyev Fonduna 27 iyun 2019-cu il tarixli m\u0259ktubu v\u0259 bir s\u0131ra heyk\u0259lt\u0259ra\u015flar\u0131n m\u00fcraci\u0259tl\u0259rin\u0259 \u0259sas\u0259n q\u0259bul olunub. M\u00fcraci\u0259tl\u0259rd\u0259 eskizl\u0259r \u00fcz\u0259rind\u0259 i\u015fin ba\u015fa \u00e7atd\u0131r\u0131lmas\u0131 bax\u0131m\u0131ndan m\u00fcsabiq\u0259nin m\u00fcdd\u0259tinin uzad\u0131lmas\u0131 xahi\u015f edilib. Qeyd ed\u0259k ki, Hac\u0131 Zeynalabdin Ta\u011f\u0131yevin heyk\u0259linin &#8220;\u0130\u00e7\u0259ri\u015f\u0259h\u0259r&#8221; metrostansiyas\u0131 yax\u0131nl\u0131\u011f\u0131ndak\u0131 meydan\u00e7ada&hellip;<\/p>\n","protected":false},"author":2,"featured_media":70002,"comment_status":"closed","ping_status":"closed","sticky":false,"template":"","format":"standard","meta":{"om_disable_all_campaigns":false,"_monsterinsights_skip_tracking":false,"_monsterinsights_sitenote_active":false,"_monsterinsights_sitenote_note":"","_monsterinsights_sitenote_category":0},"categories":[4],"tags":[],"aioseo_notices":[],"gutentor_comment":0,"rttpg_featured_image_url":{"full":["https:\/\/arantv.az\/wp-content\/uploads\/2019\/06\/766747.jpg",800,600,false],"landscape":["https:\/\/arantv.az\/wp-content\/uploads\/2019\/06\/766747.jpg",800,600,false],"portraits":["https:\/\/arantv.az\/wp-content\/uploads\/2019\/06\/766747.jpg",800,600,false],"thumbnail":["https:\/\/arantv.az\/wp-content\/uploads\/2019\/06\/766747-150x150.jpg",150,150,true],"medium":["https:\/\/arantv.az\/wp-content\/uploads\/2019\/06\/766747-300x225.jpg",300,225,true],"large":["https:\/\/arantv.az\/wp-content\/uploads\/2019\/06\/766747.jpg",640,480,false],"1536x1536":["https:\/\/arantv.az\/wp-content\/uploads\/2019\/06\/766747.jpg",800,600,false],"2048x2048":["https:\/\/arantv.az\/wp-content\/uploads\/2019\/06\/766747.jpg",800,600,false],"post-thumbnail":["https:\/\/arantv.az\/wp-content\/uploads\/2019\/06\/766747-240x172.jpg",240,172,true],"advps-thumb-one":["https:\/\/arantv.az\/wp-content\/uploads\/2019\/06\/766747.jpg",800,600,false]},"rttpg_author":{"display_name":"V\u00fcsal Rafiqo\u011flu","author_link":"https:\/\/arantv.az\/?author=2"},"rttpg_comment":0,"rttpg_category":"<a href=\"https:\/\/arantv.az\/?cat=4\" rel=\"category\">Siyas\u0259t<\/a>","rttpg_excerpt":"Az\u0259rbaycan Respublikas\u0131n\u0131n M\u0259d\u0259niyy\u0259t Nazirliyi, Bak\u0131 \u015e\u0259h\u0259r \u0130cra Hakimiyy\u0259ti v\u0259 Heyd\u0259r \u018fliyev Fondunun Hac\u0131 Zeynalabdin Ta\u011f\u0131yevin heyk\u0259linin haz\u0131rlanmas\u0131 il\u0259 ba\u011fl\u0131 elan etdiyi a\u00e7\u0131q heyk\u0259lt\u0259ra\u015fl\u0131q m\u00fcsabiq\u0259sin\u0259 layih\u0259l\u0259rin q\u0259bul m\u00fcdd\u0259ti avqustun 31-d\u0259k uzad\u0131l\u0131b. ARANTV.AZ\u00a0 bildirir ki, Fondun M\u0259tbuat xidm\u0259tind\u0259n\u00a0Trend-\u0259 veril\u0259n m\u0259lumata g\u00f6r\u0259, bu bar\u0259d\u0259 q\u0259rar Az\u0259rbaycan D\u00f6vl\u0259t R\u0259ssaml\u0131q Akademiyas\u0131n\u0131n rektoru, akademik \u00d6m\u0259r Eldarovun Heyd\u0259r \u018fliyev Fonduna 27 iyun&hellip;","_links":{"self":[{"href":"https:\/\/arantv.az\/index.php?rest_route=\/wp\/v2\/posts\/70001"}],"collection":[{"href":"https:\/\/arantv.az\/index.php?rest_route=\/wp\/v2\/posts"}],"about":[{"href":"https:\/\/arantv.az\/index.php?rest_route=\/wp\/v2\/types\/post"}],"author":[{"embeddable":true,"href":"https:\/\/arantv.az\/index.php?rest_route=\/wp\/v2\/users\/2"}],"replies":[{"embeddable":true,"href":"https:\/\/arantv.az\/index.php?rest_route=%2Fwp%2Fv2%2Fcomments&post=70001"}],"version-history":[{"count":0,"href":"https:\/\/arantv.az\/index.php?rest_route=\/wp\/v2\/posts\/70001\/revisions"}],"wp:featuredmedia":[{"embeddable":true,"href":"https:\/\/arantv.az\/index.php?rest_route=\/wp\/v2\/media\/70002"}],"wp:attachment":[{"href":"https:\/\/arantv.az\/index.php?rest_route=%2Fwp%2Fv2%2Fmedia&parent=70001"}],"wp:term":[{"taxonomy":"category","embeddable":true,"href":"https:\/\/arantv.az\/index.php?rest_route=%2Fwp%2Fv2%2Fcategories&post=70001"},{"taxonomy":"post_tag","embeddable":true,"href":"https:\/\/arantv.az\/index.php?rest_route=%2Fwp%2Fv2%2Ftags&post=70001"}],"curies":[{"name":"wp","href":"https:\/\/api.w.org\/{rel}","templated":true}]}}