{"id":70016,"date":"2019-06-28T12:35:41","date_gmt":"2019-06-28T09:35:41","guid":{"rendered":"http:\/\/arantv.az\/?p=70016"},"modified":"2019-06-28T12:35:41","modified_gmt":"2019-06-28T09:35:41","slug":"sarc%c9%99-baki-sarc%c9%99-aviareysi-bu-gun-ucun-l%c9%99gv-edilib","status":"publish","type":"post","link":"https:\/\/arantv.az\/?p=70016","title":{"rendered":"\u015earc\u0259-Bak\u0131-\u015earc\u0259 aviareysi bu g\u00fcn \u00fc\u00e7\u00fcn l\u0259\u011fv edilib"},"content":{"rendered":"<p>\u0130yunun 28-d\u0259 h\u0259yata ke\u00e7irilm\u0259li olan \u015earc\u0259-Bak\u0131-\u015earc\u0259 aviareysi l\u0259\u011fv edilib.<br \/>\nTurizm.finsa.z Heyd\u0259r \u018fliyev Beyn\u0259lxalq Aeroportunun onlayn tablosuna istinadla x\u0259b\u0259r ki, &#8220;Air Arabia&#8221; avia\u015firk\u0259tinin yerli vaxtla saat 10:50-d\u0259 &#8220;G9 305&#8221; sayl\u0131 \u015earc\u0259d\u0259n Bak\u0131ya u\u00e7u\u015fu l\u0259\u011fv olunub.<br \/>\nH\u0259m\u00e7inin bu g\u00fcn Bak\u0131ya h\u0259yata ke\u00e7irilm\u0259si n\u0259z\u0259rd\u0259 tutulan reys l\u0259\u011fv olundu\u011fundan avia\u015firk\u0259tin 11:30-da Bak\u0131dan \u015earc\u0259 istiqam\u0259tind\u0259 &#8220;G9 306&#8221; sayl\u0131 reysi d\u0259 l\u0259\u011fv edilib. Aviareysl\u0259r &#8220;Airbus A320-200&#8221; t\u0259yyar\u0259si il\u0259 h\u0259yata ke\u00e7irilm\u0259li idi.<br \/>\n\u015earc\u0259-Bak\u0131-\u015earc\u0259 aviareysinin hans\u0131 s\u0259b\u0259bd\u0259n t\u0259xir\u0259 sal\u0131nd\u0131\u011f\u0131 m\u0259lum deyil.<\/p>\n","protected":false},"excerpt":{"rendered":"<p>\u0130yunun 28-d\u0259 h\u0259yata ke\u00e7irilm\u0259li olan \u015earc\u0259-Bak\u0131-\u015earc\u0259 aviareysi l\u0259\u011fv edilib. Turizm.finsa.z Heyd\u0259r \u018fliyev Beyn\u0259lxalq Aeroportunun onlayn tablosuna istinadla x\u0259b\u0259r ki, &#8220;Air Arabia&#8221; avia\u015firk\u0259tinin yerli vaxtla saat 10:50-d\u0259 &#8220;G9 305&#8221; sayl\u0131 \u015earc\u0259d\u0259n Bak\u0131ya u\u00e7u\u015fu l\u0259\u011fv olunub. H\u0259m\u00e7inin bu g\u00fcn Bak\u0131ya h\u0259yata ke\u00e7irilm\u0259si n\u0259z\u0259rd\u0259 tutulan reys l\u0259\u011fv olundu\u011fundan avia\u015firk\u0259tin 11:30-da Bak\u0131dan \u015earc\u0259 istiqam\u0259tind\u0259 &#8220;G9 306&#8221; sayl\u0131 reysi d\u0259 l\u0259\u011fv edilib. Aviareysl\u0259r &#8220;Airbus A320-200&#8221; t\u0259yyar\u0259si il\u0259 h\u0259yata ke\u00e7irilm\u0259li idi. \u015earc\u0259-Bak\u0131-\u015earc\u0259 aviareysinin hans\u0131 s\u0259b\u0259bd\u0259n t\u0259xir\u0259 sal\u0131nd\u0131\u011f\u0131 m\u0259lum deyil.<\/p>\n","protected":false},"author":2,"featured_media":70017,"comment_status":"closed","ping_status":"closed","sticky":false,"template":"","format":"standard","meta":{"om_disable_all_campaigns":false,"_monsterinsights_skip_tracking":false,"_monsterinsights_sitenote_active":false,"_monsterinsights_sitenote_note":"","_monsterinsights_sitenote_category":0},"categories":[1],"tags":[],"aioseo_notices":[],"gutentor_comment":0,"rttpg_featured_image_url":{"full":["https:\/\/arantv.az\/wp-content\/uploads\/2019\/06\/3a39bebfeb329c837180bffef2b89d2c.jpg",470,305,false],"landscape":["https:\/\/arantv.az\/wp-content\/uploads\/2019\/06\/3a39bebfeb329c837180bffef2b89d2c.jpg",470,305,false],"portraits":["https:\/\/arantv.az\/wp-content\/uploads\/2019\/06\/3a39bebfeb329c837180bffef2b89d2c.jpg",470,305,false],"thumbnail":["https:\/\/arantv.az\/wp-content\/uploads\/2019\/06\/3a39bebfeb329c837180bffef2b89d2c-150x150.jpg",150,150,true],"medium":["https:\/\/arantv.az\/wp-content\/uploads\/2019\/06\/3a39bebfeb329c837180bffef2b89d2c-300x195.jpg",300,195,true],"large":["https:\/\/arantv.az\/wp-content\/uploads\/2019\/06\/3a39bebfeb329c837180bffef2b89d2c.jpg",470,305,false],"1536x1536":["https:\/\/arantv.az\/wp-content\/uploads\/2019\/06\/3a39bebfeb329c837180bffef2b89d2c.jpg",470,305,false],"2048x2048":["https:\/\/arantv.az\/wp-content\/uploads\/2019\/06\/3a39bebfeb329c837180bffef2b89d2c.jpg",470,305,false],"post-thumbnail":["https:\/\/arantv.az\/wp-content\/uploads\/2019\/06\/3a39bebfeb329c837180bffef2b89d2c-240x172.jpg",240,172,true],"advps-thumb-one":["https:\/\/arantv.az\/wp-content\/uploads\/2019\/06\/3a39bebfeb329c837180bffef2b89d2c.jpg",470,305,false]},"rttpg_author":{"display_name":"V\u00fcsal Rafiqo\u011flu","author_link":"https:\/\/arantv.az\/?author=2"},"rttpg_comment":0,"rttpg_category":"<a href=\"https:\/\/arantv.az\/?cat=1\" rel=\"category\">C\u0259miyy\u0259t<\/a>","rttpg_excerpt":"\u0130yunun 28-d\u0259 h\u0259yata ke\u00e7irilm\u0259li olan \u015earc\u0259-Bak\u0131-\u015earc\u0259 aviareysi l\u0259\u011fv edilib. Turizm.finsa.z Heyd\u0259r \u018fliyev Beyn\u0259lxalq Aeroportunun onlayn tablosuna istinadla x\u0259b\u0259r ki, &#8220;Air Arabia&#8221; avia\u015firk\u0259tinin yerli vaxtla saat 10:50-d\u0259 &#8220;G9 305&#8221; sayl\u0131 \u015earc\u0259d\u0259n Bak\u0131ya u\u00e7u\u015fu l\u0259\u011fv olunub. H\u0259m\u00e7inin bu g\u00fcn Bak\u0131ya h\u0259yata ke\u00e7irilm\u0259si n\u0259z\u0259rd\u0259 tutulan reys l\u0259\u011fv olundu\u011fundan avia\u015firk\u0259tin 11:30-da Bak\u0131dan \u015earc\u0259 istiqam\u0259tind\u0259 &#8220;G9 306&#8221; sayl\u0131 reysi d\u0259&hellip;","_links":{"self":[{"href":"https:\/\/arantv.az\/index.php?rest_route=\/wp\/v2\/posts\/70016"}],"collection":[{"href":"https:\/\/arantv.az\/index.php?rest_route=\/wp\/v2\/posts"}],"about":[{"href":"https:\/\/arantv.az\/index.php?rest_route=\/wp\/v2\/types\/post"}],"author":[{"embeddable":true,"href":"https:\/\/arantv.az\/index.php?rest_route=\/wp\/v2\/users\/2"}],"replies":[{"embeddable":true,"href":"https:\/\/arantv.az\/index.php?rest_route=%2Fwp%2Fv2%2Fcomments&post=70016"}],"version-history":[{"count":0,"href":"https:\/\/arantv.az\/index.php?rest_route=\/wp\/v2\/posts\/70016\/revisions"}],"wp:featuredmedia":[{"embeddable":true,"href":"https:\/\/arantv.az\/index.php?rest_route=\/wp\/v2\/media\/70017"}],"wp:attachment":[{"href":"https:\/\/arantv.az\/index.php?rest_route=%2Fwp%2Fv2%2Fmedia&parent=70016"}],"wp:term":[{"taxonomy":"category","embeddable":true,"href":"https:\/\/arantv.az\/index.php?rest_route=%2Fwp%2Fv2%2Fcategories&post=70016"},{"taxonomy":"post_tag","embeddable":true,"href":"https:\/\/arantv.az\/index.php?rest_route=%2Fwp%2Fv2%2Ftags&post=70016"}],"curies":[{"name":"wp","href":"https:\/\/api.w.org\/{rel}","templated":true}]}}