{"id":70022,"date":"2019-06-28T12:37:34","date_gmt":"2019-06-28T09:37:34","guid":{"rendered":"http:\/\/arantv.az\/?p=70022"},"modified":"2019-06-28T12:37:34","modified_gmt":"2019-06-28T09:37:34","slug":"bakidan-rayona-gedib-qayinatasinin-evin%c9%99-at%c9%99s-acdi","status":"publish","type":"post","link":"https:\/\/arantv.az\/?p=70022","title":{"rendered":"Bak\u0131dan rayona gedib qay\u0131natas\u0131n\u0131n evin\u0259 at\u0259\u015f a\u00e7d\u0131"},"content":{"rendered":"<p><strong>A\u011fcab\u0259did\u0259 silahl\u0131 insident olub.<\/strong><\/p>\n<p><b>ARANTV.AZ\u00a0<\/b> x\u0259b\u0259r verir ki, iyunun 25-d\u0259 Bak\u0131 \u015f\u0259h\u0259r sakini T.Quliyevin A\u011fcab\u0259di \u015f\u0259h\u0259rin\u0259 g\u0259l\u0259r\u0259k orada ya\u015fayan qaynatas\u0131 M.M\u0259mm\u0259dovun evinin istiqam\u0259tind\u0259 1 d\u0259f\u0259 t\u00fcf\u0259ngl\u0259 at\u0259\u015f a\u00e7mas\u0131, x\u0259sar\u0259t alan olmamas\u0131 bar\u0259d\u0259 D\u0130N-in \u201c102 \u2013 Z\u0259ng M\u0259rk\u0259zi\u201d Xidm\u0259tin\u0259 m\u0259lumat daxil olub.<\/p>\n<p>D\u0259rhal A\u011fcab\u0259di Rayon Polis \u015e\u00f6b\u0259sinin \u0259m\u0259kda\u015flar\u0131 hadis\u0259 yerin\u0259 g\u0259lmi\u015f, m\u00fcvafiq t\u0259dbirl\u0259r h\u0259yata ke\u00e7irilib.<\/p>\n<p>T.M\u0259mm\u0259dov polis \u0259m\u0259kda\u015flar\u0131 t\u0259r\u0259find\u0259n saxlan\u0131l\u0131b, ona m\u0259xsus \u201cFord\u201d markal\u0131 avtomobil\u0259 bax\u0131\u015f zaman\u0131 t\u00fcf\u0259ng a\u015fkar edil\u0259r\u0259k g\u00f6t\u00fcr\u00fcl\u00fcb.<\/p>\n<p>Ara\u015fd\u0131rma apar\u0131l\u0131r.publika.az<\/p>\n","protected":false},"excerpt":{"rendered":"<p>A\u011fcab\u0259did\u0259 silahl\u0131 insident olub. ARANTV.AZ\u00a0 x\u0259b\u0259r verir ki, iyunun 25-d\u0259 Bak\u0131 \u015f\u0259h\u0259r sakini T.Quliyevin A\u011fcab\u0259di \u015f\u0259h\u0259rin\u0259 g\u0259l\u0259r\u0259k orada ya\u015fayan qaynatas\u0131 M.M\u0259mm\u0259dovun evinin istiqam\u0259tind\u0259 1 d\u0259f\u0259 t\u00fcf\u0259ngl\u0259 at\u0259\u015f a\u00e7mas\u0131, x\u0259sar\u0259t alan olmamas\u0131 bar\u0259d\u0259 D\u0130N-in \u201c102 \u2013 Z\u0259ng M\u0259rk\u0259zi\u201d Xidm\u0259tin\u0259 m\u0259lumat daxil olub. D\u0259rhal A\u011fcab\u0259di Rayon Polis \u015e\u00f6b\u0259sinin \u0259m\u0259kda\u015flar\u0131 hadis\u0259 yerin\u0259 g\u0259lmi\u015f, m\u00fcvafiq t\u0259dbirl\u0259r h\u0259yata ke\u00e7irilib. T.M\u0259mm\u0259dov polis \u0259m\u0259kda\u015flar\u0131 t\u0259r\u0259find\u0259n saxlan\u0131l\u0131b, ona m\u0259xsus \u201cFord\u201d markal\u0131 avtomobil\u0259 bax\u0131\u015f zaman\u0131 t\u00fcf\u0259ng a\u015fkar edil\u0259r\u0259k g\u00f6t\u00fcr\u00fcl\u00fcb. Ara\u015fd\u0131rma apar\u0131l\u0131r.publika.az<\/p>\n","protected":false},"author":2,"featured_media":70023,"comment_status":"closed","ping_status":"closed","sticky":false,"template":"","format":"standard","meta":{"om_disable_all_campaigns":false,"_monsterinsights_skip_tracking":false,"_monsterinsights_sitenote_active":false,"_monsterinsights_sitenote_note":"","_monsterinsights_sitenote_category":0},"categories":[3],"tags":[],"aioseo_notices":[],"gutentor_comment":0,"rttpg_featured_image_url":{"full":["https:\/\/arantv.az\/wp-content\/uploads\/2019\/06\/ov-tufengi-atesh-1.jpg",800,450,false],"landscape":["https:\/\/arantv.az\/wp-content\/uploads\/2019\/06\/ov-tufengi-atesh-1.jpg",800,450,false],"portraits":["https:\/\/arantv.az\/wp-content\/uploads\/2019\/06\/ov-tufengi-atesh-1.jpg",800,450,false],"thumbnail":["https:\/\/arantv.az\/wp-content\/uploads\/2019\/06\/ov-tufengi-atesh-1-150x150.jpg",150,150,true],"medium":["https:\/\/arantv.az\/wp-content\/uploads\/2019\/06\/ov-tufengi-atesh-1-300x169.jpg",300,169,true],"large":["https:\/\/arantv.az\/wp-content\/uploads\/2019\/06\/ov-tufengi-atesh-1.jpg",640,360,false],"1536x1536":["https:\/\/arantv.az\/wp-content\/uploads\/2019\/06\/ov-tufengi-atesh-1.jpg",800,450,false],"2048x2048":["https:\/\/arantv.az\/wp-content\/uploads\/2019\/06\/ov-tufengi-atesh-1.jpg",800,450,false],"post-thumbnail":["https:\/\/arantv.az\/wp-content\/uploads\/2019\/06\/ov-tufengi-atesh-1-240x172.jpg",240,172,true],"advps-thumb-one":["https:\/\/arantv.az\/wp-content\/uploads\/2019\/06\/ov-tufengi-atesh-1.jpg",800,450,false]},"rttpg_author":{"display_name":"V\u00fcsal Rafiqo\u011flu","author_link":"https:\/\/arantv.az\/?author=2"},"rttpg_comment":0,"rttpg_category":"<a href=\"https:\/\/arantv.az\/?cat=3\" rel=\"category\">Kriminal<\/a>","rttpg_excerpt":"A\u011fcab\u0259did\u0259 silahl\u0131 insident olub. ARANTV.AZ\u00a0 x\u0259b\u0259r verir ki, iyunun 25-d\u0259 Bak\u0131 \u015f\u0259h\u0259r sakini T.Quliyevin A\u011fcab\u0259di \u015f\u0259h\u0259rin\u0259 g\u0259l\u0259r\u0259k orada ya\u015fayan qaynatas\u0131 M.M\u0259mm\u0259dovun evinin istiqam\u0259tind\u0259 1 d\u0259f\u0259 t\u00fcf\u0259ngl\u0259 at\u0259\u015f a\u00e7mas\u0131, x\u0259sar\u0259t alan olmamas\u0131 bar\u0259d\u0259 D\u0130N-in \u201c102 \u2013 Z\u0259ng M\u0259rk\u0259zi\u201d Xidm\u0259tin\u0259 m\u0259lumat daxil olub. D\u0259rhal A\u011fcab\u0259di Rayon Polis \u015e\u00f6b\u0259sinin \u0259m\u0259kda\u015flar\u0131 hadis\u0259 yerin\u0259 g\u0259lmi\u015f, m\u00fcvafiq t\u0259dbirl\u0259r h\u0259yata ke\u00e7irilib. T.M\u0259mm\u0259dov&hellip;","_links":{"self":[{"href":"https:\/\/arantv.az\/index.php?rest_route=\/wp\/v2\/posts\/70022"}],"collection":[{"href":"https:\/\/arantv.az\/index.php?rest_route=\/wp\/v2\/posts"}],"about":[{"href":"https:\/\/arantv.az\/index.php?rest_route=\/wp\/v2\/types\/post"}],"author":[{"embeddable":true,"href":"https:\/\/arantv.az\/index.php?rest_route=\/wp\/v2\/users\/2"}],"replies":[{"embeddable":true,"href":"https:\/\/arantv.az\/index.php?rest_route=%2Fwp%2Fv2%2Fcomments&post=70022"}],"version-history":[{"count":0,"href":"https:\/\/arantv.az\/index.php?rest_route=\/wp\/v2\/posts\/70022\/revisions"}],"wp:featuredmedia":[{"embeddable":true,"href":"https:\/\/arantv.az\/index.php?rest_route=\/wp\/v2\/media\/70023"}],"wp:attachment":[{"href":"https:\/\/arantv.az\/index.php?rest_route=%2Fwp%2Fv2%2Fmedia&parent=70022"}],"wp:term":[{"taxonomy":"category","embeddable":true,"href":"https:\/\/arantv.az\/index.php?rest_route=%2Fwp%2Fv2%2Fcategories&post=70022"},{"taxonomy":"post_tag","embeddable":true,"href":"https:\/\/arantv.az\/index.php?rest_route=%2Fwp%2Fv2%2Ftags&post=70022"}],"curies":[{"name":"wp","href":"https:\/\/api.w.org\/{rel}","templated":true}]}}