{"id":70036,"date":"2019-06-28T13:27:49","date_gmt":"2019-06-28T10:27:49","guid":{"rendered":"http:\/\/arantv.az\/?p=70036"},"modified":"2019-06-28T13:27:49","modified_gmt":"2019-06-28T10:27:49","slug":"aspa-erm%c9%99nistanin-girovluqda-saxladigi-dilq%c9%99m-%c9%99sg%c9%99rov-v%c9%99-sahbaz-quliyevl%c9%99-bagli-b%c9%99yanat-yayib","status":"publish","type":"post","link":"https:\/\/arantv.az\/?p=70036","title":{"rendered":"A\u015ePA Erm\u0259nistan\u0131n girovluqda saxlad\u0131\u011f\u0131 Dilq\u0259m \u018fsg\u0259rov v\u0259 \u015eahbaz Quliyevl\u0259 ba\u011fl\u0131 b\u0259yanat yay\u0131b"},"content":{"rendered":"<p>A\u015e PA-n\u0131n yay sessiyas\u0131 \u00e7\u0259r\u00e7iv\u0259sind\u0259 qurumdak\u0131 n\u00fcmay\u0259nd\u0259 hey\u0259timiz Erm\u0259nistan t\u0259r\u0259find\u0259n girov g\u00f6t\u00fcr\u00fclm\u00fc\u015f az\u0259rbaycanl\u0131 m\u00fclki \u015f\u0259xsl\u0259rl\u0259 ba\u011fl\u0131 m\u0259s\u0259l\u0259y\u0259 h\u0259sr edil\u0259n &#8220;\u0130ki az\u0259rbaycanl\u0131 m\u00fclki \u015f\u0259xsin humanitar m\u0259s\u0259l\u0259si: Dilq\u0259m \u018fsg\u0259rov v\u0259 \u015eahbaz Quliyev&#8221; adl\u0131 t\u0259dbir ke\u00e7irilib.<\/p>\n<p><strong>ARANTV.AZ<\/strong> trend-\u0259 istinad\u0259n bildirir ki,\u00a0t\u0259dbird\u0259 az\u0259rbaycanl\u0131 girovlar\u0131n ac\u0131nacaql\u0131 v\u0259ziyy\u0259td\u0259 saxlan\u0131lmas\u0131, h\u0259yatlar\u0131n\u0131n t\u0259hl\u00fck\u0259d\u0259 olmas\u0131, s\u0259hh\u0259tl\u0259rinin a\u011f\u0131r olmas\u0131 il\u0259 ba\u011fl\u0131 m\u0259lumatlar verilib. B\u00fct\u00fcn bunlar\u0131 n\u0259z\u0259r\u0259 alaraq, t\u0259dbir i\u015ftirak\u00e7\u0131lar\u0131 bu iki az\u0259rbaycanl\u0131 girovun azad edilm\u0259si m\u0259qs\u0259dil\u0259 Avropa \u015euras\u0131n\u0131n Ba\u015f katibin\u0259, Avropa \u015euras\u0131 Parlament Assambleyas\u0131na v\u0259 qurumun \u0130nsan H\u00fcquqlar\u0131 \u00fczr\u0259 M\u00fcv\u0259kkilin\u0259 b\u0259yanat \u00fcnvanlay\u0131blar. B\u0259yanat avropal\u0131 parlamentaril\u0259r t\u0259r\u0259find\u0259n imzalan\u0131b v\u0259 \u00fcnvanland\u0131\u011f\u0131 \u015f\u0259xsl\u0259r\u0259 \u00e7atd\u0131r\u0131l\u0131b. B\u0259yanat qurumun internet s\u0259hif\u0259sind\u0259 yay\u0131l\u0131b.<\/p>\n<p>B\u0259yanatda az\u0259rbaycanl\u0131lar\u0131n hans\u0131 \u015f\u0259raitd\u0259 girov g\u00f6t\u00fcr\u00fcld\u00fckl\u0259ri diqq\u0259t\u0259 \u00e7atd\u0131r\u0131laraq onlar\u0131n azad edilm\u0259si \u00fc\u00e7\u00fcn \u00e7a\u011f\u0131r\u0131\u015flar edilir.<\/p>\n<p>B\u0259yanatda deyilir: &#8220;2019-cu il iyulun 11-d\u0259 Az\u0259rbaycan v\u0259t\u0259nda\u015flar\u0131 Dilq\u0259m \u018fsg\u0259rov v\u0259 \u015eahbaz Quliyevin Az\u0259rbaycan\u0131n i\u015f\u011fal olunmu\u015f K\u0259lb\u0259c\u0259r rayonu yax\u0131nl\u0131\u011f\u0131nda qohumlar\u0131n\u0131n q\u0259birl\u0259rini ziyar\u0259t ed\u0259rk\u0259n girov g\u00f6t\u00fcr\u00fclm\u0259sinin be\u015f ili tamam olacaq. Onlar Erm\u0259nistan-Az\u0259rbaycan Da\u011fl\u0131q Qaraba\u011f m\u00fcnaqi\u015f\u0259si n\u0259tic\u0259sind\u0259 do\u011fma torpaqlar\u0131ndan zorla did\u0259rgin sal\u0131nm\u0131\u015f y\u00fcz minl\u0259rl\u0259 az\u0259rbaycanl\u0131 icmas\u0131n\u0131 t\u0259msil edirl\u0259r. Bu g\u00fcn\u0259 q\u0259d\u0259r onlar\u0131n azad edilm\u0259si il\u0259 ba\u011fl\u0131 b\u00fct\u00fcn \u00e7a\u011f\u0131r\u0131\u015flar\u0131n r\u0259dd edilm\u0259sind\u0259n d\u0259rin narahatl\u0131q duyuruq. Bildiririk ki, 2015-ci ild\u0259 onlarla ba\u011fl\u0131 \u0130nsan H\u00fcquqlar\u0131 \u00fczr\u0259 Avropa M\u0259hk\u0259m\u0259sin\u0259 m\u00fcraci\u0259t edilib. Cari il iyunun 25-d\u0259 A\u015e PA-da bu qurumdak\u0131 Az\u0259rbaycan n\u00fcmay\u0259nd\u0259 hey\u0259tinin t\u0259\u015fkil etdiyi t\u0259dbir zaman\u0131 bir daha xat\u0131rlad\u0131ld\u0131 ki, \u018fsg\u0259rov v\u0259 Quliyev h\u0259yatlar\u0131 \u00fc\u00e7\u00fcn t\u0259hl\u00fck\u0259li v\u0259 \u00fcmidsiz v\u0259ziyy\u0259td\u0259dirl\u0259r v\u0259 bu v\u0259ziyy\u0259t\u0259 son qoyulmas\u0131 m\u0259qs\u0259dil\u0259 beyn\u0259lxalq ictimaiyy\u0259t onlara dair humanitar m\u0259s\u0259l\u0259 il\u0259 ba\u011fl\u0131 q\u0259ti reaksiya g\u00f6st\u0259rm\u0259lidir. Buna g\u00f6r\u0259 d\u0259 t\u0259cili olaraq Avropa \u015euras\u0131n\u0131n Ba\u015f katibini, A\u015e PA-n\u0131 v\u0259 qurumun \u0130nsan H\u00fcquqlar\u0131 \u00fczr\u0259 M\u00fcv\u0259kkilini bu iki az\u0259rbaycanl\u0131 girovun pozulmu\u015f h\u00fcquqlar\u0131n\u0131 b\u0259rpa etm\u0259k \u00fc\u00e7\u00fcn d\u0259rhal v\u0259 qeyd-\u015f\u0259rtsiz azad edilm\u0259l\u0259rini t\u0259min etm\u0259y\u0259 \u00e7a\u011f\u0131r\u0131r\u0131q. \u0130nsan H\u00fcquqlar\u0131 \u00fczr\u0259 Avropa M\u0259hk\u0259m\u0259sinin onlar\u0131n azad edilm\u0259si il\u0259 ba\u011fl\u0131 q\u0259rar\u0131n\u0131 s\u0259birsizlikl\u0259 g\u00f6zl\u0259yirik&#8221;.<\/p>\n","protected":false},"excerpt":{"rendered":"<p>A\u015e PA-n\u0131n yay sessiyas\u0131 \u00e7\u0259r\u00e7iv\u0259sind\u0259 qurumdak\u0131 n\u00fcmay\u0259nd\u0259 hey\u0259timiz Erm\u0259nistan t\u0259r\u0259find\u0259n girov g\u00f6t\u00fcr\u00fclm\u00fc\u015f az\u0259rbaycanl\u0131 m\u00fclki \u015f\u0259xsl\u0259rl\u0259 ba\u011fl\u0131 m\u0259s\u0259l\u0259y\u0259 h\u0259sr edil\u0259n &#8220;\u0130ki az\u0259rbaycanl\u0131 m\u00fclki \u015f\u0259xsin humanitar m\u0259s\u0259l\u0259si: Dilq\u0259m \u018fsg\u0259rov v\u0259 \u015eahbaz Quliyev&#8221; adl\u0131 t\u0259dbir ke\u00e7irilib. ARANTV.AZ trend-\u0259 istinad\u0259n bildirir ki,\u00a0t\u0259dbird\u0259 az\u0259rbaycanl\u0131 girovlar\u0131n ac\u0131nacaql\u0131 v\u0259ziyy\u0259td\u0259 saxlan\u0131lmas\u0131, h\u0259yatlar\u0131n\u0131n t\u0259hl\u00fck\u0259d\u0259 olmas\u0131, s\u0259hh\u0259tl\u0259rinin a\u011f\u0131r olmas\u0131 il\u0259 ba\u011fl\u0131 m\u0259lumatlar verilib. B\u00fct\u00fcn bunlar\u0131 n\u0259z\u0259r\u0259 alaraq, t\u0259dbir i\u015ftirak\u00e7\u0131lar\u0131 bu iki az\u0259rbaycanl\u0131 girovun azad edilm\u0259si m\u0259qs\u0259dil\u0259 Avropa \u015euras\u0131n\u0131n Ba\u015f katibin\u0259, Avropa \u015euras\u0131 Parlament Assambleyas\u0131na v\u0259 qurumun \u0130nsan H\u00fcquqlar\u0131 \u00fczr\u0259 M\u00fcv\u0259kkilin\u0259 b\u0259yanat \u00fcnvanlay\u0131blar. B\u0259yanat avropal\u0131 parlamentaril\u0259r t\u0259r\u0259find\u0259n imzalan\u0131b v\u0259 \u00fcnvanland\u0131\u011f\u0131 \u015f\u0259xsl\u0259r\u0259&hellip;<\/p>\n","protected":false},"author":2,"featured_media":70037,"comment_status":"closed","ping_status":"closed","sticky":false,"template":"","format":"standard","meta":{"om_disable_all_campaigns":false,"_monsterinsights_skip_tracking":false,"_monsterinsights_sitenote_active":false,"_monsterinsights_sitenote_note":"","_monsterinsights_sitenote_category":0},"categories":[4],"tags":[],"aioseo_notices":[],"gutentor_comment":0,"rttpg_featured_image_url":{"full":["https:\/\/arantv.az\/wp-content\/uploads\/2019\/06\/dilqem_sahbaz_0124.jpg",800,600,false],"landscape":["https:\/\/arantv.az\/wp-content\/uploads\/2019\/06\/dilqem_sahbaz_0124.jpg",800,600,false],"portraits":["https:\/\/arantv.az\/wp-content\/uploads\/2019\/06\/dilqem_sahbaz_0124.jpg",800,600,false],"thumbnail":["https:\/\/arantv.az\/wp-content\/uploads\/2019\/06\/dilqem_sahbaz_0124-150x150.jpg",150,150,true],"medium":["https:\/\/arantv.az\/wp-content\/uploads\/2019\/06\/dilqem_sahbaz_0124-300x225.jpg",300,225,true],"large":["https:\/\/arantv.az\/wp-content\/uploads\/2019\/06\/dilqem_sahbaz_0124.jpg",640,480,false],"1536x1536":["https:\/\/arantv.az\/wp-content\/uploads\/2019\/06\/dilqem_sahbaz_0124.jpg",800,600,false],"2048x2048":["https:\/\/arantv.az\/wp-content\/uploads\/2019\/06\/dilqem_sahbaz_0124.jpg",800,600,false],"post-thumbnail":["https:\/\/arantv.az\/wp-content\/uploads\/2019\/06\/dilqem_sahbaz_0124-240x172.jpg",240,172,true],"advps-thumb-one":["https:\/\/arantv.az\/wp-content\/uploads\/2019\/06\/dilqem_sahbaz_0124.jpg",800,600,false]},"rttpg_author":{"display_name":"V\u00fcsal Rafiqo\u011flu","author_link":"https:\/\/arantv.az\/?author=2"},"rttpg_comment":0,"rttpg_category":"<a href=\"https:\/\/arantv.az\/?cat=4\" rel=\"category\">Siyas\u0259t<\/a>","rttpg_excerpt":"A\u015e PA-n\u0131n yay sessiyas\u0131 \u00e7\u0259r\u00e7iv\u0259sind\u0259 qurumdak\u0131 n\u00fcmay\u0259nd\u0259 hey\u0259timiz Erm\u0259nistan t\u0259r\u0259find\u0259n girov g\u00f6t\u00fcr\u00fclm\u00fc\u015f az\u0259rbaycanl\u0131 m\u00fclki \u015f\u0259xsl\u0259rl\u0259 ba\u011fl\u0131 m\u0259s\u0259l\u0259y\u0259 h\u0259sr edil\u0259n &#8220;\u0130ki az\u0259rbaycanl\u0131 m\u00fclki \u015f\u0259xsin humanitar m\u0259s\u0259l\u0259si: Dilq\u0259m \u018fsg\u0259rov v\u0259 \u015eahbaz Quliyev&#8221; adl\u0131 t\u0259dbir ke\u00e7irilib. ARANTV.AZ trend-\u0259 istinad\u0259n bildirir ki,\u00a0t\u0259dbird\u0259 az\u0259rbaycanl\u0131 girovlar\u0131n ac\u0131nacaql\u0131 v\u0259ziyy\u0259td\u0259 saxlan\u0131lmas\u0131, h\u0259yatlar\u0131n\u0131n t\u0259hl\u00fck\u0259d\u0259 olmas\u0131, s\u0259hh\u0259tl\u0259rinin a\u011f\u0131r olmas\u0131 il\u0259 ba\u011fl\u0131 m\u0259lumatlar verilib. B\u00fct\u00fcn bunlar\u0131&hellip;","_links":{"self":[{"href":"https:\/\/arantv.az\/index.php?rest_route=\/wp\/v2\/posts\/70036"}],"collection":[{"href":"https:\/\/arantv.az\/index.php?rest_route=\/wp\/v2\/posts"}],"about":[{"href":"https:\/\/arantv.az\/index.php?rest_route=\/wp\/v2\/types\/post"}],"author":[{"embeddable":true,"href":"https:\/\/arantv.az\/index.php?rest_route=\/wp\/v2\/users\/2"}],"replies":[{"embeddable":true,"href":"https:\/\/arantv.az\/index.php?rest_route=%2Fwp%2Fv2%2Fcomments&post=70036"}],"version-history":[{"count":0,"href":"https:\/\/arantv.az\/index.php?rest_route=\/wp\/v2\/posts\/70036\/revisions"}],"wp:featuredmedia":[{"embeddable":true,"href":"https:\/\/arantv.az\/index.php?rest_route=\/wp\/v2\/media\/70037"}],"wp:attachment":[{"href":"https:\/\/arantv.az\/index.php?rest_route=%2Fwp%2Fv2%2Fmedia&parent=70036"}],"wp:term":[{"taxonomy":"category","embeddable":true,"href":"https:\/\/arantv.az\/index.php?rest_route=%2Fwp%2Fv2%2Fcategories&post=70036"},{"taxonomy":"post_tag","embeddable":true,"href":"https:\/\/arantv.az\/index.php?rest_route=%2Fwp%2Fv2%2Ftags&post=70036"}],"curies":[{"name":"wp","href":"https:\/\/api.w.org\/{rel}","templated":true}]}}