{"id":70039,"date":"2019-06-28T13:28:37","date_gmt":"2019-06-28T10:28:37","guid":{"rendered":"http:\/\/arantv.az\/?p=70039"},"modified":"2019-06-28T13:28:37","modified_gmt":"2019-06-28T10:28:37","slug":"mill%c9%99t-v%c9%99kili-as-pa-ni-erm%c9%99nistanin-suriya-erm%c9%99nil%c9%99rini-qarabagda-yerl%c9%99sdirm%c9%99sinin-qarsisini-almaga-cagirib","status":"publish","type":"post","link":"https:\/\/arantv.az\/?p=70039","title":{"rendered":"Mill\u0259t v\u0259kili A\u015e PA-n\u0131 Erm\u0259nistan\u0131n Suriya erm\u0259nil\u0259rini Qaraba\u011fda yerl\u0259\u015fdirm\u0259sinin qar\u015f\u0131s\u0131n\u0131 alma\u011fa \u00e7a\u011f\u0131r\u0131b"},"content":{"rendered":"<p><strong>Az\u0259rbaycan\u0131n Avropa \u015euras\u0131 Parlament Assambleyas\u0131ndak\u0131 (A\u015e PA) n\u00fcmay\u0259nd\u0259 hey\u0259tinin \u00fczv\u00fc Q\u0259nir\u0259 Pa\u015fayeva Erm\u0259nistan\u0131 Suriya erm\u0259nil\u0259rini Az\u0259rbaycan\u0131n i\u015f\u011fal alt\u0131ndak\u0131 torpaqlar\u0131na yerl\u0259\u015fdirm\u0259kd\u0259 ittiham edib.<\/strong><\/p>\n<p><strong>ARANTV.AZ<\/strong> trend-\u0259 istinad\u0259n bildirir ki,\u00a0az\u0259rbaycanl\u0131 deputat &#8220;Suriyada v\u0259ziyy\u0259t: siyasi h\u0259lli \u00fc\u00e7\u00fcn perspektivl\u0259r?&#8221; adl\u0131 q\u0259tnam\u0259 layih\u0259sinin m\u00fczakir\u0259si zaman\u0131 A\u015e PA-n\u0131 Erm\u0259nistana t\u0259zyiq g\u00f6st\u0259rm\u0259y\u0259 \u00e7a\u011f\u0131r\u0131b.<\/p>\n<p>Q.Pa\u015fayeva bildirib ki, Suriyada bir ne\u00e7\u0259 ildir davam ed\u0259n m\u00fcharib\u0259 II D\u00fcnya m\u00fcharib\u0259sind\u0259n sonra d\u00fcnyan\u0131n \u00fczl\u0259\u015fdiyi \u0259n a\u011f\u0131r humanitar b\u00f6hrana g\u0259tirib \u00e7\u0131xar\u0131b: &#8220;Ham\u0131m\u0131z\u0131n g\u00f6zl\u0259ri \u00f6n\u00fcnd\u0259 d\u0259h\u015f\u0259tli bir faci\u0259 ya\u015fan\u0131r. Yax\u0131n \u015e\u0259rq v\u0259 getdikc\u0259 Avropa \u00fc\u00e7\u00fcn d\u0259 ciddi probleml\u0259r yaradan Suriya probleminin siyasi h\u0259lli \u00e7ox vacibdir. \u0130nsanlar\u0131 m\u0259cburi k\u00f6\u00e7k\u00fcn salan s\u0259b\u0259bl\u0259rl\u0259 m\u00fcbariz\u0259 aparmaq v\u0259 onlara Avropa t\u0259\u015fkilatlar\u0131n\u0131n, \u00f6lk\u0259l\u0259rinin d\u0259st\u0259yini art\u0131rmaq laz\u0131md\u0131r. \u018fks halda faci\u0259nin miqyas\u0131 daha da b\u00f6y\u00fcy\u0259c\u0259k. Suriyadan m\u0259cburi k\u00f6\u00e7k\u00fcn d\u00fc\u015fm\u00fc\u015f t\u00fcrkm\u0259nl\u0259r A\u015e PA-n\u0131 ya\u015fad\u0131qlar\u0131 faci\u0259l\u0259r\u0259 daha \u00e7ox diqq\u0259t ay\u0131rma\u011fa \u00e7a\u011f\u0131r\u0131r v\u0259 problemin h\u0259llin\u0259 daha \u00e7ox d\u0259st\u0259k g\u00f6zl\u0259yirl\u0259r. Suriyadan m\u0259cburi k\u00f6\u00e7k\u00fcn d\u00fc\u015fm\u00fc\u015f b\u00fct\u00fcn insanlar da bu \u00e7a\u011f\u0131r\u0131\u015f\u0131 s\u0259sl\u0259ndirirl\u0259r. Biz onlar\u0131n s\u0259sini duymal\u0131 v\u0259 d\u0259st\u0259yimizi art\u0131rmal\u0131y\u0131q. A\u015e PA Suriya il\u0259 b\u00f6y\u00fck s\u0259rh\u0259dl\u0259ri olan v\u0259 bu \u00f6lk\u0259d\u0259n k\u00f6\u00e7k\u00fcn d\u00fc\u015fm\u00fc\u015f \u00fc\u00e7 milyondan art\u0131q insana qap\u0131lar\u0131n\u0131 a\u00e7m\u0131\u015f T\u00fcrkiy\u0259y\u0259 d\u0259 d\u0259st\u0259yini artmal\u0131d\u0131r. T\u00fcrkiy\u0259 onlar \u00fc\u00e7\u00fcn \u00fcmid, xilas qap\u0131s\u0131d\u0131r. Avropa \u015euras\u0131, A\u015e PA d\u00fcnyada \u0259n \u00e7ox k\u00f6\u00e7k\u00fcn\u00fcn s\u0131\u011f\u0131nd\u0131\u011f\u0131 T\u00fcrkiy\u0259y\u0259 daha \u00e7ox d\u0259st\u0259k olmal\u0131d\u0131r&#8221;.<\/p>\n<p>Az\u0259rbaycanl\u0131 deputat Suriyada ya\u015fanan faci\u0259l\u0259rd\u0259n qa\u00e7maq m\u0259cburiyy\u0259tind\u0259 qalan insanlara etnik v\u0259 dini m\u0259nsubiyy\u0259tind\u0259n as\u0131l\u0131 olmayaraq, d\u0259st\u0259k g\u00f6st\u0259rm\u0259yin vacibliyin\u0259 d\u0259 toxunub: &#8220;Onlardan hans\u0131sa \u00e7irkin siyasi oyunlar \u00fc\u00e7\u00fcn istifad\u0259 etm\u0259k do\u011fru deyil. Ona g\u00f6r\u0259 d\u0259 Suriyadan qa\u00e7maq m\u0259cburiyy\u0259tind\u0259 qalan erm\u0259nil\u0259rin r\u0259smi \u0130r\u0259van t\u0259r\u0259find\u0259n Erm\u0259nistanda deyil, Az\u0259rbaycan\u0131n i\u015f\u011fal alt\u0131ndak\u0131 torpaqlar\u0131nda yerl\u0259\u015fdirilm\u0259sinin AT\u018fT-in faktara\u015fd\u0131r\u0131c\u0131 missiyas\u0131n\u0131n \u00e7a\u011f\u0131r\u0131\u015flar\u0131na da zidd oldu\u011funu diqq\u0259t\u0259 \u00e7atd\u0131r\u0131r v\u0259 buna son qoyulmas\u0131n\u0131n vacibliyini x\u00fcsusi vur\u011fulamaq ist\u0259yir\u0259m. Erm\u0259nistan onlar\u0131 \u00f6z \u0259razisind\u0259 deyil, m\u0259hz i\u015f\u011fal etdikl\u0259ri Az\u0259rbaycan torpaqlar\u0131na yerl\u0259\u015fdirm\u0259kl\u0259 Da\u011fl\u0131q Qaraba\u011f m\u00fcnaqi\u015f\u0259sinin s\u00fclh yolu il\u0259 h\u0259lli prosesin\u0259 b\u00f6y\u00fck z\u0259r\u0259r vurur. Biz Erm\u0259nistan\u0131 bu \u00e7a\u011f\u0131r\u0131\u015flara \u0259m\u0259l etm\u0259y\u0259, Suriyadan k\u00f6\u00e7k\u00fcn d\u00fc\u015fm\u00fc\u015f insanlar\u0131n m\u00fcnaqi\u015f\u0259 b\u00f6lg\u0259l\u0259rin\u0259 k\u00f6\u00e7\u00fcr\u00fclm\u0259sin\u0259 son verilm\u0259sin\u0259 \u00e7a\u011f\u0131r\u0131r\u0131q&#8221;.<\/p>\n","protected":false},"excerpt":{"rendered":"<p>Az\u0259rbaycan\u0131n Avropa \u015euras\u0131 Parlament Assambleyas\u0131ndak\u0131 (A\u015e PA) n\u00fcmay\u0259nd\u0259 hey\u0259tinin \u00fczv\u00fc Q\u0259nir\u0259 Pa\u015fayeva Erm\u0259nistan\u0131 Suriya erm\u0259nil\u0259rini Az\u0259rbaycan\u0131n i\u015f\u011fal alt\u0131ndak\u0131 torpaqlar\u0131na yerl\u0259\u015fdirm\u0259kd\u0259 ittiham edib. ARANTV.AZ trend-\u0259 istinad\u0259n bildirir ki,\u00a0az\u0259rbaycanl\u0131 deputat &#8220;Suriyada v\u0259ziyy\u0259t: siyasi h\u0259lli \u00fc\u00e7\u00fcn perspektivl\u0259r?&#8221; adl\u0131 q\u0259tnam\u0259 layih\u0259sinin m\u00fczakir\u0259si zaman\u0131 A\u015e PA-n\u0131 Erm\u0259nistana t\u0259zyiq g\u00f6st\u0259rm\u0259y\u0259 \u00e7a\u011f\u0131r\u0131b. Q.Pa\u015fayeva bildirib ki, Suriyada bir ne\u00e7\u0259 ildir davam ed\u0259n m\u00fcharib\u0259 II D\u00fcnya m\u00fcharib\u0259sind\u0259n sonra d\u00fcnyan\u0131n \u00fczl\u0259\u015fdiyi \u0259n a\u011f\u0131r humanitar b\u00f6hrana g\u0259tirib \u00e7\u0131xar\u0131b: &#8220;Ham\u0131m\u0131z\u0131n g\u00f6zl\u0259ri \u00f6n\u00fcnd\u0259 d\u0259h\u015f\u0259tli bir faci\u0259 ya\u015fan\u0131r. Yax\u0131n \u015e\u0259rq v\u0259 getdikc\u0259 Avropa \u00fc\u00e7\u00fcn d\u0259 ciddi probleml\u0259r yaradan Suriya probleminin siyasi h\u0259lli \u00e7ox vacibdir.&hellip;<\/p>\n","protected":false},"author":2,"featured_media":70040,"comment_status":"closed","ping_status":"closed","sticky":false,"template":"","format":"standard","meta":{"om_disable_all_campaigns":false,"_monsterinsights_skip_tracking":false,"_monsterinsights_sitenote_active":false,"_monsterinsights_sitenote_note":"","_monsterinsights_sitenote_category":0},"categories":[4],"tags":[],"aioseo_notices":[],"gutentor_comment":0,"rttpg_featured_image_url":{"full":["https:\/\/arantv.az\/wp-content\/uploads\/2019\/06\/766772.jpg",800,600,false],"landscape":["https:\/\/arantv.az\/wp-content\/uploads\/2019\/06\/766772.jpg",800,600,false],"portraits":["https:\/\/arantv.az\/wp-content\/uploads\/2019\/06\/766772.jpg",800,600,false],"thumbnail":["https:\/\/arantv.az\/wp-content\/uploads\/2019\/06\/766772-150x150.jpg",150,150,true],"medium":["https:\/\/arantv.az\/wp-content\/uploads\/2019\/06\/766772-300x225.jpg",300,225,true],"large":["https:\/\/arantv.az\/wp-content\/uploads\/2019\/06\/766772.jpg",640,480,false],"1536x1536":["https:\/\/arantv.az\/wp-content\/uploads\/2019\/06\/766772.jpg",800,600,false],"2048x2048":["https:\/\/arantv.az\/wp-content\/uploads\/2019\/06\/766772.jpg",800,600,false],"post-thumbnail":["https:\/\/arantv.az\/wp-content\/uploads\/2019\/06\/766772-240x172.jpg",240,172,true],"advps-thumb-one":["https:\/\/arantv.az\/wp-content\/uploads\/2019\/06\/766772.jpg",800,600,false]},"rttpg_author":{"display_name":"V\u00fcsal Rafiqo\u011flu","author_link":"https:\/\/arantv.az\/?author=2"},"rttpg_comment":0,"rttpg_category":"<a href=\"https:\/\/arantv.az\/?cat=4\" rel=\"category\">Siyas\u0259t<\/a>","rttpg_excerpt":"Az\u0259rbaycan\u0131n Avropa \u015euras\u0131 Parlament Assambleyas\u0131ndak\u0131 (A\u015e PA) n\u00fcmay\u0259nd\u0259 hey\u0259tinin \u00fczv\u00fc Q\u0259nir\u0259 Pa\u015fayeva Erm\u0259nistan\u0131 Suriya erm\u0259nil\u0259rini Az\u0259rbaycan\u0131n i\u015f\u011fal alt\u0131ndak\u0131 torpaqlar\u0131na yerl\u0259\u015fdirm\u0259kd\u0259 ittiham edib. ARANTV.AZ trend-\u0259 istinad\u0259n bildirir ki,\u00a0az\u0259rbaycanl\u0131 deputat &#8220;Suriyada v\u0259ziyy\u0259t: siyasi h\u0259lli \u00fc\u00e7\u00fcn perspektivl\u0259r?&#8221; adl\u0131 q\u0259tnam\u0259 layih\u0259sinin m\u00fczakir\u0259si zaman\u0131 A\u015e PA-n\u0131 Erm\u0259nistana t\u0259zyiq g\u00f6st\u0259rm\u0259y\u0259 \u00e7a\u011f\u0131r\u0131b. Q.Pa\u015fayeva bildirib ki, Suriyada bir ne\u00e7\u0259 ildir davam ed\u0259n m\u00fcharib\u0259&hellip;","_links":{"self":[{"href":"https:\/\/arantv.az\/index.php?rest_route=\/wp\/v2\/posts\/70039"}],"collection":[{"href":"https:\/\/arantv.az\/index.php?rest_route=\/wp\/v2\/posts"}],"about":[{"href":"https:\/\/arantv.az\/index.php?rest_route=\/wp\/v2\/types\/post"}],"author":[{"embeddable":true,"href":"https:\/\/arantv.az\/index.php?rest_route=\/wp\/v2\/users\/2"}],"replies":[{"embeddable":true,"href":"https:\/\/arantv.az\/index.php?rest_route=%2Fwp%2Fv2%2Fcomments&post=70039"}],"version-history":[{"count":0,"href":"https:\/\/arantv.az\/index.php?rest_route=\/wp\/v2\/posts\/70039\/revisions"}],"wp:featuredmedia":[{"embeddable":true,"href":"https:\/\/arantv.az\/index.php?rest_route=\/wp\/v2\/media\/70040"}],"wp:attachment":[{"href":"https:\/\/arantv.az\/index.php?rest_route=%2Fwp%2Fv2%2Fmedia&parent=70039"}],"wp:term":[{"taxonomy":"category","embeddable":true,"href":"https:\/\/arantv.az\/index.php?rest_route=%2Fwp%2Fv2%2Fcategories&post=70039"},{"taxonomy":"post_tag","embeddable":true,"href":"https:\/\/arantv.az\/index.php?rest_route=%2Fwp%2Fv2%2Ftags&post=70039"}],"curies":[{"name":"wp","href":"https:\/\/api.w.org\/{rel}","templated":true}]}}