{"id":70100,"date":"2019-06-28T15:09:40","date_gmt":"2019-06-28T12:09:40","guid":{"rendered":"http:\/\/arantv.az\/?p=70100"},"modified":"2019-06-28T15:09:40","modified_gmt":"2019-06-28T12:09:40","slug":"az%c9%99rbaycan-elektrik-avtobuslari-aldi","status":"publish","type":"post","link":"https:\/\/arantv.az\/?p=70100","title":{"rendered":"Az\u0259rbaycan elektrik avtobuslar\u0131 ald\u0131"},"content":{"rendered":"<p><strong><a class=\"kw-link\" title=\"Az\u0259rbaycan x\u0259b\u0259rl\u0259ri\" href=\"https:\/\/metbuat.az\/news\/search?q=az%C9%99rbaycan\" target=\"_blank\" rel=\"noopener\">Az\u0259rbaycan<\/a>\u00a0<a class=\"kw-link\" title=\"Belarus x\u0259b\u0259rl\u0259ri\" href=\"https:\/\/metbuat.az\/news\/search?q=belarus\" target=\"_blank\" rel=\"noopener\">Belarus<\/a>un \u201cBelkommunma\u015f\u201d holdinqind\u0259n 4 elektrikl\u0259 h\u0259r\u0259k\u0259t ed\u0259n avtobus al\u0131b.<br \/>\n<\/strong><br \/>\n<strong>ARANTV.AZ<\/strong> m\u0259lumat verir kli, , holdinq \u00f6z istehsal\u0131 olan 90-dan art\u0131q elektrik avtobusunun sat\u0131\u015f\u0131n\u0131 h\u0259yata ke\u00e7irib.<\/p>\n<p>Bu avtobuslar\u0131n 90 \u0259d\u0259d\u0259 yax\u0131n\u0131 ancaq Belarusdan olan al\u0131c\u0131lara g\u00f6nd\u0259rilib v\u0259 4 \u0259d\u0259d elektrik avtobusu is\u0259 Az\u0259rbaycana ixrac edilib.<\/p>\n<p>Bundan ba\u015fqa, haz\u0131rda elektrik avtobuslar\u0131n\u0131n\u00a0<a class=\"kw-link\" title=\"G\u00fcrc\u00fcstan x\u0259b\u0259rl\u0259ri\" href=\"https:\/\/metbuat.az\/news\/search?q=g%C3%BCrc%C3%BCstan\" target=\"_blank\" rel=\"noopener\">G\u00fcrc\u00fcstan<\/a>a t\u0259dar\u00fck edilm\u0259si il\u0259 ba\u011fl\u0131 perspektivl\u0259r i\u015fl\u0259nilir. Elektrik avtobuslar\u0131n\u0131n iki n\u00fcmun\u0259si Avropa standartlar\u0131na uy\u011fun istehsal edilib.<\/p>\n<p>\u201cBelkommunma\u015f\u201d holdinqinin xarici iqtisadi f\u0259aliyy\u0259t idar\u0259sinin m\u00fcdiri v\u0259zif\u0259sini icra ed\u0259n Aleksandr Klakevi\u00e7 bildirib ki, art\u0131q bu ilin sonunda v\u0259 ya g\u0259l\u0259n ilin \u0259vv\u0259ll\u0259rind\u0259 \u015firk\u0259t Avropa bazarlar\u0131na \u00e7\u0131xacaq.Metbuat.az<\/p>\n","protected":false},"excerpt":{"rendered":"<p>Az\u0259rbaycan\u00a0Belarusun \u201cBelkommunma\u015f\u201d holdinqind\u0259n 4 elektrikl\u0259 h\u0259r\u0259k\u0259t ed\u0259n avtobus al\u0131b. ARANTV.AZ m\u0259lumat verir kli, , holdinq \u00f6z istehsal\u0131 olan 90-dan art\u0131q elektrik avtobusunun sat\u0131\u015f\u0131n\u0131 h\u0259yata ke\u00e7irib. Bu avtobuslar\u0131n 90 \u0259d\u0259d\u0259 yax\u0131n\u0131 ancaq Belarusdan olan al\u0131c\u0131lara g\u00f6nd\u0259rilib v\u0259 4 \u0259d\u0259d elektrik avtobusu is\u0259 Az\u0259rbaycana ixrac edilib. Bundan ba\u015fqa, haz\u0131rda elektrik avtobuslar\u0131n\u0131n\u00a0G\u00fcrc\u00fcstana t\u0259dar\u00fck edilm\u0259si il\u0259 ba\u011fl\u0131 perspektivl\u0259r i\u015fl\u0259nilir. Elektrik avtobuslar\u0131n\u0131n iki n\u00fcmun\u0259si Avropa standartlar\u0131na uy\u011fun istehsal edilib. \u201cBelkommunma\u015f\u201d holdinqinin xarici iqtisadi f\u0259aliyy\u0259t idar\u0259sinin m\u00fcdiri v\u0259zif\u0259sini icra ed\u0259n Aleksandr Klakevi\u00e7 bildirib ki, art\u0131q bu ilin sonunda v\u0259 ya g\u0259l\u0259n ilin \u0259vv\u0259ll\u0259rind\u0259 \u015firk\u0259t Avropa bazarlar\u0131na&hellip;<\/p>\n","protected":false},"author":2,"featured_media":70101,"comment_status":"closed","ping_status":"closed","sticky":false,"template":"","format":"standard","meta":{"om_disable_all_campaigns":false,"_monsterinsights_skip_tracking":false,"_monsterinsights_sitenote_active":false,"_monsterinsights_sitenote_note":"","_monsterinsights_sitenote_category":0},"categories":[1],"tags":[],"aioseo_notices":[],"gutentor_comment":0,"rttpg_featured_image_url":{"full":["https:\/\/arantv.az\/wp-content\/uploads\/2019\/06\/1215595.jpg",734,527,false],"landscape":["https:\/\/arantv.az\/wp-content\/uploads\/2019\/06\/1215595.jpg",734,527,false],"portraits":["https:\/\/arantv.az\/wp-content\/uploads\/2019\/06\/1215595.jpg",734,527,false],"thumbnail":["https:\/\/arantv.az\/wp-content\/uploads\/2019\/06\/1215595-150x150.jpg",150,150,true],"medium":["https:\/\/arantv.az\/wp-content\/uploads\/2019\/06\/1215595-300x215.jpg",300,215,true],"large":["https:\/\/arantv.az\/wp-content\/uploads\/2019\/06\/1215595.jpg",640,460,false],"1536x1536":["https:\/\/arantv.az\/wp-content\/uploads\/2019\/06\/1215595.jpg",734,527,false],"2048x2048":["https:\/\/arantv.az\/wp-content\/uploads\/2019\/06\/1215595.jpg",734,527,false],"post-thumbnail":["https:\/\/arantv.az\/wp-content\/uploads\/2019\/06\/1215595-240x172.jpg",240,172,true],"advps-thumb-one":["https:\/\/arantv.az\/wp-content\/uploads\/2019\/06\/1215595.jpg",734,527,false]},"rttpg_author":{"display_name":"V\u00fcsal Rafiqo\u011flu","author_link":"https:\/\/arantv.az\/?author=2"},"rttpg_comment":0,"rttpg_category":"<a href=\"https:\/\/arantv.az\/?cat=1\" rel=\"category\">C\u0259miyy\u0259t<\/a>","rttpg_excerpt":"Az\u0259rbaycan\u00a0Belarusun \u201cBelkommunma\u015f\u201d holdinqind\u0259n 4 elektrikl\u0259 h\u0259r\u0259k\u0259t ed\u0259n avtobus al\u0131b. ARANTV.AZ m\u0259lumat verir kli, , holdinq \u00f6z istehsal\u0131 olan 90-dan art\u0131q elektrik avtobusunun sat\u0131\u015f\u0131n\u0131 h\u0259yata ke\u00e7irib. Bu avtobuslar\u0131n 90 \u0259d\u0259d\u0259 yax\u0131n\u0131 ancaq Belarusdan olan al\u0131c\u0131lara g\u00f6nd\u0259rilib v\u0259 4 \u0259d\u0259d elektrik avtobusu is\u0259 Az\u0259rbaycana ixrac edilib. Bundan ba\u015fqa, haz\u0131rda elektrik avtobuslar\u0131n\u0131n\u00a0G\u00fcrc\u00fcstana t\u0259dar\u00fck edilm\u0259si il\u0259 ba\u011fl\u0131 perspektivl\u0259r i\u015fl\u0259nilir.&hellip;","_links":{"self":[{"href":"https:\/\/arantv.az\/index.php?rest_route=\/wp\/v2\/posts\/70100"}],"collection":[{"href":"https:\/\/arantv.az\/index.php?rest_route=\/wp\/v2\/posts"}],"about":[{"href":"https:\/\/arantv.az\/index.php?rest_route=\/wp\/v2\/types\/post"}],"author":[{"embeddable":true,"href":"https:\/\/arantv.az\/index.php?rest_route=\/wp\/v2\/users\/2"}],"replies":[{"embeddable":true,"href":"https:\/\/arantv.az\/index.php?rest_route=%2Fwp%2Fv2%2Fcomments&post=70100"}],"version-history":[{"count":0,"href":"https:\/\/arantv.az\/index.php?rest_route=\/wp\/v2\/posts\/70100\/revisions"}],"wp:featuredmedia":[{"embeddable":true,"href":"https:\/\/arantv.az\/index.php?rest_route=\/wp\/v2\/media\/70101"}],"wp:attachment":[{"href":"https:\/\/arantv.az\/index.php?rest_route=%2Fwp%2Fv2%2Fmedia&parent=70100"}],"wp:term":[{"taxonomy":"category","embeddable":true,"href":"https:\/\/arantv.az\/index.php?rest_route=%2Fwp%2Fv2%2Fcategories&post=70100"},{"taxonomy":"post_tag","embeddable":true,"href":"https:\/\/arantv.az\/index.php?rest_route=%2Fwp%2Fv2%2Ftags&post=70100"}],"curies":[{"name":"wp","href":"https:\/\/api.w.org\/{rel}","templated":true}]}}