{"id":70104,"date":"2019-06-28T15:12:18","date_gmt":"2019-06-28T12:12:18","guid":{"rendered":"http:\/\/arantv.az\/?p=70104"},"modified":"2019-06-28T15:12:18","modified_gmt":"2019-06-28T12:12:18","slug":"mill%c9%99t-v%c9%99kili-aspa-ni-diq%c9%99m-%c9%99sg%c9%99rov-v%c9%99-sahbaz-quliyevin-azadliga-buraxilmasi-ucun-erm%c9%99nistana-t%c9%99zyiq-etm%c9%99y%c9%99-cagirib","status":"publish","type":"post","link":"https:\/\/arantv.az\/?p=70104","title":{"rendered":"Mill\u0259t v\u0259kili A\u015ePA-n\u0131 Diq\u0259m \u018fsg\u0259rov v\u0259 \u015eahbaz Quliyevin azadl\u0131\u011fa burax\u0131lmas\u0131 \u00fc\u00e7\u00fcn Erm\u0259nistana t\u0259zyiq etm\u0259y\u0259 \u00e7a\u011f\u0131r\u0131b"},"content":{"rendered":"<p>Mill\u0259t v\u0259kili Q\u0259nir\u0259 Pa\u015fayeva A\u015ePA-da Azad M\u00fczakir\u0259l\u0259r zaman\u0131 Avropa m\u0259hk\u0259m\u0259sinin \u00c7\u0131raqov v\u0259 ba\u015fqalar\u0131 Erm\u0259nistana qar\u015f\u0131 adl\u0131 q\u0259tnam\u0259sind\u0259n dan\u0131\u015f\u0131b v\u0259 A\u015ePA-n\u0131 bu q\u0259tnam\u0259nin yerin\u0259 yetirilm\u0259si \u00fc\u00e7\u00fcn Erm\u0259nistana t\u0259zyiq g\u00f6st\u0259rm\u0259y\u0259 \u00e7a\u011f\u0131r\u0131b.<\/p>\n<p><strong>ARANTV.AZ<\/strong> trend-\u0259 istinad\u0259n bildirir ki,\u00a0mill\u0259t v\u0259kili A\u015ePA-n\u0131n q\u0259bul etdiyi 1416 sayl\u0131 v\u0259 S\u0259rs\u0259ng su anbar\u0131 il\u0259 ba\u011fl\u0131 q\u0259tnam\u0259d\u0259n dan\u0131\u015f\u0131b v\u0259 t\u0259\u015fkilat\u0131 ikili standartlara son qoyma\u011fa \u00e7a\u011f\u0131r\u0131b.<\/p>\n<p>Q.Pa\u015fayevan\u0131n s\u00f6zl\u0259rin\u0259 g\u00f6r\u0259, Az\u0259rbaycan d\u00f6vl\u0259tinin s\u0259yl\u0259rin\u0259, Avropa \u015euras\u0131 ba\u015f katibinin a\u00e7\u0131qlamalar\u0131na, \u00e7a\u011f\u0131r\u0131\u015flar\u0131na baxmayaraq Dilq\u0259m \u018fsg\u0259rov v\u0259 \u015eahbaz Quliyevin azadl\u0131\u011fa burax\u0131lmas\u0131 istiqam\u0259tind\u0259 h\u0259l\u0259 ki, he\u00e7 bir m\u00fcsb\u0259t ir\u0259lil\u0259yi\u015f yoxdur:<\/p>\n<p>&#8220;Erm\u0259nistan d\u00f6vl\u0259ti az\u0259rbaycanl\u0131 Dilq\u0259m \u018fsg\u0259rov v\u0259 \u015eahbaz Quliyevi girov tutmaqda davam edir. Onlara z\u00fclm edilir, \u0259ziyy\u0259t verilir v\u0259 sa\u011fl\u0131q v\u0259ziyy\u0259tl\u0259ri \u00e7ox a\u011f\u0131rd\u0131r. Bu insanlar\u0131n he\u00e7 bir su\u00e7u yoxdur. Onlar sad\u0259c\u0259 k\u00f6\u00e7k\u00fcn d\u00fc\u015fd\u00fckl\u0259ri evl\u0259rini, ail\u0259 \u00fczvl\u0259rinin m\u0259zarlar\u0131n\u0131 ziyar\u0259t\u0259 gedibl\u0259r. Amma Erm\u0259nistan d\u00f6vl\u0259ti ne\u00e7\u0259 ildir ki bu insanlara z\u00fclm edir. Dilq\u0259m \u018fsg\u0259rovun o\u011flu bir ne\u00e7\u0259 g\u00fcnd\u00fcr Assableyam\u0131zda t\u0259dbirl\u0259rd\u0259, g\u00f6r\u00fc\u015fl\u0259rd\u0259 i\u015ftirak ed\u0259r\u0259k atas\u0131na qar\u015f\u0131 Erm\u0259nistanda veril\u0259n i\u015fg\u0259nc\u0259l\u0259rin durdurulmas\u0131 v\u0259 onun azad edilm\u0259si \u00fc\u00e7\u00fcn Avropa \u015euras\u0131n\u0131n, Parlament Assambleyas\u0131n\u0131n s\u0259yl\u0259rini art\u0131rmas\u0131n\u0131 xahi\u015f edir. Dilq\u0259m \u018fsg\u0259rov v\u0259 \u015eahbaz Quliyevin ail\u0259si v\u0259 yax\u0131nlar\u0131 onlar\u0131n q\u0131sa zamanda azad edilm\u0259si \u00fc\u00e7\u00fcn Avropa \u015euras\u0131ndan bu istiqam\u0259td\u0259 daha b\u00f6y\u00fck s\u0259yl\u0259r g\u00f6zl\u0259yirl\u0259r. M\u0259n Az\u0259rbaycan d\u00f6vl\u0259tinin t\u0259msil\u00e7isi olaraq sizl\u0259ri, Assambleyam\u0131z\u0131 bu insanl\u0131qdan k\u0259nar, qeyri-qanunu \u0259m\u0259ll\u0259rin\u0259 son verm\u0259si \u00fc\u00e7\u00fcn Erm\u0259nistan d\u00f6vl\u0259tin\u0259, h\u00f6kum\u0259tin\u0259 ciddi etiraz etm\u0259y\u0259, Dilq\u0259m \u018fsg\u0259rov v\u0259 \u015eahbaz Quliyevin azad olunmas\u0131 \u00fc\u00e7\u00fcn Erm\u0259nistana t\u0259zyiq g\u00f6st\u0259rm\u0259y\u0259 \u00e7a\u011f\u0131r\u0131ram. Biz A\u015ePA-dan bu girovlar\u0131n azad olunmas\u0131 \u00fc\u00e7\u00fcn ciddi d\u0259st\u0259k g\u00f6zl\u0259yirik&#8221;.<\/p>\n<p>Q.Pa\u015fayeva deyib ki, Avropa M\u0259hk\u0259m\u0259sinin q\u0259rarlar\u0131 \u00fczv \u00f6lk\u0259l\u0259rd\u0259 icra olunmal\u0131d\u0131r. Amma Erm\u0259nistan r\u0259hb\u0259rliyi Avropa \u0130nsan Haqlar\u0131 M\u0259hk\u0259m\u0259sinin &#8220;\u00c7\u0131raqov v\u0259 ba\u015fqalar\u0131 Erm\u0259nistana qar\u015f\u0131&#8221; adl\u0131 q\u0259rar\u0131n\u0131 art\u0131q ne\u00e7\u0259 ildir yerin\u0259 yetirm\u0259kd\u0259n imtina edir:<\/p>\n<p>&#8220;Do\u011fma yurduna qay\u0131da bilm\u0259y\u0259n qa\u00e7q\u0131n v\u0259 m\u0259cburi k\u00f6\u00e7k\u00fcnl\u0259rin Avropa M\u0259hk\u0259m\u0259sin\u0259 m\u00fcraci\u0259ti \u0259sas\u0131nda q\u0259bul edilmi\u015f bu q\u0259rar\u0131n yerin\u0259 yetirilm\u0259si \u00fc\u00e7\u00fcn Avropa \u015euras\u0131 qurumlar\u0131 da ciddi add\u0131mlar atm\u0131r v\u0259 q\u0259rar\u0131n yerin\u0259 yetirilm\u0259si \u00fc\u00e7\u00fcn Erm\u0259nistan\u0131n r\u0259hb\u0259rliyin\u0259 he\u00e7 bir t\u0259zyiq g\u00f6st\u0259rmir. Avropa m\u0259hk\u0259m\u0259si q\u0259rarlar\u0131n\u0131n yerin\u0259 yetirilm\u0259m\u0259si Parlament Assambleyas\u0131n\u0131 ciddi narahat etm\u0259lidir v\u0259 onun yerin\u0259 yetirilm\u0259si \u00fc\u00e7\u00fcn A\u015ePA, Avropa \u015euras\u0131 t\u0259sisatlar\u0131 Erm\u0259nistana ciddi t\u0259sir v\u0259 t\u0259zyiql\u0259r g\u00f6st\u0259rm\u0259lidir. Bu m\u0259s\u0259l\u0259l\u0259r\u0259 yana\u015fmada ikili standartlar olmamal\u0131d\u0131r. Do\u011fma evin\u0259 qay\u0131da bilm\u0259y\u0259n qa\u00e7q\u0131n v\u0259 m\u0259cburi k\u00f6\u00e7k\u00fcnl\u0259r A\u015ePA-n\u0131 bu m\u0259s\u0259l\u0259l\u0259rd\u0259 daha h\u0259ssas olma\u011fa \u00e7a\u011f\u0131r\u0131r. Onlar A\u015ePA-n\u0131n q\u0259bul etdiyi 1416 sayl\u0131 q\u0259tnam\u0259nin yerin\u0259 yetirilm\u0259si istiqam\u0259tind\u0259 d\u0259 Erm\u0259nistana t\u0259zyiq g\u00f6st\u0259rm\u0259y\u0259 \u00e7a\u011f\u0131r\u0131rlar. Erm\u0259nistan h\u0259min q\u0259tnam\u0259ni yerin\u0259 yetirm\u0259kd\u0259n imtina edir v\u0259 evl\u0259rind\u0259n did\u0259rgin d\u00fc\u015f\u0259n az\u0259rbaycanl\u0131lar\u0131n do\u011fma yurdlar\u0131na qay\u0131tmas\u0131na imkan vermir.<\/p>\n<p>M\u0259n Parlament Assambleyam\u0131z\u0131n S\u0259rs\u0259ng su anbar\u0131 il\u0259 ba\u011fl\u0131 q\u0259bul etdiyi 2085 sayl\u0131 q\u0259tnam\u0259sind\u0259n d\u0259 dan\u0131\u015fmaq ist\u0259yir\u0259m. H\u0259min q\u0259tnam\u0259d\u0259 Parlament Assambleyas\u0131 Erm\u0259nistandan su ehtiyatlar\u0131ndan siyasi t\u0259sir v\u0259 t\u0259zyiq kimi istifad\u0259 etm\u0259y\u0259 son qoymas\u0131n\u0131 t\u0259l\u0259b edirdi. Amma Erm\u0259nistan bu q\u0259tnam\u0259nin h\u0259yata ke\u00e7irilm\u0259si \u00fc\u00e7\u00fcn d\u0259 he\u00e7 bir add\u0131m atm\u0131r v\u0259 on minl\u0259rl\u0259 az\u0259rbaycanl\u0131, \u0259halinin s\u0131x ya\u015fad\u0131\u011f\u0131 bir ne\u00e7\u0259 rayon bundan ciddi \u0259ziyy\u0259t \u00e7\u0259kir. \u0130ndi yay aylar\u0131d\u0131r v\u0259 susuzluqdan \u0259ziyy\u0259t \u00e7\u0259k\u0259n on minl\u0259rl\u0259 insan Assambleyan\u0131 bu m\u0259s\u0259l\u0259y\u0259 d\u0259 diqq\u0259t yetirm\u0259y\u0259 v\u0259 q\u0259bul etdiyi q\u0259tnam\u0259nin yerin\u0259 yetirilm\u0259si istiqam\u0259tind\u0259 daha s\u0259rt mexanizml\u0259r\u0259 \u0259l atma\u011fa v\u0259 onun yerin\u0259 yetirilm\u0259si istiqam\u0259tind\u0259 Erm\u0259nistana t\u0259zyiq etm\u0259y\u0259 \u00e7a\u011f\u0131r\u0131r.<\/p>\n<p>27 ildir evl\u0259rin\u0259 qay\u0131da bilm\u0259y\u0259n b\u00fct\u00fcn az\u0259rbaycanl\u0131 k\u00f6\u00e7k\u00fcnl\u0259r onlar\u0131n pozulan haqlar\u0131n\u0131n m\u00fcdafi\u0259si istiqam\u0259tind\u0259 sizd\u0259n daha f\u0259al m\u00f6vqe tutma\u011f\u0131, bu istiqam\u0259td\u0259 s\u0259yl\u0259rinizi daha da art\u0131rma\u011f\u0131n\u0131z\u0131 g\u00f6zl\u0259yirl\u0259r. \u0130nsan haqlar\u0131n\u0131n m\u00fcdafi\u0259si d\u0259y\u0259rl\u0259rinin qorunmas\u0131 prinsipl\u0259ri \u00fcz\u0259rind\u0259 qurulan A\u015ePA o insanlar\u0131n s\u0259sini dinl\u0259m\u0259li v\u0259 onlar\u0131n \u00f6z evl\u0259rin\u0259 d\u00f6n\u0259 bilm\u0259sin\u0259 d\u0259st\u0259k olmal\u0131d\u0131r&#8221;.<\/p>\n","protected":false},"excerpt":{"rendered":"<p>Mill\u0259t v\u0259kili Q\u0259nir\u0259 Pa\u015fayeva A\u015ePA-da Azad M\u00fczakir\u0259l\u0259r zaman\u0131 Avropa m\u0259hk\u0259m\u0259sinin \u00c7\u0131raqov v\u0259 ba\u015fqalar\u0131 Erm\u0259nistana qar\u015f\u0131 adl\u0131 q\u0259tnam\u0259sind\u0259n dan\u0131\u015f\u0131b v\u0259 A\u015ePA-n\u0131 bu q\u0259tnam\u0259nin yerin\u0259 yetirilm\u0259si \u00fc\u00e7\u00fcn Erm\u0259nistana t\u0259zyiq g\u00f6st\u0259rm\u0259y\u0259 \u00e7a\u011f\u0131r\u0131b. ARANTV.AZ trend-\u0259 istinad\u0259n bildirir ki,\u00a0mill\u0259t v\u0259kili A\u015ePA-n\u0131n q\u0259bul etdiyi 1416 sayl\u0131 v\u0259 S\u0259rs\u0259ng su anbar\u0131 il\u0259 ba\u011fl\u0131 q\u0259tnam\u0259d\u0259n dan\u0131\u015f\u0131b v\u0259 t\u0259\u015fkilat\u0131 ikili standartlara son qoyma\u011fa \u00e7a\u011f\u0131r\u0131b. Q.Pa\u015fayevan\u0131n s\u00f6zl\u0259rin\u0259 g\u00f6r\u0259, Az\u0259rbaycan d\u00f6vl\u0259tinin s\u0259yl\u0259rin\u0259, Avropa \u015euras\u0131 ba\u015f katibinin a\u00e7\u0131qlamalar\u0131na, \u00e7a\u011f\u0131r\u0131\u015flar\u0131na baxmayaraq Dilq\u0259m \u018fsg\u0259rov v\u0259 \u015eahbaz Quliyevin azadl\u0131\u011fa burax\u0131lmas\u0131 istiqam\u0259tind\u0259 h\u0259l\u0259 ki, he\u00e7 bir m\u00fcsb\u0259t ir\u0259lil\u0259yi\u015f yoxdur: &#8220;Erm\u0259nistan d\u00f6vl\u0259ti az\u0259rbaycanl\u0131 Dilq\u0259m \u018fsg\u0259rov v\u0259 \u015eahbaz&hellip;<\/p>\n","protected":false},"author":2,"featured_media":70105,"comment_status":"closed","ping_status":"closed","sticky":false,"template":"","format":"standard","meta":{"om_disable_all_campaigns":false,"_monsterinsights_skip_tracking":false,"_monsterinsights_sitenote_active":false,"_monsterinsights_sitenote_note":"","_monsterinsights_sitenote_category":0},"categories":[4],"tags":[],"aioseo_notices":[],"gutentor_comment":0,"rttpg_featured_image_url":{"full":["https:\/\/arantv.az\/wp-content\/uploads\/2019\/06\/766821.jpg",800,600,false],"landscape":["https:\/\/arantv.az\/wp-content\/uploads\/2019\/06\/766821.jpg",800,600,false],"portraits":["https:\/\/arantv.az\/wp-content\/uploads\/2019\/06\/766821.jpg",800,600,false],"thumbnail":["https:\/\/arantv.az\/wp-content\/uploads\/2019\/06\/766821-150x150.jpg",150,150,true],"medium":["https:\/\/arantv.az\/wp-content\/uploads\/2019\/06\/766821-300x225.jpg",300,225,true],"large":["https:\/\/arantv.az\/wp-content\/uploads\/2019\/06\/766821.jpg",640,480,false],"1536x1536":["https:\/\/arantv.az\/wp-content\/uploads\/2019\/06\/766821.jpg",800,600,false],"2048x2048":["https:\/\/arantv.az\/wp-content\/uploads\/2019\/06\/766821.jpg",800,600,false],"post-thumbnail":["https:\/\/arantv.az\/wp-content\/uploads\/2019\/06\/766821-240x172.jpg",240,172,true],"advps-thumb-one":["https:\/\/arantv.az\/wp-content\/uploads\/2019\/06\/766821.jpg",800,600,false]},"rttpg_author":{"display_name":"V\u00fcsal Rafiqo\u011flu","author_link":"https:\/\/arantv.az\/?author=2"},"rttpg_comment":0,"rttpg_category":"<a href=\"https:\/\/arantv.az\/?cat=4\" rel=\"category\">Siyas\u0259t<\/a>","rttpg_excerpt":"Mill\u0259t v\u0259kili Q\u0259nir\u0259 Pa\u015fayeva A\u015ePA-da Azad M\u00fczakir\u0259l\u0259r zaman\u0131 Avropa m\u0259hk\u0259m\u0259sinin \u00c7\u0131raqov v\u0259 ba\u015fqalar\u0131 Erm\u0259nistana qar\u015f\u0131 adl\u0131 q\u0259tnam\u0259sind\u0259n dan\u0131\u015f\u0131b v\u0259 A\u015ePA-n\u0131 bu q\u0259tnam\u0259nin yerin\u0259 yetirilm\u0259si \u00fc\u00e7\u00fcn Erm\u0259nistana t\u0259zyiq g\u00f6st\u0259rm\u0259y\u0259 \u00e7a\u011f\u0131r\u0131b. ARANTV.AZ trend-\u0259 istinad\u0259n bildirir ki,\u00a0mill\u0259t v\u0259kili A\u015ePA-n\u0131n q\u0259bul etdiyi 1416 sayl\u0131 v\u0259 S\u0259rs\u0259ng su anbar\u0131 il\u0259 ba\u011fl\u0131 q\u0259tnam\u0259d\u0259n dan\u0131\u015f\u0131b v\u0259 t\u0259\u015fkilat\u0131 ikili standartlara son qoyma\u011fa \u00e7a\u011f\u0131r\u0131b.&hellip;","_links":{"self":[{"href":"https:\/\/arantv.az\/index.php?rest_route=\/wp\/v2\/posts\/70104"}],"collection":[{"href":"https:\/\/arantv.az\/index.php?rest_route=\/wp\/v2\/posts"}],"about":[{"href":"https:\/\/arantv.az\/index.php?rest_route=\/wp\/v2\/types\/post"}],"author":[{"embeddable":true,"href":"https:\/\/arantv.az\/index.php?rest_route=\/wp\/v2\/users\/2"}],"replies":[{"embeddable":true,"href":"https:\/\/arantv.az\/index.php?rest_route=%2Fwp%2Fv2%2Fcomments&post=70104"}],"version-history":[{"count":0,"href":"https:\/\/arantv.az\/index.php?rest_route=\/wp\/v2\/posts\/70104\/revisions"}],"wp:featuredmedia":[{"embeddable":true,"href":"https:\/\/arantv.az\/index.php?rest_route=\/wp\/v2\/media\/70105"}],"wp:attachment":[{"href":"https:\/\/arantv.az\/index.php?rest_route=%2Fwp%2Fv2%2Fmedia&parent=70104"}],"wp:term":[{"taxonomy":"category","embeddable":true,"href":"https:\/\/arantv.az\/index.php?rest_route=%2Fwp%2Fv2%2Fcategories&post=70104"},{"taxonomy":"post_tag","embeddable":true,"href":"https:\/\/arantv.az\/index.php?rest_route=%2Fwp%2Fv2%2Ftags&post=70104"}],"curies":[{"name":"wp","href":"https:\/\/api.w.org\/{rel}","templated":true}]}}