{"id":70107,"date":"2019-06-28T15:29:15","date_gmt":"2019-06-28T12:29:15","guid":{"rendered":"http:\/\/arantv.az\/?p=70107"},"modified":"2019-06-28T15:29:15","modified_gmt":"2019-06-28T12:29:15","slug":"%c9%99li-%c9%99hm%c9%99dov-%c9%99li-k%c9%99rimlinin-marafon-kecirm%c9%99k-ist%c9%99yi-qanunazidd-h%c9%99r%c9%99k%c9%99tdir","status":"publish","type":"post","link":"https:\/\/arantv.az\/?p=70107","title":{"rendered":"\u018fli \u018fhm\u0259dov: &#8220;\u018fli K\u0259rimlinin marafon ke\u00e7irm\u0259k ist\u0259yi qanunazidd h\u0259r\u0259k\u0259tdir&#8221;"},"content":{"rendered":"<p>X\u0259b\u0259rl\u0259r yay\u0131l\u0131b ki, m\u00fcxalif\u0259t\u00e7i partiyan\u0131n s\u0259dri \u018fli K\u0259rimli t\u00f6r\u0259tdiyi qanunsuzluqlara g\u00f6r\u0259 haqq\u0131nda m\u00fcxt\u0259lif c\u0259rim\u0259l\u0259r t\u0259yin olunmu\u015f \u015f\u0259xsl\u0259r\u0259 maddi d\u0259st\u0259k g\u00f6st\u0259rm\u0259k ad\u0131 alt\u0131nda xeyriyy\u0259 marafonu ke\u00e7irm\u0259k ist\u0259yir.<\/p>\n<p><strong>ARANTV.AZ<\/strong> trend-\u0259 istinad\u0259n bildirir ki,\u00a0bunu Ba\u015f nazirin m\u00fcavini, Yeni Az\u0259rbaycan Partiyas\u0131 S\u0259drinin m\u00fcavini-\u0130cra katibi\u00a0<strong>\u018fli \u018fhm\u0259dov<\/strong>\u00a0\u00f6z\u00fcn\u00fcn r\u0259smi facebook s\u0259hif\u0259sind\u0259 &#8220;Silahl\u0131 Q\u00fcvv\u0259l\u0259r\u0259 yard\u0131m fonduna d\u0259st\u0259k \u00fc\u00e7\u00fcn xeyriyy\u0259 aksiyas\u0131 ke\u00e7ir\u0259k&#8221; s\u0259rl\u00f6vh\u0259li payla\u015f\u0131m\u0131nda yaz\u0131b.<\/p>\n<p>\u018f.\u018fhm\u0259dov qeyd edir ki, t\u00f6r\u0259tdiyi qanunazidd \u0259m\u0259ll\u0259r\u0259 g\u00f6r\u0259 haqq\u0131nda c\u0259rim\u0259l\u0259nm\u0259k kimi m\u0259hk\u0259m\u0259 h\u00f6km\u00fc olanlara bu formada d\u0259st\u0259k g\u00f6st\u0259rm\u0259k m\u0259qs\u0259dil\u0259 \u00e7a\u011f\u0131r\u0131\u015flar s\u0259sl\u0259ndirm\u0259k, marafon ke\u00e7irm\u0259k qanunazidd h\u0259r\u0259k\u0259tdir:<\/p>\n<p>&#8220;M\u0259qs\u0259d insanlarda qanunun aliliyi prinsipin\u0259, d\u00f6vl\u0259t orqanlar\u0131na etimads\u0131zl\u0131q yaratmaqla asayi\u015fi pozmaq, qar\u0131\u015f\u0131ql\u0131q yaratma\u011fa c\u0259hd g\u00f6st\u0259rm\u0259kdir. Buna yol veril\u0259 bilm\u0259z v\u0259 yol verilm\u0259m\u0259lidir.<\/p>\n<p>\u0130kincisi is\u0259, m\u00fcharib\u0259 v\u0259ziyy\u0259tind\u0259, bir milyon m\u0259cburi k\u00f6\u00e7k\u00fcn\u00fc olan \u00f6lk\u0259d\u0259 xeyriyy\u0259 aksiyas\u0131 ke\u00e7irm\u0259k \u00fc\u00e7\u00fcn kifay\u0259t q\u0259d\u0259r s\u0259b\u0259bl\u0259r m\u00f6vcuddur. Yeni Az\u0259rbaycan Partiyas\u0131 d\u0259f\u0259l\u0259rl\u0259 bel\u0259 aksiyalar ke\u00e7irib. Az\u0259rbaycanda Silahl\u0131 q\u00fcvv\u0259l\u0259r\u0259 yard\u0131m Fondu vard\u0131r. \u018fn \u015f\u0259r\u0259fli, \u0259h\u0259miyy\u0259tli v\u0259 xeyirli xeyriyy\u0259 h\u0259r\u0259k\u0259ti o olard\u0131 ki, Silahl\u0131 q\u00fcvv\u0259l\u0259r\u0259 yard\u0131m Fonduna d\u0259st\u0259k m\u0259qs\u0259dil\u0259 xeyriyy\u0259 aksiyas\u0131 ke\u00e7irilsin&#8221;.<\/p>\n<p>Ba\u015f nazirinin m\u00fcavini daha sonra YAP-\u0131n \u00fczvl\u0259rini Az\u0259rbaycan\u0131n Silahl\u0131 q\u00fcvv\u0259l\u0259rin\u0259 yard\u0131m Fonduna d\u0259st\u0259k \u00fc\u00e7\u00fcn aksiyaya qo\u015fulma\u011fa d\u0259v\u0259t edib:<\/p>\n<p>&#8220;M\u0259n xeyriyy\u0259 marafonu ad\u0131 alt\u0131nda sabitliyi pozmaq ist\u0259y\u0259nl\u0259r\u0259 tutarl\u0131 cavab verm\u0259k \u00fc\u00e7\u00fcn Yeni Az\u0259rbaycan Partiyas\u0131n\u0131n \u00fczvl\u0259rini Az\u0259rbaycan\u0131n Silahl\u0131 q\u00fcvv\u0259l\u0259rin\u0259 yard\u0131m Fonduna d\u0259st\u0259k \u00fc\u00e7\u00fcn aksiyaya qo\u015fulma\u011fa d\u0259v\u0259t edir\u0259m. \u00d6z\u00fcm is\u0259 i\u015fl\u0259diyim idar\u0259nin m\u00fchasibat\u0131na ayl\u0131q \u0259m\u0259k haqq\u0131m\u0131n 50 faizinin h\u0259min fonda k\u00f6\u00e7\u00fcr\u00fclm\u0259si bar\u0259d\u0259 m\u00fcraci\u0259t edir\u0259m.<\/p>\n<p>G\u0259lin Ordumuza d\u0259st\u0259k olaq.&#8221;<\/p>\n","protected":false},"excerpt":{"rendered":"<p>X\u0259b\u0259rl\u0259r yay\u0131l\u0131b ki, m\u00fcxalif\u0259t\u00e7i partiyan\u0131n s\u0259dri \u018fli K\u0259rimli t\u00f6r\u0259tdiyi qanunsuzluqlara g\u00f6r\u0259 haqq\u0131nda m\u00fcxt\u0259lif c\u0259rim\u0259l\u0259r t\u0259yin olunmu\u015f \u015f\u0259xsl\u0259r\u0259 maddi d\u0259st\u0259k g\u00f6st\u0259rm\u0259k ad\u0131 alt\u0131nda xeyriyy\u0259 marafonu ke\u00e7irm\u0259k ist\u0259yir. ARANTV.AZ trend-\u0259 istinad\u0259n bildirir ki,\u00a0bunu Ba\u015f nazirin m\u00fcavini, Yeni Az\u0259rbaycan Partiyas\u0131 S\u0259drinin m\u00fcavini-\u0130cra katibi\u00a0\u018fli \u018fhm\u0259dov\u00a0\u00f6z\u00fcn\u00fcn r\u0259smi facebook s\u0259hif\u0259sind\u0259 &#8220;Silahl\u0131 Q\u00fcvv\u0259l\u0259r\u0259 yard\u0131m fonduna d\u0259st\u0259k \u00fc\u00e7\u00fcn xeyriyy\u0259 aksiyas\u0131 ke\u00e7ir\u0259k&#8221; s\u0259rl\u00f6vh\u0259li payla\u015f\u0131m\u0131nda yaz\u0131b. \u018f.\u018fhm\u0259dov qeyd edir ki, t\u00f6r\u0259tdiyi qanunazidd \u0259m\u0259ll\u0259r\u0259 g\u00f6r\u0259 haqq\u0131nda c\u0259rim\u0259l\u0259nm\u0259k kimi m\u0259hk\u0259m\u0259 h\u00f6km\u00fc olanlara bu formada d\u0259st\u0259k g\u00f6st\u0259rm\u0259k m\u0259qs\u0259dil\u0259 \u00e7a\u011f\u0131r\u0131\u015flar s\u0259sl\u0259ndirm\u0259k, marafon ke\u00e7irm\u0259k qanunazidd h\u0259r\u0259k\u0259tdir: &#8220;M\u0259qs\u0259d insanlarda qanunun aliliyi prinsipin\u0259, d\u00f6vl\u0259t orqanlar\u0131na etimads\u0131zl\u0131q yaratmaqla&hellip;<\/p>\n","protected":false},"author":2,"featured_media":70108,"comment_status":"closed","ping_status":"closed","sticky":false,"template":"","format":"standard","meta":{"om_disable_all_campaigns":false,"_monsterinsights_skip_tracking":false,"_monsterinsights_sitenote_active":false,"_monsterinsights_sitenote_note":"","_monsterinsights_sitenote_category":0},"categories":[4],"tags":[],"aioseo_notices":[],"gutentor_comment":0,"rttpg_featured_image_url":{"full":["https:\/\/arantv.az\/wp-content\/uploads\/2019\/06\/766824.jpg",800,600,false],"landscape":["https:\/\/arantv.az\/wp-content\/uploads\/2019\/06\/766824.jpg",800,600,false],"portraits":["https:\/\/arantv.az\/wp-content\/uploads\/2019\/06\/766824.jpg",800,600,false],"thumbnail":["https:\/\/arantv.az\/wp-content\/uploads\/2019\/06\/766824-150x150.jpg",150,150,true],"medium":["https:\/\/arantv.az\/wp-content\/uploads\/2019\/06\/766824-300x225.jpg",300,225,true],"large":["https:\/\/arantv.az\/wp-content\/uploads\/2019\/06\/766824.jpg",640,480,false],"1536x1536":["https:\/\/arantv.az\/wp-content\/uploads\/2019\/06\/766824.jpg",800,600,false],"2048x2048":["https:\/\/arantv.az\/wp-content\/uploads\/2019\/06\/766824.jpg",800,600,false],"post-thumbnail":["https:\/\/arantv.az\/wp-content\/uploads\/2019\/06\/766824-240x172.jpg",240,172,true],"advps-thumb-one":["https:\/\/arantv.az\/wp-content\/uploads\/2019\/06\/766824.jpg",800,600,false]},"rttpg_author":{"display_name":"V\u00fcsal Rafiqo\u011flu","author_link":"https:\/\/arantv.az\/?author=2"},"rttpg_comment":0,"rttpg_category":"<a href=\"https:\/\/arantv.az\/?cat=4\" rel=\"category\">Siyas\u0259t<\/a>","rttpg_excerpt":"X\u0259b\u0259rl\u0259r yay\u0131l\u0131b ki, m\u00fcxalif\u0259t\u00e7i partiyan\u0131n s\u0259dri \u018fli K\u0259rimli t\u00f6r\u0259tdiyi qanunsuzluqlara g\u00f6r\u0259 haqq\u0131nda m\u00fcxt\u0259lif c\u0259rim\u0259l\u0259r t\u0259yin olunmu\u015f \u015f\u0259xsl\u0259r\u0259 maddi d\u0259st\u0259k g\u00f6st\u0259rm\u0259k ad\u0131 alt\u0131nda xeyriyy\u0259 marafonu ke\u00e7irm\u0259k ist\u0259yir. ARANTV.AZ trend-\u0259 istinad\u0259n bildirir ki,\u00a0bunu Ba\u015f nazirin m\u00fcavini, Yeni Az\u0259rbaycan Partiyas\u0131 S\u0259drinin m\u00fcavini-\u0130cra katibi\u00a0\u018fli \u018fhm\u0259dov\u00a0\u00f6z\u00fcn\u00fcn r\u0259smi facebook s\u0259hif\u0259sind\u0259 &#8220;Silahl\u0131 Q\u00fcvv\u0259l\u0259r\u0259 yard\u0131m fonduna d\u0259st\u0259k \u00fc\u00e7\u00fcn xeyriyy\u0259 aksiyas\u0131 ke\u00e7ir\u0259k&#8221; s\u0259rl\u00f6vh\u0259li payla\u015f\u0131m\u0131nda&hellip;","_links":{"self":[{"href":"https:\/\/arantv.az\/index.php?rest_route=\/wp\/v2\/posts\/70107"}],"collection":[{"href":"https:\/\/arantv.az\/index.php?rest_route=\/wp\/v2\/posts"}],"about":[{"href":"https:\/\/arantv.az\/index.php?rest_route=\/wp\/v2\/types\/post"}],"author":[{"embeddable":true,"href":"https:\/\/arantv.az\/index.php?rest_route=\/wp\/v2\/users\/2"}],"replies":[{"embeddable":true,"href":"https:\/\/arantv.az\/index.php?rest_route=%2Fwp%2Fv2%2Fcomments&post=70107"}],"version-history":[{"count":0,"href":"https:\/\/arantv.az\/index.php?rest_route=\/wp\/v2\/posts\/70107\/revisions"}],"wp:featuredmedia":[{"embeddable":true,"href":"https:\/\/arantv.az\/index.php?rest_route=\/wp\/v2\/media\/70108"}],"wp:attachment":[{"href":"https:\/\/arantv.az\/index.php?rest_route=%2Fwp%2Fv2%2Fmedia&parent=70107"}],"wp:term":[{"taxonomy":"category","embeddable":true,"href":"https:\/\/arantv.az\/index.php?rest_route=%2Fwp%2Fv2%2Fcategories&post=70107"},{"taxonomy":"post_tag","embeddable":true,"href":"https:\/\/arantv.az\/index.php?rest_route=%2Fwp%2Fv2%2Ftags&post=70107"}],"curies":[{"name":"wp","href":"https:\/\/api.w.org\/{rel}","templated":true}]}}