{"id":70110,"date":"2019-06-28T15:30:18","date_gmt":"2019-06-28T12:30:18","guid":{"rendered":"http:\/\/arantv.az\/?p=70110"},"modified":"2019-06-28T15:30:18","modified_gmt":"2019-06-28T12:30:18","slug":"gurcustanda-siyasi-bohran-muxalif%c9%99t-boykot-elan-etdi","status":"publish","type":"post","link":"https:\/\/arantv.az\/?p=70110","title":{"rendered":"G\u00fcrc\u00fcstanda siyasi b\u00f6hran: m\u00fcxalif\u0259t boykot elan etdi"},"content":{"rendered":"<p><strong>G\u00fcrc\u00fcstan parlamentind\u0259 t\u0259msil olunan m\u00fcxalif Avropal\u0131 G\u00fcrc\u00fcstan v\u0259 Vahid Milli H\u0259r\u0259kat Partiyalar\u0131n\u0131n fraksiyalar\u0131 qanunverici orqan\u0131n iclaslar\u0131n\u0131 boykot edib.<\/strong><\/p>\n<p><strong>ARANTV.AZ<\/strong> virtualaz.org-a istinad\u0259n x\u0259b\u0259r verir ki, parlament m\u00fcxalif\u0259tinin bu q\u0259rar\u0131 son g\u00fcnl\u0259r G\u00fcrc\u00fcstanda ba\u015f ver\u0259n prosesl\u0259rl\u0259 ba\u011fl\u0131d\u0131r.<\/p>\n<p>Fraksiyalar\u0131n boykotla ba\u011fl\u0131 m\u00fcraci\u0259ti art\u0131q parlamentin b\u00fcrosuna t\u0259qdim olunub.<\/p>\n<p>Bu g\u00fcn G\u00fcrc\u00fcstan parlamentinin yaz sessiyas\u0131n\u0131n son plenar iclas\u0131 ke\u00e7irilir.<\/p>\n","protected":false},"excerpt":{"rendered":"<p>G\u00fcrc\u00fcstan parlamentind\u0259 t\u0259msil olunan m\u00fcxalif Avropal\u0131 G\u00fcrc\u00fcstan v\u0259 Vahid Milli H\u0259r\u0259kat Partiyalar\u0131n\u0131n fraksiyalar\u0131 qanunverici orqan\u0131n iclaslar\u0131n\u0131 boykot edib. ARANTV.AZ virtualaz.org-a istinad\u0259n x\u0259b\u0259r verir ki, parlament m\u00fcxalif\u0259tinin bu q\u0259rar\u0131 son g\u00fcnl\u0259r G\u00fcrc\u00fcstanda ba\u015f ver\u0259n prosesl\u0259rl\u0259 ba\u011fl\u0131d\u0131r. Fraksiyalar\u0131n boykotla ba\u011fl\u0131 m\u00fcraci\u0259ti art\u0131q parlamentin b\u00fcrosuna t\u0259qdim olunub. Bu g\u00fcn G\u00fcrc\u00fcstan parlamentinin yaz sessiyas\u0131n\u0131n son plenar iclas\u0131 ke\u00e7irilir.<\/p>\n","protected":false},"author":2,"featured_media":70111,"comment_status":"closed","ping_status":"closed","sticky":false,"template":"","format":"standard","meta":{"om_disable_all_campaigns":false,"_monsterinsights_skip_tracking":false,"_monsterinsights_sitenote_active":false,"_monsterinsights_sitenote_note":"","_monsterinsights_sitenote_category":0},"categories":[7],"tags":[],"aioseo_notices":[],"gutentor_comment":0,"rttpg_featured_image_url":{"full":["https:\/\/arantv.az\/wp-content\/uploads\/2019\/06\/766774_000.jpg",800,600,false],"landscape":["https:\/\/arantv.az\/wp-content\/uploads\/2019\/06\/766774_000.jpg",800,600,false],"portraits":["https:\/\/arantv.az\/wp-content\/uploads\/2019\/06\/766774_000.jpg",800,600,false],"thumbnail":["https:\/\/arantv.az\/wp-content\/uploads\/2019\/06\/766774_000-150x150.jpg",150,150,true],"medium":["https:\/\/arantv.az\/wp-content\/uploads\/2019\/06\/766774_000-300x225.jpg",300,225,true],"large":["https:\/\/arantv.az\/wp-content\/uploads\/2019\/06\/766774_000.jpg",640,480,false],"1536x1536":["https:\/\/arantv.az\/wp-content\/uploads\/2019\/06\/766774_000.jpg",800,600,false],"2048x2048":["https:\/\/arantv.az\/wp-content\/uploads\/2019\/06\/766774_000.jpg",800,600,false],"post-thumbnail":["https:\/\/arantv.az\/wp-content\/uploads\/2019\/06\/766774_000-240x172.jpg",240,172,true],"advps-thumb-one":["https:\/\/arantv.az\/wp-content\/uploads\/2019\/06\/766774_000.jpg",800,600,false]},"rttpg_author":{"display_name":"V\u00fcsal Rafiqo\u011flu","author_link":"https:\/\/arantv.az\/?author=2"},"rttpg_comment":0,"rttpg_category":"<a href=\"https:\/\/arantv.az\/?cat=7\" rel=\"category\">D\u00fcnya<\/a>","rttpg_excerpt":"G\u00fcrc\u00fcstan parlamentind\u0259 t\u0259msil olunan m\u00fcxalif Avropal\u0131 G\u00fcrc\u00fcstan v\u0259 Vahid Milli H\u0259r\u0259kat Partiyalar\u0131n\u0131n fraksiyalar\u0131 qanunverici orqan\u0131n iclaslar\u0131n\u0131 boykot edib. ARANTV.AZ virtualaz.org-a istinad\u0259n x\u0259b\u0259r verir ki, parlament m\u00fcxalif\u0259tinin bu q\u0259rar\u0131 son g\u00fcnl\u0259r G\u00fcrc\u00fcstanda ba\u015f ver\u0259n prosesl\u0259rl\u0259 ba\u011fl\u0131d\u0131r. Fraksiyalar\u0131n boykotla ba\u011fl\u0131 m\u00fcraci\u0259ti art\u0131q parlamentin b\u00fcrosuna t\u0259qdim olunub. Bu g\u00fcn G\u00fcrc\u00fcstan parlamentinin yaz sessiyas\u0131n\u0131n son plenar iclas\u0131 ke\u00e7irilir.","_links":{"self":[{"href":"https:\/\/arantv.az\/index.php?rest_route=\/wp\/v2\/posts\/70110"}],"collection":[{"href":"https:\/\/arantv.az\/index.php?rest_route=\/wp\/v2\/posts"}],"about":[{"href":"https:\/\/arantv.az\/index.php?rest_route=\/wp\/v2\/types\/post"}],"author":[{"embeddable":true,"href":"https:\/\/arantv.az\/index.php?rest_route=\/wp\/v2\/users\/2"}],"replies":[{"embeddable":true,"href":"https:\/\/arantv.az\/index.php?rest_route=%2Fwp%2Fv2%2Fcomments&post=70110"}],"version-history":[{"count":0,"href":"https:\/\/arantv.az\/index.php?rest_route=\/wp\/v2\/posts\/70110\/revisions"}],"wp:featuredmedia":[{"embeddable":true,"href":"https:\/\/arantv.az\/index.php?rest_route=\/wp\/v2\/media\/70111"}],"wp:attachment":[{"href":"https:\/\/arantv.az\/index.php?rest_route=%2Fwp%2Fv2%2Fmedia&parent=70110"}],"wp:term":[{"taxonomy":"category","embeddable":true,"href":"https:\/\/arantv.az\/index.php?rest_route=%2Fwp%2Fv2%2Fcategories&post=70110"},{"taxonomy":"post_tag","embeddable":true,"href":"https:\/\/arantv.az\/index.php?rest_route=%2Fwp%2Fv2%2Ftags&post=70110"}],"curies":[{"name":"wp","href":"https:\/\/api.w.org\/{rel}","templated":true}]}}