{"id":70113,"date":"2019-06-28T15:31:09","date_gmt":"2019-06-28T12:31:09","guid":{"rendered":"http:\/\/arantv.az\/?p=70113"},"modified":"2019-06-28T15:31:09","modified_gmt":"2019-06-28T12:31:09","slug":"qadinlar-yas-m%c9%99rasimind%c9%99n-qayidark%c9%99n-oldul%c9%99r-d%c9%99hs%c9%99tli-hadis%c9%99","status":"publish","type":"post","link":"https:\/\/arantv.az\/?p=70113","title":{"rendered":"Qad\u0131nlar yas m\u0259rasimind\u0259n qay\u0131dark\u0259n \u00f6ld\u00fcl\u0259r &#8211; D\u018fH\u015e\u018fTL\u0130 HAD\u0130S\u018f"},"content":{"rendered":"<p>D\u00fcn\u0259n Bil\u0259suvar rayonunda 2 n\u0259f\u0259rin \u00f6l\u00fcm\u00fc, daha 3 n\u0259f\u0259rin x\u0259sar\u0259t almas\u0131 il\u0259 n\u0259tic\u0259l\u0259n\u0259n d\u0259h\u015f\u0259tli yol q\u0259zas\u0131 il\u0259 ba\u011fl\u0131 b\u0259zi m\u0259qamlar \u00fcz\u0259 \u00e7\u0131x\u0131b.<\/p>\n<div id=\"AdviadNativeVideo0\" class=\"AdviadNativeVideo\"><\/div>\n<p><b>ARANTV.AZ\u00a0<\/b>\u00a0publika.az-a istinad\u0259n x\u0259b\u0259r verir ki, q\u0259zaya d\u00fc\u015f\u0259n avtomobill\u0259rd\u0259n biri C\u0259lilabad rayonunun Sad\u0131ql\u0131 k\u0259ndind\u0259n yas m\u0259rasimind\u0259n g\u0259lirmi\u015f. Bel\u0259 ki, 1944-c\u00fc il t\u0259v\u0259ll\u00fcdl\u00fc Ta\u011f\u0131yeva \u015e\u00fckuf\u0259 Q\u0259hr\u0259man q\u0131z\u0131 C\u0259lilabada qon\u015fusunun yas m\u0259arsimin\u0259 gedib. O, 1993-c\u00fc il t\u0259v\u0259ll\u00fcdl\u00fc Araz Ta\u011f\u0131zad\u0259nin s\u00fcrd\u00fcy\u00fc &#8220;VAZ 21015&#8221; il\u0259 geri qay\u0131dark\u0259n avtomobil Bil\u0259suvar Rayon M\u0259rk\u0259zi X\u0259st\u0259xanas\u0131n\u0131n Terapiya \u015f\u00f6b\u0259sinin m\u00fcdiri \u015eakir D\u00f6vl\u0259tovun idar\u0259 etdiyi &#8220;Lada priora&#8221; il\u0259 toqqu\u015fub. N\u0259tic\u0259d\u0259 \u015e.Ta\u011f\u0131yeva il\u0259 yana\u015f\u0131 avtomobild\u0259 olan dig\u0259r s\u0259rni\u015fin \u2013 1961-ci il t\u0259v\u0259ll\u00fcdl\u00fc H\u00fcseynova G\u00fcll\u00fcb\u0259yim Mehdi q\u0131z\u0131 hadis\u0259 yerind\u0259 \u00f6l\u00fcb. H\u0259r iki s\u00fcr\u00fcc\u00fc v\u0259 A.Ta\u011f\u0131yevin daha bir s\u0259rni\u015fini x\u0259st\u0259xanaya yerl\u0259\u015fdirilib.<\/p>\n<p>Bildirilir ki, \u015e.Ta\u011f\u0131yev d\u00fcn\u0259n i\u015fd\u0259n nahar fasil\u0259si zaman\u0131 evin\u0259 g\u0259lib. V\u0259 hadis\u0259 zaman\u0131 x\u0259st\u0259xanaya gedirmi\u015f. O, haz\u0131rda Kliniki Tibbi M\u0259rk\u0259zin C\u0259rrahiyy\u0259 \u015e\u00f6b\u0259sind\u0259 m\u00fcalic\u0259 olunur.<\/p>\n<p>Faktla ba\u011fl\u0131 cinay\u0259t i\u015fi a\u00e7\u0131l\u0131b, ara\u015fd\u0131rmalar davam etdirilir.<\/p>\n","protected":false},"excerpt":{"rendered":"<p>D\u00fcn\u0259n Bil\u0259suvar rayonunda 2 n\u0259f\u0259rin \u00f6l\u00fcm\u00fc, daha 3 n\u0259f\u0259rin x\u0259sar\u0259t almas\u0131 il\u0259 n\u0259tic\u0259l\u0259n\u0259n d\u0259h\u015f\u0259tli yol q\u0259zas\u0131 il\u0259 ba\u011fl\u0131 b\u0259zi m\u0259qamlar \u00fcz\u0259 \u00e7\u0131x\u0131b. ARANTV.AZ\u00a0\u00a0publika.az-a istinad\u0259n x\u0259b\u0259r verir ki, q\u0259zaya d\u00fc\u015f\u0259n avtomobill\u0259rd\u0259n biri C\u0259lilabad rayonunun Sad\u0131ql\u0131 k\u0259ndind\u0259n yas m\u0259rasimind\u0259n g\u0259lirmi\u015f. Bel\u0259 ki, 1944-c\u00fc il t\u0259v\u0259ll\u00fcdl\u00fc Ta\u011f\u0131yeva \u015e\u00fckuf\u0259 Q\u0259hr\u0259man q\u0131z\u0131 C\u0259lilabada qon\u015fusunun yas m\u0259arsimin\u0259 gedib. O, 1993-c\u00fc il t\u0259v\u0259ll\u00fcdl\u00fc Araz Ta\u011f\u0131zad\u0259nin s\u00fcrd\u00fcy\u00fc &#8220;VAZ 21015&#8221; il\u0259 geri qay\u0131dark\u0259n avtomobil Bil\u0259suvar Rayon M\u0259rk\u0259zi X\u0259st\u0259xanas\u0131n\u0131n Terapiya \u015f\u00f6b\u0259sinin m\u00fcdiri \u015eakir D\u00f6vl\u0259tovun idar\u0259 etdiyi &#8220;Lada priora&#8221; il\u0259 toqqu\u015fub. N\u0259tic\u0259d\u0259 \u015e.Ta\u011f\u0131yeva il\u0259 yana\u015f\u0131 avtomobild\u0259 olan dig\u0259r s\u0259rni\u015fin \u2013 1961-ci&hellip;<\/p>\n","protected":false},"author":2,"featured_media":70114,"comment_status":"closed","ping_status":"closed","sticky":false,"template":"","format":"standard","meta":{"om_disable_all_campaigns":false,"_monsterinsights_skip_tracking":false,"_monsterinsights_sitenote_active":false,"_monsterinsights_sitenote_note":"","_monsterinsights_sitenote_category":0},"categories":[5],"tags":[],"aioseo_notices":[],"gutentor_comment":0,"rttpg_featured_image_url":{"full":["https:\/\/arantv.az\/wp-content\/uploads\/2019\/06\/ax-2017-03-17-qeza.jpg",550,439,false],"landscape":["https:\/\/arantv.az\/wp-content\/uploads\/2019\/06\/ax-2017-03-17-qeza.jpg",550,439,false],"portraits":["https:\/\/arantv.az\/wp-content\/uploads\/2019\/06\/ax-2017-03-17-qeza.jpg",550,439,false],"thumbnail":["https:\/\/arantv.az\/wp-content\/uploads\/2019\/06\/ax-2017-03-17-qeza-150x150.jpg",150,150,true],"medium":["https:\/\/arantv.az\/wp-content\/uploads\/2019\/06\/ax-2017-03-17-qeza-300x239.jpg",300,239,true],"large":["https:\/\/arantv.az\/wp-content\/uploads\/2019\/06\/ax-2017-03-17-qeza.jpg",550,439,false],"1536x1536":["https:\/\/arantv.az\/wp-content\/uploads\/2019\/06\/ax-2017-03-17-qeza.jpg",550,439,false],"2048x2048":["https:\/\/arantv.az\/wp-content\/uploads\/2019\/06\/ax-2017-03-17-qeza.jpg",550,439,false],"post-thumbnail":["https:\/\/arantv.az\/wp-content\/uploads\/2019\/06\/ax-2017-03-17-qeza-240x172.jpg",240,172,true],"advps-thumb-one":["https:\/\/arantv.az\/wp-content\/uploads\/2019\/06\/ax-2017-03-17-qeza.jpg",550,439,false]},"rttpg_author":{"display_name":"V\u00fcsal Rafiqo\u011flu","author_link":"https:\/\/arantv.az\/?author=2"},"rttpg_comment":0,"rttpg_category":"<a href=\"https:\/\/arantv.az\/?cat=5\" rel=\"category\">Hadis\u0259<\/a>","rttpg_excerpt":"D\u00fcn\u0259n Bil\u0259suvar rayonunda 2 n\u0259f\u0259rin \u00f6l\u00fcm\u00fc, daha 3 n\u0259f\u0259rin x\u0259sar\u0259t almas\u0131 il\u0259 n\u0259tic\u0259l\u0259n\u0259n d\u0259h\u015f\u0259tli yol q\u0259zas\u0131 il\u0259 ba\u011fl\u0131 b\u0259zi m\u0259qamlar \u00fcz\u0259 \u00e7\u0131x\u0131b. ARANTV.AZ\u00a0\u00a0publika.az-a istinad\u0259n x\u0259b\u0259r verir ki, q\u0259zaya d\u00fc\u015f\u0259n avtomobill\u0259rd\u0259n biri C\u0259lilabad rayonunun Sad\u0131ql\u0131 k\u0259ndind\u0259n yas m\u0259rasimind\u0259n g\u0259lirmi\u015f. Bel\u0259 ki, 1944-c\u00fc il t\u0259v\u0259ll\u00fcdl\u00fc Ta\u011f\u0131yeva \u015e\u00fckuf\u0259 Q\u0259hr\u0259man q\u0131z\u0131 C\u0259lilabada qon\u015fusunun yas m\u0259arsimin\u0259 gedib. O, 1993-c\u00fc il&hellip;","_links":{"self":[{"href":"https:\/\/arantv.az\/index.php?rest_route=\/wp\/v2\/posts\/70113"}],"collection":[{"href":"https:\/\/arantv.az\/index.php?rest_route=\/wp\/v2\/posts"}],"about":[{"href":"https:\/\/arantv.az\/index.php?rest_route=\/wp\/v2\/types\/post"}],"author":[{"embeddable":true,"href":"https:\/\/arantv.az\/index.php?rest_route=\/wp\/v2\/users\/2"}],"replies":[{"embeddable":true,"href":"https:\/\/arantv.az\/index.php?rest_route=%2Fwp%2Fv2%2Fcomments&post=70113"}],"version-history":[{"count":0,"href":"https:\/\/arantv.az\/index.php?rest_route=\/wp\/v2\/posts\/70113\/revisions"}],"wp:featuredmedia":[{"embeddable":true,"href":"https:\/\/arantv.az\/index.php?rest_route=\/wp\/v2\/media\/70114"}],"wp:attachment":[{"href":"https:\/\/arantv.az\/index.php?rest_route=%2Fwp%2Fv2%2Fmedia&parent=70113"}],"wp:term":[{"taxonomy":"category","embeddable":true,"href":"https:\/\/arantv.az\/index.php?rest_route=%2Fwp%2Fv2%2Fcategories&post=70113"},{"taxonomy":"post_tag","embeddable":true,"href":"https:\/\/arantv.az\/index.php?rest_route=%2Fwp%2Fv2%2Ftags&post=70113"}],"curies":[{"name":"wp","href":"https:\/\/api.w.org\/{rel}","templated":true}]}}