{"id":70117,"date":"2019-06-28T15:35:20","date_gmt":"2019-06-28T12:35:20","guid":{"rendered":"http:\/\/arantv.az\/?p=70117"},"modified":"2019-06-28T15:35:20","modified_gmt":"2019-06-28T12:35:20","slug":"bu-bolg%c9%99y%c9%99-qar-yagdi-8-m-hundurluyund%c9%99-fotovideo","status":"publish","type":"post","link":"https:\/\/arantv.az\/?p=70117","title":{"rendered":"Bu b\u00f6lg\u0259y\u0259 qar ya\u011fd\u0131 8 m h\u00fcnd\u00fcrl\u00fcy\u00fcnd\u0259 FOTO+V\u0130DEO"},"content":{"rendered":"<div class=\"row m-0 p-0 mt-2\">\n<div class=\"col-12 col-sm-12 col-lg-12 icSehifeBody p-2 m-0\">\n<p><strong>\u0130sti hava Trabzonun b\u00fcy\u00fck b\u00f6l\u00fcm\u00fcn\u00fc t\u0259siri alt\u0131na alsa da \u00c7aykara mahal\u0131n\u0131n Haldizen Vadisind\u0259ki 3000 m h\u00fcnd\u00fcrl\u00fckd\u0259ki yaylas\u0131na qar ya\u011f\u0131b.\u00a0<\/strong><\/p>\n<p><strong>ARANTV.AZ\u00a0<\/strong>x\u0259b\u0259r verir ki, 6-8 m h\u00fcnd\u00fcrl\u00fcy\u00fcnd\u0259 olan qar k\u00fctl\u0259si h\u0259min b\u00f6lg\u0259y\u0259 ged\u0259n yerli v\u0259 xarici \u00a0turistl\u0259rin d\u0259 mara\u011f\u0131na v\u0259 t\u0259\u0259cc\u00fcb\u00fcn\u0259 s\u0259b\u0259b olub. B\u0259zi \u018fr\u0259b turistl\u0259r, qar k\u00fctl\u0259l\u0259rin\u0259 \u0259r\u0259bc\u0259 yaz\u0131 yaz\u0131b \u015f\u0259kil \u00e7\u0259kdirib. B\u0259zil\u0259ri d\u0259 qartopu oynay\u0131b.<\/p>\n<\/div>\n<\/div>\n<div class=\"row m-0 pl-2 p-0\">\n<div class=\"col-12 col-sm-12 col-lg-12 m-0 p-0\">\n<div id=\"slide_prev_cyan\" class=\"slider_prev_cyan\"><\/div>\n<div id=\"slide_next_cyan\" class=\"slider_next_cyan\"><\/div>\n<div class=\"lSSlideOuter noPager\">\n<div class=\"lSSlideWrapper usingCss\">\n<ul id=\"photoGallery1\" class=\"lightSlider lsGrab lSSlide\">\n<li class=\"lslide active\" data-thumb=\"\/photos\/unikal\/1561725236_haziran-ayinda-3000-rakimda-metrelerce-kar-12189725_888_m (1).jpg\"><img title=\"Bu b\u00f6lg\u0259y\u0259 qar ya\u011fd\u01318 m h\u00fcnd\u00fcrl\u00fcy\u00fcnd\u0259 FOTO+V\u0130DEO\" src=\"https:\/\/www.unikal.org\/photos\/unikal\/1561725236_haziran-ayinda-3000-rakimda-metrelerce-kar-12189725_888_m%20(1).jpg\" alt=\"Bu b\u00f6lg\u0259y\u0259 qar ya\u011fd\u01318 m h\u00fcnd\u00fcrl\u00fcy\u00fcnd\u0259 FOTO+V\u0130DEO\" \/><\/li>\n<\/ul>\n<\/div>\n<\/div>\n<\/div>\n<\/div>\n<div class=\"row m-0 pl-2 p-0 mt-1\">\n<div class=\"\">Unikal.org<\/div>\n<\/div>\n","protected":false},"excerpt":{"rendered":"<p>\u0130sti hava Trabzonun b\u00fcy\u00fck b\u00f6l\u00fcm\u00fcn\u00fc t\u0259siri alt\u0131na alsa da \u00c7aykara mahal\u0131n\u0131n Haldizen Vadisind\u0259ki 3000 m h\u00fcnd\u00fcrl\u00fckd\u0259ki yaylas\u0131na qar ya\u011f\u0131b.\u00a0 ARANTV.AZ\u00a0x\u0259b\u0259r verir ki, 6-8 m h\u00fcnd\u00fcrl\u00fcy\u00fcnd\u0259 olan qar k\u00fctl\u0259si h\u0259min b\u00f6lg\u0259y\u0259 ged\u0259n yerli v\u0259 xarici \u00a0turistl\u0259rin d\u0259 mara\u011f\u0131na v\u0259 t\u0259\u0259cc\u00fcb\u00fcn\u0259 s\u0259b\u0259b olub. B\u0259zi \u018fr\u0259b turistl\u0259r, qar k\u00fctl\u0259l\u0259rin\u0259 \u0259r\u0259bc\u0259 yaz\u0131 yaz\u0131b \u015f\u0259kil \u00e7\u0259kdirib. B\u0259zil\u0259ri d\u0259 qartopu oynay\u0131b. Unikal.org<\/p>\n","protected":false},"author":2,"featured_media":70118,"comment_status":"closed","ping_status":"closed","sticky":false,"template":"","format":"standard","meta":{"om_disable_all_campaigns":false,"_monsterinsights_skip_tracking":false,"_monsterinsights_sitenote_active":false,"_monsterinsights_sitenote_note":"","_monsterinsights_sitenote_category":0},"categories":[7],"tags":[],"aioseo_notices":[],"gutentor_comment":0,"rttpg_featured_image_url":{"full":["https:\/\/arantv.az\/wp-content\/uploads\/2019\/06\/1561725236_haziran-ayinda-3000-rakimda-metrelerce-kar-12189725_888_m.jpg",627,352,false],"landscape":["https:\/\/arantv.az\/wp-content\/uploads\/2019\/06\/1561725236_haziran-ayinda-3000-rakimda-metrelerce-kar-12189725_888_m.jpg",627,352,false],"portraits":["https:\/\/arantv.az\/wp-content\/uploads\/2019\/06\/1561725236_haziran-ayinda-3000-rakimda-metrelerce-kar-12189725_888_m.jpg",627,352,false],"thumbnail":["https:\/\/arantv.az\/wp-content\/uploads\/2019\/06\/1561725236_haziran-ayinda-3000-rakimda-metrelerce-kar-12189725_888_m-150x150.jpg",150,150,true],"medium":["https:\/\/arantv.az\/wp-content\/uploads\/2019\/06\/1561725236_haziran-ayinda-3000-rakimda-metrelerce-kar-12189725_888_m-300x168.jpg",300,168,true],"large":["https:\/\/arantv.az\/wp-content\/uploads\/2019\/06\/1561725236_haziran-ayinda-3000-rakimda-metrelerce-kar-12189725_888_m.jpg",627,352,false],"1536x1536":["https:\/\/arantv.az\/wp-content\/uploads\/2019\/06\/1561725236_haziran-ayinda-3000-rakimda-metrelerce-kar-12189725_888_m.jpg",627,352,false],"2048x2048":["https:\/\/arantv.az\/wp-content\/uploads\/2019\/06\/1561725236_haziran-ayinda-3000-rakimda-metrelerce-kar-12189725_888_m.jpg",627,352,false],"post-thumbnail":["https:\/\/arantv.az\/wp-content\/uploads\/2019\/06\/1561725236_haziran-ayinda-3000-rakimda-metrelerce-kar-12189725_888_m-240x172.jpg",240,172,true],"advps-thumb-one":["https:\/\/arantv.az\/wp-content\/uploads\/2019\/06\/1561725236_haziran-ayinda-3000-rakimda-metrelerce-kar-12189725_888_m.jpg",627,352,false]},"rttpg_author":{"display_name":"V\u00fcsal Rafiqo\u011flu","author_link":"https:\/\/arantv.az\/?author=2"},"rttpg_comment":0,"rttpg_category":"<a href=\"https:\/\/arantv.az\/?cat=7\" rel=\"category\">D\u00fcnya<\/a>","rttpg_excerpt":"\u0130sti hava Trabzonun b\u00fcy\u00fck b\u00f6l\u00fcm\u00fcn\u00fc t\u0259siri alt\u0131na alsa da \u00c7aykara mahal\u0131n\u0131n Haldizen Vadisind\u0259ki 3000 m h\u00fcnd\u00fcrl\u00fckd\u0259ki yaylas\u0131na qar ya\u011f\u0131b.\u00a0 ARANTV.AZ\u00a0x\u0259b\u0259r verir ki, 6-8 m h\u00fcnd\u00fcrl\u00fcy\u00fcnd\u0259 olan qar k\u00fctl\u0259si h\u0259min b\u00f6lg\u0259y\u0259 ged\u0259n yerli v\u0259 xarici \u00a0turistl\u0259rin d\u0259 mara\u011f\u0131na v\u0259 t\u0259\u0259cc\u00fcb\u00fcn\u0259 s\u0259b\u0259b olub. B\u0259zi \u018fr\u0259b turistl\u0259r, qar k\u00fctl\u0259l\u0259rin\u0259 \u0259r\u0259bc\u0259 yaz\u0131 yaz\u0131b \u015f\u0259kil \u00e7\u0259kdirib. B\u0259zil\u0259ri d\u0259 qartopu oynay\u0131b.&hellip;","_links":{"self":[{"href":"https:\/\/arantv.az\/index.php?rest_route=\/wp\/v2\/posts\/70117"}],"collection":[{"href":"https:\/\/arantv.az\/index.php?rest_route=\/wp\/v2\/posts"}],"about":[{"href":"https:\/\/arantv.az\/index.php?rest_route=\/wp\/v2\/types\/post"}],"author":[{"embeddable":true,"href":"https:\/\/arantv.az\/index.php?rest_route=\/wp\/v2\/users\/2"}],"replies":[{"embeddable":true,"href":"https:\/\/arantv.az\/index.php?rest_route=%2Fwp%2Fv2%2Fcomments&post=70117"}],"version-history":[{"count":0,"href":"https:\/\/arantv.az\/index.php?rest_route=\/wp\/v2\/posts\/70117\/revisions"}],"wp:featuredmedia":[{"embeddable":true,"href":"https:\/\/arantv.az\/index.php?rest_route=\/wp\/v2\/media\/70118"}],"wp:attachment":[{"href":"https:\/\/arantv.az\/index.php?rest_route=%2Fwp%2Fv2%2Fmedia&parent=70117"}],"wp:term":[{"taxonomy":"category","embeddable":true,"href":"https:\/\/arantv.az\/index.php?rest_route=%2Fwp%2Fv2%2Fcategories&post=70117"},{"taxonomy":"post_tag","embeddable":true,"href":"https:\/\/arantv.az\/index.php?rest_route=%2Fwp%2Fv2%2Ftags&post=70117"}],"curies":[{"name":"wp","href":"https:\/\/api.w.org\/{rel}","templated":true}]}}