{"id":70123,"date":"2019-06-28T15:54:01","date_gmt":"2019-06-28T12:54:01","guid":{"rendered":"http:\/\/arantv.az\/?p=70123"},"modified":"2019-06-28T15:54:01","modified_gmt":"2019-06-28T12:54:01","slug":"girovluqdan-azad-olunan-qazax-sakininin-v%c9%99ziyy%c9%99ti-yaxsidir-x%c9%99st%c9%99xanadan-aciqlama","status":"publish","type":"post","link":"https:\/\/arantv.az\/?p=70123","title":{"rendered":"Girovluqdan azad olunan Qazax sakininin v\u0259ziyy\u0259ti yax\u015f\u0131d\u0131r &#8211; X\u0259st\u0259xanadan a\u00e7\u0131qlama"},"content":{"rendered":"<p><strong>Bu g\u00fcn girovluqdan azan olunan Qazax sakini 1986-c\u0131 il t\u0259v\u0259ll\u00fcdl\u00fc \u0130brahimov Elvin Arif o\u011flu x\u0259st\u0259xanaya yerl\u0259\u015fdirilib, v\u0259ziyy\u0259ti kafidir.<\/strong><\/p>\n<p><strong>ARANTV.AZ<\/strong> x\u0259b\u0259r verir ki, bu bar\u0259d\u0259\u00a0<a href=\"http:\/\/az.trend.az\/\" target=\"_blank\" rel=\"noopener\">Trend<\/a>-\u0259\u00a0Qazax Rayon M\u00fcalic\u0259 v\u0259 Diaqnostika M\u0259rk\u0259zind\u0259n m\u0259lumat veribl\u0259r. X\u0259st\u0259xanadan bildiribl\u0259r ki, haz\u0131rda E.\u0130brahimov m\u00fcayin\u0259 olunur:<\/p>\n<p>&#8220;Hal-haz\u0131rda x\u0259st\u0259 n\u0259zr\u0259timiz alt\u0131ndad\u0131r, v\u0259ziyy\u0259ti yax\u015f\u0131d\u0131r v\u0259 m\u00fcayin\u0259l\u0259r apar\u0131l\u0131r. Onun b\u0259d\u0259nind\u0259 h\u0259r hans\u0131 bir x\u0259sar\u0259tl\u0259r yoxdur v\u0259 h\u0259yat\u0131 \u00fc\u00e7\u00fcn bir t\u0259hl\u00fck\u0259 g\u00f6r\u00fcnm\u00fcr&#8221;.<\/p>\n<p>Xat\u0131rladaq ki, Erm\u0259nistanda girovluqda olan Qazax sakini bu g\u00fcn qaytar\u0131l\u0131b.<\/p>\n<p>\u018fsir v\u0259 itkin d\u00fc\u015fm\u00fc\u015f, girov g\u00f6t\u00fcr\u00fclm\u00fc\u015f v\u0259t\u0259nda\u015flarla \u0259laq\u0259dar D\u00f6vl\u0259t Komissiyas\u0131na istinad\u0259n m\u0259lumat\u0131na g\u00f6r\u0259, Az\u0259rbaycan Respublikas\u0131 Prezidentinin m\u00fcvafiq tap\u015f\u0131r\u0131\u011f\u0131na uy\u011fun olaraq, \u018fsir v\u0259 itkin d\u00fc\u015fm\u00fc\u015f, girov g\u00f6t\u00fcr\u00fclm\u00fc\u015f v\u0259t\u0259nda\u015flarla \u0259laq\u0259dar D\u00f6vl\u0259t Komissiyas\u0131 t\u0259r\u0259find\u0259n Beyn\u0259lxalq Q\u0131z\u0131l Xa\u00e7 Komit\u0259sinin vasit\u0259\u00e7iliyi il\u0259 apar\u0131lm\u0131\u015f dan\u0131\u015f\u0131qlar n\u0259tic\u0259sind\u0259 \u0259ld\u0259 edilmi\u015f raz\u0131l\u0131\u011fa \u0259sas\u0259n, 16 mart 2019-cu il tarixd\u0259 Erm\u0259nistan h\u0259rb\u00e7il\u0259ri t\u0259r\u0259find\u0259n girov g\u00f6t\u00fcr\u00fclm\u00fc\u015f Az\u0259rbaycan Respublikas\u0131n\u0131n v\u0259t\u0259nda\u015f\u0131, Qazax rayonu, Yuxar\u0131 Salahl\u0131 k\u0259nd sakini, 29.10.1986-c\u0131 il t\u0259v\u0259ll\u00fcdl\u00fc \u0130brahimov Elvin Arif o\u011flu v\u0259 20 iyun 2017-ci il tarixd\u0259 Qazax rayonu \u0259razisind\u0259 saxlan\u0131lm\u0131\u015f Erm\u0259nistan Respublikas\u0131n\u0131n v\u0259t\u0259nda\u015f\u0131, 06.11.1974-c\u00fc il t\u0259v\u0259ll\u00fcdl\u00fc Karapetyan Zaven Avanesovi\u00e7 28 iyun 2019-cu il tarixd\u0259 m\u00fcvafiq olaraq t\u0259r\u0259fl\u0259r\u0259 t\u0259hvil verilibl\u0259r.<\/p>\n<div id=\"AdviadNativeVideo0\" class=\"AdviadNativeVideo\"><\/div>\n<p>Humanitar proses \u018fsir v\u0259 itkin d\u00fc\u015fm\u00fc\u015f, girov g\u00f6t\u00fcr\u00fclm\u00fc\u015f v\u0259t\u0259nda\u015flarla \u0259laq\u0259dar D\u00f6vl\u0259t Komissiyas\u0131 v\u0259 D\u00f6vl\u0259t S\u0259rh\u0259d Xidm\u0259ti t\u0259r\u0259find\u0259n Beyn\u0259lxalq Q\u0131z\u0131l Xa\u00e7 Komit\u0259sinin vasit\u0259\u00e7iliyi il\u0259 h\u0259yata ke\u00e7irilib.<\/p>\n<p>Girov g\u00f6t\u00fcr\u00fcl\u0259rk\u0259n Erm\u0259nistan h\u0259rb\u00e7il\u0259ri t\u0259r\u0259find\u0259n a\u00e7\u0131lm\u0131\u015f at\u0259\u015f n\u0259tic\u0259sind\u0259 yaraland\u0131\u011f\u0131, h\u0259m\u00e7inin girovluqda saxlan\u0131lark\u0259n bir ne\u00e7\u0259 d\u0259f\u0259 c\u0259rrahi \u0259m\u0259liyyata m\u0259ruz qald\u0131\u011f\u0131 \u00fc\u00e7\u00fcn Elvin \u0130brahimov t\u0259cili olaraq x\u0259st\u0259xanaya yerl\u0259\u015fdirilib.<\/p>\n","protected":false},"excerpt":{"rendered":"<p>Bu g\u00fcn girovluqdan azan olunan Qazax sakini 1986-c\u0131 il t\u0259v\u0259ll\u00fcdl\u00fc \u0130brahimov Elvin Arif o\u011flu x\u0259st\u0259xanaya yerl\u0259\u015fdirilib, v\u0259ziyy\u0259ti kafidir. ARANTV.AZ x\u0259b\u0259r verir ki, bu bar\u0259d\u0259\u00a0Trend-\u0259\u00a0Qazax Rayon M\u00fcalic\u0259 v\u0259 Diaqnostika M\u0259rk\u0259zind\u0259n m\u0259lumat veribl\u0259r. X\u0259st\u0259xanadan bildiribl\u0259r ki, haz\u0131rda E.\u0130brahimov m\u00fcayin\u0259 olunur: &#8220;Hal-haz\u0131rda x\u0259st\u0259 n\u0259zr\u0259timiz alt\u0131ndad\u0131r, v\u0259ziyy\u0259ti yax\u015f\u0131d\u0131r v\u0259 m\u00fcayin\u0259l\u0259r apar\u0131l\u0131r. Onun b\u0259d\u0259nind\u0259 h\u0259r hans\u0131 bir x\u0259sar\u0259tl\u0259r yoxdur v\u0259 h\u0259yat\u0131 \u00fc\u00e7\u00fcn bir t\u0259hl\u00fck\u0259 g\u00f6r\u00fcnm\u00fcr&#8221;. Xat\u0131rladaq ki, Erm\u0259nistanda girovluqda olan Qazax sakini bu g\u00fcn qaytar\u0131l\u0131b. \u018fsir v\u0259 itkin d\u00fc\u015fm\u00fc\u015f, girov g\u00f6t\u00fcr\u00fclm\u00fc\u015f v\u0259t\u0259nda\u015flarla \u0259laq\u0259dar D\u00f6vl\u0259t Komissiyas\u0131na istinad\u0259n m\u0259lumat\u0131na g\u00f6r\u0259, Az\u0259rbaycan Respublikas\u0131 Prezidentinin m\u00fcvafiq tap\u015f\u0131r\u0131\u011f\u0131na uy\u011fun olaraq,&hellip;<\/p>\n","protected":false},"author":2,"featured_media":70124,"comment_status":"closed","ping_status":"closed","sticky":false,"template":"","format":"standard","meta":{"om_disable_all_campaigns":false,"_monsterinsights_skip_tracking":false,"_monsterinsights_sitenote_active":false,"_monsterinsights_sitenote_note":"","_monsterinsights_sitenote_category":0},"categories":[1],"tags":[],"aioseo_notices":[],"gutentor_comment":0,"rttpg_featured_image_url":{"full":["https:\/\/arantv.az\/wp-content\/uploads\/2019\/06\/742333.jpg",800,600,false],"landscape":["https:\/\/arantv.az\/wp-content\/uploads\/2019\/06\/742333.jpg",800,600,false],"portraits":["https:\/\/arantv.az\/wp-content\/uploads\/2019\/06\/742333.jpg",800,600,false],"thumbnail":["https:\/\/arantv.az\/wp-content\/uploads\/2019\/06\/742333-150x150.jpg",150,150,true],"medium":["https:\/\/arantv.az\/wp-content\/uploads\/2019\/06\/742333-300x225.jpg",300,225,true],"large":["https:\/\/arantv.az\/wp-content\/uploads\/2019\/06\/742333.jpg",640,480,false],"1536x1536":["https:\/\/arantv.az\/wp-content\/uploads\/2019\/06\/742333.jpg",800,600,false],"2048x2048":["https:\/\/arantv.az\/wp-content\/uploads\/2019\/06\/742333.jpg",800,600,false],"post-thumbnail":["https:\/\/arantv.az\/wp-content\/uploads\/2019\/06\/742333-240x172.jpg",240,172,true],"advps-thumb-one":["https:\/\/arantv.az\/wp-content\/uploads\/2019\/06\/742333.jpg",800,600,false]},"rttpg_author":{"display_name":"V\u00fcsal Rafiqo\u011flu","author_link":"https:\/\/arantv.az\/?author=2"},"rttpg_comment":0,"rttpg_category":"<a href=\"https:\/\/arantv.az\/?cat=1\" rel=\"category\">C\u0259miyy\u0259t<\/a>","rttpg_excerpt":"Bu g\u00fcn girovluqdan azan olunan Qazax sakini 1986-c\u0131 il t\u0259v\u0259ll\u00fcdl\u00fc \u0130brahimov Elvin Arif o\u011flu x\u0259st\u0259xanaya yerl\u0259\u015fdirilib, v\u0259ziyy\u0259ti kafidir. ARANTV.AZ x\u0259b\u0259r verir ki, bu bar\u0259d\u0259\u00a0Trend-\u0259\u00a0Qazax Rayon M\u00fcalic\u0259 v\u0259 Diaqnostika M\u0259rk\u0259zind\u0259n m\u0259lumat veribl\u0259r. X\u0259st\u0259xanadan bildiribl\u0259r ki, haz\u0131rda E.\u0130brahimov m\u00fcayin\u0259 olunur: &#8220;Hal-haz\u0131rda x\u0259st\u0259 n\u0259zr\u0259timiz alt\u0131ndad\u0131r, v\u0259ziyy\u0259ti yax\u015f\u0131d\u0131r v\u0259 m\u00fcayin\u0259l\u0259r apar\u0131l\u0131r. Onun b\u0259d\u0259nind\u0259 h\u0259r hans\u0131 bir x\u0259sar\u0259tl\u0259r yoxdur v\u0259&hellip;","_links":{"self":[{"href":"https:\/\/arantv.az\/index.php?rest_route=\/wp\/v2\/posts\/70123"}],"collection":[{"href":"https:\/\/arantv.az\/index.php?rest_route=\/wp\/v2\/posts"}],"about":[{"href":"https:\/\/arantv.az\/index.php?rest_route=\/wp\/v2\/types\/post"}],"author":[{"embeddable":true,"href":"https:\/\/arantv.az\/index.php?rest_route=\/wp\/v2\/users\/2"}],"replies":[{"embeddable":true,"href":"https:\/\/arantv.az\/index.php?rest_route=%2Fwp%2Fv2%2Fcomments&post=70123"}],"version-history":[{"count":0,"href":"https:\/\/arantv.az\/index.php?rest_route=\/wp\/v2\/posts\/70123\/revisions"}],"wp:featuredmedia":[{"embeddable":true,"href":"https:\/\/arantv.az\/index.php?rest_route=\/wp\/v2\/media\/70124"}],"wp:attachment":[{"href":"https:\/\/arantv.az\/index.php?rest_route=%2Fwp%2Fv2%2Fmedia&parent=70123"}],"wp:term":[{"taxonomy":"category","embeddable":true,"href":"https:\/\/arantv.az\/index.php?rest_route=%2Fwp%2Fv2%2Fcategories&post=70123"},{"taxonomy":"post_tag","embeddable":true,"href":"https:\/\/arantv.az\/index.php?rest_route=%2Fwp%2Fv2%2Ftags&post=70123"}],"curies":[{"name":"wp","href":"https:\/\/api.w.org\/{rel}","templated":true}]}}