{"id":70126,"date":"2019-06-28T15:54:53","date_gmt":"2019-06-28T12:54:53","guid":{"rendered":"http:\/\/arantv.az\/?p=70126"},"modified":"2019-06-28T15:54:53","modified_gmt":"2019-06-28T12:54:53","slug":"46-yasli-kisi-intihar-etdi","status":"publish","type":"post","link":"https:\/\/arantv.az\/?p=70126","title":{"rendered":"46 ya\u015fl\u0131 ki\u015fi intihar etdi"},"content":{"rendered":"<p>Xa\u00e7maz rayonunda intihar hadis\u0259si ba\u015f verib<\/p>\n<p>Hadis\u0259 rayonun A\u011fyaz\u0131buduq k\u0259ndind\u0259 qeyd\u0259 al\u0131n\u0131b.<\/p>\n<div id=\"AdviadNativeVideo0\" class=\"AdviadNativeVideo\"><\/div>\n<p>K\u0259nd sakini, 1973-c\u00fc il t\u0259v\u0259ll\u00fcdl\u00fc Musayev Heyd\u0259r Musa o\u011flu \u00f6z\u00fcn\u00fc as\u0131b.<\/p>\n<p>Faktla ba\u011fl\u0131 Xa\u00e7maz rayon Prokurorlu\u011funda ara\u015fd\u0131rma apar\u0131l\u0131r.(apa.az)<\/p>\n","protected":false},"excerpt":{"rendered":"<p>Xa\u00e7maz rayonunda intihar hadis\u0259si ba\u015f verib Hadis\u0259 rayonun A\u011fyaz\u0131buduq k\u0259ndind\u0259 qeyd\u0259 al\u0131n\u0131b. K\u0259nd sakini, 1973-c\u00fc il t\u0259v\u0259ll\u00fcdl\u00fc Musayev Heyd\u0259r Musa o\u011flu \u00f6z\u00fcn\u00fc as\u0131b. Faktla ba\u011fl\u0131 Xa\u00e7maz rayon Prokurorlu\u011funda ara\u015fd\u0131rma apar\u0131l\u0131r.(apa.az)<\/p>\n","protected":false},"author":2,"featured_media":70127,"comment_status":"closed","ping_status":"closed","sticky":false,"template":"","format":"standard","meta":{"om_disable_all_campaigns":false,"_monsterinsights_skip_tracking":false,"_monsterinsights_sitenote_active":false,"_monsterinsights_sitenote_note":"","_monsterinsights_sitenote_category":0},"categories":[5],"tags":[],"aioseo_notices":[],"gutentor_comment":0,"rttpg_featured_image_url":{"full":["https:\/\/arantv.az\/wp-content\/uploads\/2019\/06\/1561725925intihar-4.jpg",549,346,false],"landscape":["https:\/\/arantv.az\/wp-content\/uploads\/2019\/06\/1561725925intihar-4.jpg",549,346,false],"portraits":["https:\/\/arantv.az\/wp-content\/uploads\/2019\/06\/1561725925intihar-4.jpg",549,346,false],"thumbnail":["https:\/\/arantv.az\/wp-content\/uploads\/2019\/06\/1561725925intihar-4-150x150.jpg",150,150,true],"medium":["https:\/\/arantv.az\/wp-content\/uploads\/2019\/06\/1561725925intihar-4-300x189.jpg",300,189,true],"large":["https:\/\/arantv.az\/wp-content\/uploads\/2019\/06\/1561725925intihar-4.jpg",549,346,false],"1536x1536":["https:\/\/arantv.az\/wp-content\/uploads\/2019\/06\/1561725925intihar-4.jpg",549,346,false],"2048x2048":["https:\/\/arantv.az\/wp-content\/uploads\/2019\/06\/1561725925intihar-4.jpg",549,346,false],"post-thumbnail":["https:\/\/arantv.az\/wp-content\/uploads\/2019\/06\/1561725925intihar-4-240x172.jpg",240,172,true],"advps-thumb-one":["https:\/\/arantv.az\/wp-content\/uploads\/2019\/06\/1561725925intihar-4.jpg",549,346,false]},"rttpg_author":{"display_name":"V\u00fcsal Rafiqo\u011flu","author_link":"https:\/\/arantv.az\/?author=2"},"rttpg_comment":0,"rttpg_category":"<a href=\"https:\/\/arantv.az\/?cat=5\" rel=\"category\">Hadis\u0259<\/a>","rttpg_excerpt":"Xa\u00e7maz rayonunda intihar hadis\u0259si ba\u015f verib Hadis\u0259 rayonun A\u011fyaz\u0131buduq k\u0259ndind\u0259 qeyd\u0259 al\u0131n\u0131b. K\u0259nd sakini, 1973-c\u00fc il t\u0259v\u0259ll\u00fcdl\u00fc Musayev Heyd\u0259r Musa o\u011flu \u00f6z\u00fcn\u00fc as\u0131b. Faktla ba\u011fl\u0131 Xa\u00e7maz rayon Prokurorlu\u011funda ara\u015fd\u0131rma apar\u0131l\u0131r.(apa.az)","_links":{"self":[{"href":"https:\/\/arantv.az\/index.php?rest_route=\/wp\/v2\/posts\/70126"}],"collection":[{"href":"https:\/\/arantv.az\/index.php?rest_route=\/wp\/v2\/posts"}],"about":[{"href":"https:\/\/arantv.az\/index.php?rest_route=\/wp\/v2\/types\/post"}],"author":[{"embeddable":true,"href":"https:\/\/arantv.az\/index.php?rest_route=\/wp\/v2\/users\/2"}],"replies":[{"embeddable":true,"href":"https:\/\/arantv.az\/index.php?rest_route=%2Fwp%2Fv2%2Fcomments&post=70126"}],"version-history":[{"count":0,"href":"https:\/\/arantv.az\/index.php?rest_route=\/wp\/v2\/posts\/70126\/revisions"}],"wp:featuredmedia":[{"embeddable":true,"href":"https:\/\/arantv.az\/index.php?rest_route=\/wp\/v2\/media\/70127"}],"wp:attachment":[{"href":"https:\/\/arantv.az\/index.php?rest_route=%2Fwp%2Fv2%2Fmedia&parent=70126"}],"wp:term":[{"taxonomy":"category","embeddable":true,"href":"https:\/\/arantv.az\/index.php?rest_route=%2Fwp%2Fv2%2Fcategories&post=70126"},{"taxonomy":"post_tag","embeddable":true,"href":"https:\/\/arantv.az\/index.php?rest_route=%2Fwp%2Fv2%2Ftags&post=70126"}],"curies":[{"name":"wp","href":"https:\/\/api.w.org\/{rel}","templated":true}]}}