{"id":70140,"date":"2019-06-28T16:22:24","date_gmt":"2019-06-28T13:22:24","guid":{"rendered":"http:\/\/arantv.az\/?p=70140"},"modified":"2019-06-28T16:22:24","modified_gmt":"2019-06-28T13:22:24","slug":"xin-munaqis%c9%99nin-h%c9%99llind%c9%99-maraqli-olan-t%c9%99r%c9%99f-b%c9%99han%c9%99-axtarmaz","status":"publish","type":"post","link":"https:\/\/arantv.az\/?p=70140","title":{"rendered":"X\u0130N: M\u00fcnaqi\u015f\u0259nin h\u0259llind\u0259 maraql\u0131 olan t\u0259r\u0259f b\u0259han\u0259 axtarmaz"},"content":{"rendered":"<p>M\u00fcnaqi\u015f\u0259nin h\u0259llind\u0259 maraql\u0131 olan t\u0259r\u0259f dan\u0131\u015f\u0131qlardan yay\u0131nmaq \u00fc\u00e7\u00fcn b\u0259han\u0259 axtarmamal\u0131d\u0131r.<\/p>\n<p>Bu bar\u0259d\u0259 Az\u0259rbaycan Xarici \u0130\u015fl\u0259r Nazirliyinin m\u0259tbuat xidm\u0259tind\u0259n Erm\u0259nistan Xarici \u0130\u015fl\u0259r nazirinin d\u00fcn\u0259n m\u0259tbuat brifinqind\u0259 \u201cBir \u0259ll\u0259 dan\u0131\u015f\u0131qlar apar\u0131b, dig\u0259r \u0259ll\u0259 at\u0259\u015f a\u00e7maq olmaz\u201d dey\u0259r\u0259k Az\u0259rbaycan\u0131n Xarici \u0130\u015fl\u0259r naziri Elmar M\u0259mm\u0259dyarovun \u201cbu g\u00fcn\u0259d\u0259k m\u00fczakir\u0259 olunan s\u0259n\u0259dl\u0259r \u00fczr\u0259 dan\u0131\u015f\u0131qlar aparanda c\u0259bh\u0259d\u0259 he\u00e7 d\u0259 tam sakitlik h\u00f6km s\u00fcrm\u00fcrd\u00fc\u201d fikrin\u0259 m\u00fcnasib\u0259tini \u015f\u0259rh ed\u0259rk\u0259n bildirib.<\/p>\n<p>Nazirliyin m\u0259lumat\u0131nda deyilir: \u201cXarici \u0130\u015fl\u0259r naziri Elmar M\u0259mm\u0259dyarov Va\u015finqton g\u00f6r\u00fc\u015f\u00fcn\u00fcn n\u0259tic\u0259l\u0259ri il\u0259 ba\u011fl\u0131 K\u0130V n\u00fcmay\u0259nd\u0259l\u0259rinin sual\u0131n\u0131 cavabland\u0131rark\u0259n qeyd edib ki, m\u00fcnaqi\u015f\u0259nin t\u0259r\u0259fl\u0259ri qismind\u0259 Erm\u0259nistan v\u0259 Az\u0259rbaycan t\u0259r\u0259fl\u0259ri ist\u0259r Madrid prinsipl\u0259ri, onlar\u0131n yenil\u0259nmi\u015f variant\u0131, ist\u0259r Kazan prinsipl\u0259ri v\u0259 ya \u201cLavrov plan\u0131\u201d adland\u0131r\u0131lan s\u0259n\u0259d olsun bunlar \u00fczr\u0259 dan\u0131\u015f\u0131qlar aparark\u0259n d\u0259 t\u0259mas x\u0259ttind\u0259 g\u0259rginlikl\u0259r olub.<\/p>\n<p>\u201cBununla bel\u0259 substantiv v\u0259 intensiv dialoq davam etdirilirdi. Y\u0259ni, dan\u0131\u015f\u0131qlar prosesi c\u0259bh\u0259 x\u0259ttind\u0259ki v\u0259ziyy\u0259tin girovuna \u00e7evrilm\u0259m\u0259lidir. Bunu anlamamaq v\u0259 bu deyil\u0259nd\u0259n n\u0259tic\u0259 \u00e7\u0131xarmamaq, Erm\u0259nistan t\u0259r\u0259finin dan\u0131\u015f\u0131qlar prosesinin ir\u0259li apar\u0131lmamas\u0131 \u00fc\u00e7\u00fcn b\u0259han\u0259l\u0259r axtar\u0131r fikrini bir daha t\u0259sdiq edir.<\/p>\n<p>Xat\u0131rlad\u0131r\u0131q ki, c\u0259bh\u0259 x\u0259ttind\u0259ki g\u0259rginliyin s\u0259b\u0259bi m\u0259hz Erm\u0259nistan silahl\u0131 q\u00fcvv\u0259l\u0259rinin Az\u0259rbaycan \u0259razil\u0259rind\u0259 qeyri-qanuni m\u00f6vcudlu\u011fudur v\u0259 bu g\u0259rginliy\u0259 son qoymaq \u00fc\u00e7\u00fcn dan\u0131\u015f\u0131qlar prosesi substantiv m\u0259s\u0259l\u0259l\u0259rin h\u0259lli \u00fczr\u0259 ir\u0259li apar\u0131lmal\u0131d\u0131r; bu q\u0259d\u0259r! Erm\u0259nistan t\u0259r\u0259finin m\u0259ntiqi il\u0259 D\u00fc\u015f\u0259nb\u0259 g\u00f6r\u00fc\u015f\u00fcnd\u0259n sonra \u0259ld\u0259 edilmi\u015f qar\u015f\u0131l\u0131ql\u0131 raz\u0131l\u0131q \u0259sas\u0131nda c\u0259bh\u0259 b\u00f6lg\u0259sind\u0259ki nisbi sakitlik d\u00f6vr\u00fcnd\u0259 biz dan\u0131\u015f\u0131qlarda konkret n\u0259tic\u0259l\u0259r \u0259ld\u0259 etm\u0259li idik, lakin h\u0259r \u015fey g\u00f6z qaba\u011f\u0131ndad\u0131r.<\/p>\n<p>M\u00fcnaqi\u015f\u0259nin s\u00fclh yolu il\u0259 h\u0259llind\u0259 maraql\u0131 olan t\u0259r\u0259f konkret n\u0259tic\u0259y\u0259 y\u00f6n\u0259lik dan\u0131\u015f\u0131qlardan yay\u0131nmaq \u00fc\u00e7\u00fcn b\u0259han\u0259 axtarmamal\u0131d\u0131r, siyasi irad\u0259 v\u0259 q\u0259tiyy\u0259t n\u00fcmayi\u015f etdirilm\u0259lidir. Erm\u0259nistan t\u0259r\u0259find\u0259n bizim v\u0259 beyn\u0259lxalq ictimaiyy\u0259tin g\u00f6zl\u0259ntisi bundan ibar\u0259tdir\u201d.<\/p>\n","protected":false},"excerpt":{"rendered":"<p>M\u00fcnaqi\u015f\u0259nin h\u0259llind\u0259 maraql\u0131 olan t\u0259r\u0259f dan\u0131\u015f\u0131qlardan yay\u0131nmaq \u00fc\u00e7\u00fcn b\u0259han\u0259 axtarmamal\u0131d\u0131r. Bu bar\u0259d\u0259 Az\u0259rbaycan Xarici \u0130\u015fl\u0259r Nazirliyinin m\u0259tbuat xidm\u0259tind\u0259n Erm\u0259nistan Xarici \u0130\u015fl\u0259r nazirinin d\u00fcn\u0259n m\u0259tbuat brifinqind\u0259 \u201cBir \u0259ll\u0259 dan\u0131\u015f\u0131qlar apar\u0131b, dig\u0259r \u0259ll\u0259 at\u0259\u015f a\u00e7maq olmaz\u201d dey\u0259r\u0259k Az\u0259rbaycan\u0131n Xarici \u0130\u015fl\u0259r naziri Elmar M\u0259mm\u0259dyarovun \u201cbu g\u00fcn\u0259d\u0259k m\u00fczakir\u0259 olunan s\u0259n\u0259dl\u0259r \u00fczr\u0259 dan\u0131\u015f\u0131qlar aparanda c\u0259bh\u0259d\u0259 he\u00e7 d\u0259 tam sakitlik h\u00f6km s\u00fcrm\u00fcrd\u00fc\u201d fikrin\u0259 m\u00fcnasib\u0259tini \u015f\u0259rh ed\u0259rk\u0259n bildirib. Nazirliyin m\u0259lumat\u0131nda deyilir: \u201cXarici \u0130\u015fl\u0259r naziri Elmar M\u0259mm\u0259dyarov Va\u015finqton g\u00f6r\u00fc\u015f\u00fcn\u00fcn n\u0259tic\u0259l\u0259ri il\u0259 ba\u011fl\u0131 K\u0130V n\u00fcmay\u0259nd\u0259l\u0259rinin sual\u0131n\u0131 cavabland\u0131rark\u0259n qeyd edib ki, m\u00fcnaqi\u015f\u0259nin t\u0259r\u0259fl\u0259ri qismind\u0259 Erm\u0259nistan v\u0259 Az\u0259rbaycan t\u0259r\u0259fl\u0259ri ist\u0259r Madrid&hellip;<\/p>\n","protected":false},"author":2,"featured_media":70141,"comment_status":"closed","ping_status":"closed","sticky":false,"template":"","format":"standard","meta":{"om_disable_all_campaigns":false,"_monsterinsights_skip_tracking":false,"_monsterinsights_sitenote_active":false,"_monsterinsights_sitenote_note":"","_monsterinsights_sitenote_category":0},"categories":[4],"tags":[],"aioseo_notices":[],"gutentor_comment":0,"rttpg_featured_image_url":{"full":["https:\/\/arantv.az\/wp-content\/uploads\/2019\/06\/X\u00c4\u00b0N.jpg",620,419,false],"landscape":["https:\/\/arantv.az\/wp-content\/uploads\/2019\/06\/X\u00c4\u00b0N.jpg",620,419,false],"portraits":["https:\/\/arantv.az\/wp-content\/uploads\/2019\/06\/X\u00c4\u00b0N.jpg",620,419,false],"thumbnail":["https:\/\/arantv.az\/wp-content\/uploads\/2019\/06\/X\u00c4\u00b0N-150x150.jpg",150,150,true],"medium":["https:\/\/arantv.az\/wp-content\/uploads\/2019\/06\/X\u00c4\u00b0N-300x203.jpg",300,203,true],"large":["https:\/\/arantv.az\/wp-content\/uploads\/2019\/06\/X\u00c4\u00b0N.jpg",620,419,false],"1536x1536":["https:\/\/arantv.az\/wp-content\/uploads\/2019\/06\/X\u00c4\u00b0N.jpg",620,419,false],"2048x2048":["https:\/\/arantv.az\/wp-content\/uploads\/2019\/06\/X\u00c4\u00b0N.jpg",620,419,false],"post-thumbnail":["https:\/\/arantv.az\/wp-content\/uploads\/2019\/06\/X\u00c4\u00b0N-240x172.jpg",240,172,true],"advps-thumb-one":["https:\/\/arantv.az\/wp-content\/uploads\/2019\/06\/X\u00c4\u00b0N.jpg",620,419,false]},"rttpg_author":{"display_name":"V\u00fcsal Rafiqo\u011flu","author_link":"https:\/\/arantv.az\/?author=2"},"rttpg_comment":0,"rttpg_category":"<a href=\"https:\/\/arantv.az\/?cat=4\" rel=\"category\">Siyas\u0259t<\/a>","rttpg_excerpt":"M\u00fcnaqi\u015f\u0259nin h\u0259llind\u0259 maraql\u0131 olan t\u0259r\u0259f dan\u0131\u015f\u0131qlardan yay\u0131nmaq \u00fc\u00e7\u00fcn b\u0259han\u0259 axtarmamal\u0131d\u0131r. Bu bar\u0259d\u0259 Az\u0259rbaycan Xarici \u0130\u015fl\u0259r Nazirliyinin m\u0259tbuat xidm\u0259tind\u0259n Erm\u0259nistan Xarici \u0130\u015fl\u0259r nazirinin d\u00fcn\u0259n m\u0259tbuat brifinqind\u0259 \u201cBir \u0259ll\u0259 dan\u0131\u015f\u0131qlar apar\u0131b, dig\u0259r \u0259ll\u0259 at\u0259\u015f a\u00e7maq olmaz\u201d dey\u0259r\u0259k Az\u0259rbaycan\u0131n Xarici \u0130\u015fl\u0259r naziri Elmar M\u0259mm\u0259dyarovun \u201cbu g\u00fcn\u0259d\u0259k m\u00fczakir\u0259 olunan s\u0259n\u0259dl\u0259r \u00fczr\u0259 dan\u0131\u015f\u0131qlar aparanda c\u0259bh\u0259d\u0259 he\u00e7 d\u0259 tam sakitlik h\u00f6km&hellip;","_links":{"self":[{"href":"https:\/\/arantv.az\/index.php?rest_route=\/wp\/v2\/posts\/70140"}],"collection":[{"href":"https:\/\/arantv.az\/index.php?rest_route=\/wp\/v2\/posts"}],"about":[{"href":"https:\/\/arantv.az\/index.php?rest_route=\/wp\/v2\/types\/post"}],"author":[{"embeddable":true,"href":"https:\/\/arantv.az\/index.php?rest_route=\/wp\/v2\/users\/2"}],"replies":[{"embeddable":true,"href":"https:\/\/arantv.az\/index.php?rest_route=%2Fwp%2Fv2%2Fcomments&post=70140"}],"version-history":[{"count":0,"href":"https:\/\/arantv.az\/index.php?rest_route=\/wp\/v2\/posts\/70140\/revisions"}],"wp:featuredmedia":[{"embeddable":true,"href":"https:\/\/arantv.az\/index.php?rest_route=\/wp\/v2\/media\/70141"}],"wp:attachment":[{"href":"https:\/\/arantv.az\/index.php?rest_route=%2Fwp%2Fv2%2Fmedia&parent=70140"}],"wp:term":[{"taxonomy":"category","embeddable":true,"href":"https:\/\/arantv.az\/index.php?rest_route=%2Fwp%2Fv2%2Fcategories&post=70140"},{"taxonomy":"post_tag","embeddable":true,"href":"https:\/\/arantv.az\/index.php?rest_route=%2Fwp%2Fv2%2Ftags&post=70140"}],"curies":[{"name":"wp","href":"https:\/\/api.w.org\/{rel}","templated":true}]}}