{"id":702001,"date":"2024-03-15T12:06:12","date_gmt":"2024-03-15T08:06:12","guid":{"rendered":"https:\/\/arantv.az\/?p=702001"},"modified":"2024-03-15T12:06:12","modified_gmt":"2024-03-15T08:06:12","slug":"az%c9%99rbaycanin-%c9%99razi-butovluyunun-tam-b%c9%99rpasi-sonuncu-qlobal-forumdan-sonra-dunyada-bas-ver%c9%99n-%c9%99sas-geosiyasi-d%c9%99yisiklik-olub","status":"publish","type":"post","link":"https:\/\/arantv.az\/?p=702001","title":{"rendered":"Az\u0259rbaycan\u0131n \u0259razi b\u00fct\u00f6vl\u00fcy\u00fcn\u00fcn tam b\u0259rpas\u0131 sonuncu Qlobal Forumdan sonra d\u00fcnyada ba\u015f ver\u0259n \u0259sas geosiyasi d\u0259yi\u015fiklik  olub"},"content":{"rendered":"<p>Mart ay\u0131n\u0131n 14-d\u0259 \u00f6lk\u0259miz daha bir m\u00f6t\u0259b\u0259r beyn\u0259lxalq t\u0259dbir\u0259 ev sahibliyi etdi. H\u0259min g\u00fcn Bak\u0131da, G\u00fcl\u00fcstan saray\u0131nda Az\u0259rbaycan Prezidenti \u0130lham \u018fliyevin himay\u0259si alt\u0131nda v\u0259 Nizami G\u0259nc\u0259vi Beyn\u0259lxalq M\u0259rk\u0259zinin t\u0259\u015fkilat\u00e7\u0131l\u0131\u011f\u0131 il\u0259 \u201cPar\u00e7alanm\u0131\u015f d\u00fcnyan\u0131n b\u0259rpas\u0131\u201d m\u00f6vzusunda XI Qlobal Bak\u0131 Forumu ke\u00e7irilib.<\/p>\n<p>Qeyd edim\u0259lidir ki, Nizami G\u0259nc\u0259vi Beyn\u0259lxalq M\u0259rk\u0259zi qlobal probleml\u0259rin h\u0259lli yollar\u0131n\u0131 ara\u015fd\u0131ran v\u0259 bu bar\u0259d\u0259 d\u00fcnya ictimaiyy\u0259tini m\u0259lumatland\u0131ran m\u00fch\u00fcm beyn\u0259lxalq platformaya \u00e7evrilib. M\u0259hz bunun n\u0259tic\u0259sidir ki, M\u0259rk\u0259zin t\u0259\u015fkil etdiyi t\u0259dbirl\u0259r\u0259 maraq ild\u0259n-il\u0259 artmaqdad\u0131r.<\/p>\n<p>\u201cPar\u00e7alanm\u0131\u015f d\u00fcnyan\u0131n b\u0259rpas\u0131\u201d (\u201cFixing The Fractured World\u201d) m\u00f6vzusuna h\u0259sr olunan XI Qlobal Bak\u0131 Forumunda bir \u00e7ox \u00f6lk\u0259l\u0259rin, el\u0259c\u0259 d\u0259 n\u00fcfuzlu beyn\u0259lxalq t\u0259\u015fkilatlar\u0131n n\u00fcmay\u0259nd\u0259l\u0259ri, \u00fcmumilikd\u0259 \u00a070-d\u0259n art\u0131q o\u0308lk\u0259d\u0259n 350-d\u0259n \u00e7ox qonaq i\u015ftirak edibl\u0259r.<\/p>\n<p>Qlobal Bak\u0131 Forumu m\u0259xsusi t\u0259cr\u00fcb\u0259y\u0259 v\u0259 m\u00fcdrikliy\u0259 malik, f\u0259rqli r\u0259yl\u0259ri s\u00f6yl\u0259y\u0259n tan\u0131nm\u0131\u015f insanlar\u0131 bir araya g\u0259tir\u0259n unikal azadl\u0131q m\u0259kan\u0131 olaraq iki g\u00fcn davam edib. Forumda COP28-in n\u0259tic\u0259l\u0259ri v\u0259 COP29-a haz\u0131rl\u0131q m\u0259qs\u0259dil\u0259 qlobal m\u00fczakir\u0259l\u0259r apar\u0131l\u0131b, yeni d\u00fcnya nizam\u0131na t\u0259hdid yaradan amill\u0259r\u0259, o c\u00fcml\u0259d\u0259n t\u0259hl\u00fck\u0259sizlik m\u0259s\u0259l\u0259sin\u0259 v\u0259 s\u00fclh\u00fcn t\u0259min olunmas\u0131 \u00fc\u00e7\u00fcn perspektivl\u0259r\u0259, b\u00f6l\u00fcnm\u00fc\u015f d\u00fcnyada dayan\u0131ql\u0131l\u0131\u011f\u0131n qurulmas\u0131na, onun qlobal s\u00fclh\u0259 t\u0259sirin\u0259 n\u0259z\u0259r sal\u0131naraq qar\u015f\u0131da duran \u00e7a\u011f\u0131r\u0131\u015flar\u0131n h\u0259lli yollar\u0131 m\u00fczakir\u0259 olunub. Forumda d\u00fcnyan\u0131 sars\u0131dan m\u00fcnaqi\u015f\u0259l\u0259r\u0259, meqat\u0259hdidl\u0259r\u0259, o c\u00fcml\u0259d\u0259n iqlim, qida v\u0259 n\u00fcv\u0259 t\u0259hl\u00fck\u0259sizliyi probleml\u0259rin\u0259 d\u0259 toxunulub. Eyni zamanda, qlobal idar\u0259etm\u0259d\u0259 h\u0259rbi v\u0259 iqtisadi ittifaqlar\u0131n rolu, regional perspektivl\u0259r, Avropa \u0130ttifaq\u0131 v\u0259 onun qon\u015fular\u0131 il\u0259 m\u00fcnasib\u0259tl\u0259ri, g\u0259ncl\u0259r siyas\u0259ti, qlobal \u00e7a\u011f\u0131r\u0131\u015flara qar\u015f\u0131 davaml\u0131l\u0131\u011f\u0131 art\u0131rma\u011f\u0131n yollar\u0131, qeyri-b\u0259rab\u0259rlik, t\u0259bii ehtiyatlar\u0131n azl\u0131\u011f\u0131 v\u0259 miqrasiya m\u0259s\u0259l\u0259l\u0259rin\u0259 toxunulub, s\u00fcni intellekt, dronlar v\u0259 kibersilahlar d\u00f6vr\u00fcnd\u0259 yeni t\u0259hl\u00fck\u0259sizlik n\u00fcmun\u0259l\u0259ri bar\u0259d\u0259 m\u00fczakir\u0259l\u0259r apar\u0131l\u0131b.<\/p>\n<p>T\u0259dbird\u0259 x\u00fcsusi olaraq qeyd edilib ki, Qlobal Bak\u0131 Forumu uzun ill\u0259r \u0259rzind\u0259 qlobal miqyasda apar\u0131c\u0131 beyn\u0259lxalq konfranslardan birin\u0259 \u00e7evrilib. Forumunun a\u00e7\u0131l\u0131\u015f m\u0259rasimind\u0259ki \u00e7\u0131x\u0131\u015f\u0131nda Prezident \u0130lham \u018fliyev bildirib ki: \u201cQlobal Bak\u0131 Forumu Davos D\u00fcnya \u0130qtisadi Forumu v\u0259 M\u00fcnxen T\u0259hl\u00fck\u0259sizlik Konfrans\u0131 q\u0259d\u0259r vacibdir\u201d.<\/p>\n<p>Qeyd edilib ki, sonuncu Qlobal Forumdan sonra d\u00fcnyada v\u0259 regionda bir \u00e7ox hadis\u0259l\u0259r ba\u015f verib. \u018fsas geosiyasi d\u0259yi\u015fiklik is\u0259 Az\u0259rbaycan\u0131n \u0259razi b\u00fct\u00f6vl\u00fcy\u00fcn\u00fcn v\u0259 suverenliyinin tam b\u0259rpas\u0131 olmu\u015fdur.<\/p>\n<p>Bunun \u00e7ox ciddi geosiyasi d\u0259yi\u015fiklik oldu\u011funu vur\u011fulayan d\u00f6vl\u0259timizin ba\u015f\u00e7\u0131s\u0131 qeyd edib: \u201cBiz bunun h\u0259llini \u00e7oxdan g\u00f6zl\u0259y\u0259n m\u00fcnaqi\u015f\u0259l\u0259rin h\u0259lli il\u0259 ba\u011fl\u0131 m\u00fcsb\u0259t n\u0259tic\u0259l\u0259rini g\u00f6rd\u00fck\u201d.<\/p>\n<p>Az\u0259rbaycan\u0131n qeyri-qanuni i\u015f\u011fal\u0131n qurban\u0131 oldu\u011fu v\u0259 etnik t\u0259mizl\u0259m\u0259y\u0259 m\u0259ruz qald\u0131\u011f\u0131n\u0131 bildir\u0259n d\u00f6vl\u0259timizin ba\u015f\u00e7\u0131s\u0131, h\u0259m\u00e7inin qeyd edib: \u201cB\u00fct\u00fcn tarixi faktlar tam ayd\u0131n idi v\u0259 biz \u0259dal\u0259ti, beyn\u0259lxalq h\u00fcququ \u00f6z\u00fcm\u00fcz b\u0259rpa etdik. He\u00e7 k\u0259s biz\u0259 k\u00f6m\u0259k etm\u0259di. Biz bunu \u00f6z\u00fcm\u00fcz etdik v\u0259 g\u00f6st\u0259rdik ki, g\u00fccl\u00fc siyasi irad\u0259miz, h\u0259m\u00e7inin potensial\u0131m\u0131z var. \u00c7\u00fcnki g\u00fccl\u00fc h\u0259rbi imkanlar v\u0259 xalq\u0131n birliyi olmadan biz u\u011fur qazana bilm\u0259zdik\u201d.<\/p>\n<p>Forumda i\u015ftirak\u00e7\u0131lar\u0131n n\u0259z\u0259rin\u0259 \u00e7atd\u0131r\u0131l\u0131b ki, indi Qaraba\u011f m\u0259s\u0259l\u0259si art\u0131q ba\u011flan\u0131b v\u0259 haz\u0131rda iki \u00f6lk\u0259 aras\u0131nda s\u00fclh m\u00fcqavil\u0259sinin imzalanmas\u0131na \u00e7ox yax\u0131nla\u015f\u0131l\u0131b. Az\u0259rbaycan\u0131n s\u00fclh prosesini davam etdirm\u0259y\u0259 haz\u0131r oldu\u011funu vur\u011fulayan d\u00f6vl\u0259timizin ba\u015f\u00e7\u0131s\u0131 deyib: \u201cH\u0259r iki \u00f6lk\u0259nin xarici i\u015fl\u0259r nazirl\u0259ri s\u0259viyy\u0259sind\u0259 g\u00f6r\u00fc\u015fl\u0259r haz\u0131rda b\u0259rpa olunub. Biz g\u00f6r\u00fcr\u00fck ki, s\u00fclh\u0259 nail olmaq olar, biz bunu ist\u0259yirik. Biz tarixi \u0259dal\u0259ti, beyn\u0259lxalq h\u00fcququ b\u0259rpa etdik. \u0130ndi is\u0259 art\u0131q bu regionda \u0259dav\u0259t\u0259 son qoymaq vaxt\u0131d\u0131r\u201d.<\/p>\n<p>Forumda qeyd edilib ki, 2023-c\u00fc ilin centyabr\u0131nda h\u0259yata ke\u00e7iril\u0259n 1 g\u00fcnl\u00fck antiterror \u0259m\u0259liyyat\u0131ndan sonra d\u00fc\u015fm\u0259nin h\u0259rbi sursatlar\u0131, a\u011f\u0131r silahlar\u0131, zirehli ma\u015f\u0131nlar\u0131 m\u00fcsadir\u0259 edilib ki, onlar\u0131n d\u0259y\u0259ri t\u0259qrib\u0259n bir milyard dollar, \u0130kinci Qaraba\u011f m\u00fcharib\u0259sind\u0259 g\u00f6t\u00fcr\u00fclm\u00fc\u015f h\u0259rbi q\u0259nim\u0259tl\u0259rin d\u0259y\u0259ri is\u0259 be\u015f milyard AB\u015e dollar\u0131na yax\u0131n olub.<\/p>\n<p>\u201cSual ondan ibar\u0259tdir ki, Erm\u0259nistan b\u00fct\u00fcn bu pullar\u0131 haradan g\u00f6t\u00fcr\u00fcb? Ayd\u0131n idi ki, onlar\u0131n biz\u0259 qar\u015f\u0131 istifad\u0259 etdiyi b\u00fct\u00fcn silahlar onlara pulsuz verilmi\u015fdi\u201d, &#8211; dey\u0259 d\u00f6vl\u0259timizin ba\u015f\u00e7\u0131s\u0131 qeyd edib.<\/p>\n<p>Qlobal Forumda Erm\u0259nistan\u0131n \u0259sas havadarlar\u0131ndan olan Fransan\u0131n da regionda v\u0259 ondan k\u0259narlarda y\u00fcr\u00fctd\u00fcy\u00fc siyas\u0259t t\u0259nqid edilib. Bildirilib ki, Fransan\u0131n m\u00f6vqeyi beyn\u0259lxalq ictimaiyy\u0259tin m\u00f6vqeyin\u0259 tamamil\u0259 ziddir. 1990-c\u0131 ill\u0259rin \u0259vv\u0259ll\u0259rind\u0259 Fransa il\u0259 Az\u0259rbaycan aras\u0131nda m\u00fcnasib\u0259tl\u0259rin m\u00fcsb\u0259t istiqam\u0259td\u0259 inki\u015faf etdiyini xat\u0131rladan d\u00f6vl\u0259timizin ba\u015f\u00e7\u0131s\u0131 Fransa h\u00f6kum\u0259tinin \u0130kinci Qaraba\u011f m\u00fcharib\u0259sin\u0259 v\u0259 antiterror \u0259m\u0259liyyatlar\u0131na reaksiyas\u0131n\u0131n tamamil\u0259 qeyri-adekvat oldu\u011funu vur\u011fulay\u0131b.<\/p>\n<p>Az\u0259rbaycan Prezidenti forum i\u015ftirak\u00e7\u0131lar\u0131na, h\u0259m\u00e7inin beyn\u0259lxalq qurumlarda \u00f6lk\u0259miz\u0259 sanksiya c\u0259hdl\u0259ri v\u0259 Fransan\u0131n Evian \u015f\u0259h\u0259rind\u0259 Nat\u0259van\u0131n heyk\u0259lin\u0259 qar\u015f\u0131 t\u00f6r\u0259dilmi\u015f vandalizm aktlar\u0131 bar\u0259d\u0259 d\u0259 m\u0259lumat verib.<\/p>\n<p><strong>\u0130srafil K\u0259rimov,<\/strong><\/p>\n<p><strong>Az\u0259rbaycan Jurnalistl\u0259r Birliyinin \u00fczv\u00fc<\/strong><\/p>\n","protected":false},"excerpt":{"rendered":"<p>Mart ay\u0131n\u0131n 14-d\u0259 \u00f6lk\u0259miz daha bir m\u00f6t\u0259b\u0259r beyn\u0259lxalq t\u0259dbir\u0259 ev sahibliyi etdi. H\u0259min g\u00fcn Bak\u0131da, G\u00fcl\u00fcstan saray\u0131nda Az\u0259rbaycan Prezidenti \u0130lham \u018fliyevin himay\u0259si alt\u0131nda v\u0259 Nizami G\u0259nc\u0259vi Beyn\u0259lxalq M\u0259rk\u0259zinin t\u0259\u015fkilat\u00e7\u0131l\u0131\u011f\u0131 il\u0259 \u201cPar\u00e7alanm\u0131\u015f d\u00fcnyan\u0131n b\u0259rpas\u0131\u201d m\u00f6vzusunda XI Qlobal Bak\u0131 Forumu ke\u00e7irilib. Qeyd edim\u0259lidir ki, Nizami G\u0259nc\u0259vi Beyn\u0259lxalq M\u0259rk\u0259zi qlobal probleml\u0259rin h\u0259lli yollar\u0131n\u0131 ara\u015fd\u0131ran v\u0259 bu bar\u0259d\u0259 d\u00fcnya ictimaiyy\u0259tini m\u0259lumatland\u0131ran m\u00fch\u00fcm beyn\u0259lxalq platformaya \u00e7evrilib. M\u0259hz bunun n\u0259tic\u0259sidir ki, M\u0259rk\u0259zin t\u0259\u015fkil etdiyi t\u0259dbirl\u0259r\u0259 maraq ild\u0259n-il\u0259 artmaqdad\u0131r. \u201cPar\u00e7alanm\u0131\u015f d\u00fcnyan\u0131n b\u0259rpas\u0131\u201d (\u201cFixing The Fractured World\u201d) m\u00f6vzusuna h\u0259sr olunan XI Qlobal Bak\u0131 Forumunda bir \u00e7ox \u00f6lk\u0259l\u0259rin, el\u0259c\u0259&hellip;<\/p>\n","protected":false},"author":2,"featured_media":702002,"comment_status":"closed","ping_status":"closed","sticky":false,"template":"","format":"standard","meta":{"om_disable_all_campaigns":false,"_monsterinsights_skip_tracking":false,"_monsterinsights_sitenote_active":false,"_monsterinsights_sitenote_note":"","_monsterinsights_sitenote_category":0},"categories":[19],"tags":[],"aioseo_notices":[],"gutentor_comment":0,"rttpg_featured_image_url":{"full":["https:\/\/arantv.az\/wp-content\/uploads\/2024\/03\/456048af171048140660513045211095183.jpg",975,540,false],"landscape":["https:\/\/arantv.az\/wp-content\/uploads\/2024\/03\/456048af171048140660513045211095183.jpg",975,540,false],"portraits":["https:\/\/arantv.az\/wp-content\/uploads\/2024\/03\/456048af171048140660513045211095183.jpg",975,540,false],"thumbnail":["https:\/\/arantv.az\/wp-content\/uploads\/2024\/03\/456048af171048140660513045211095183-500x280.jpg",500,280,true],"medium":["https:\/\/arantv.az\/wp-content\/uploads\/2024\/03\/456048af171048140660513045211095183-660x365.jpg",660,365,true],"large":["https:\/\/arantv.az\/wp-content\/uploads\/2024\/03\/456048af171048140660513045211095183-840x465.jpg",640,354,true],"1536x1536":["https:\/\/arantv.az\/wp-content\/uploads\/2024\/03\/456048af171048140660513045211095183.jpg",975,540,false],"2048x2048":["https:\/\/arantv.az\/wp-content\/uploads\/2024\/03\/456048af171048140660513045211095183.jpg",975,540,false],"post-thumbnail":["https:\/\/arantv.az\/wp-content\/uploads\/2024\/03\/456048af171048140660513045211095183-240x172.jpg",240,172,true],"advps-thumb-one":["https:\/\/arantv.az\/wp-content\/uploads\/2024\/03\/456048af171048140660513045211095183.jpg",975,540,false]},"rttpg_author":{"display_name":"V\u00fcsal Rafiqo\u011flu","author_link":"https:\/\/arantv.az\/?author=2"},"rttpg_comment":0,"rttpg_category":"<a href=\"https:\/\/arantv.az\/?cat=19\" rel=\"category\">G\u00fcnd\u0259m<\/a>","rttpg_excerpt":"Mart ay\u0131n\u0131n 14-d\u0259 \u00f6lk\u0259miz daha bir m\u00f6t\u0259b\u0259r beyn\u0259lxalq t\u0259dbir\u0259 ev sahibliyi etdi. H\u0259min g\u00fcn Bak\u0131da, G\u00fcl\u00fcstan saray\u0131nda Az\u0259rbaycan Prezidenti \u0130lham \u018fliyevin himay\u0259si alt\u0131nda v\u0259 Nizami G\u0259nc\u0259vi Beyn\u0259lxalq M\u0259rk\u0259zinin t\u0259\u015fkilat\u00e7\u0131l\u0131\u011f\u0131 il\u0259 \u201cPar\u00e7alanm\u0131\u015f d\u00fcnyan\u0131n b\u0259rpas\u0131\u201d m\u00f6vzusunda XI Qlobal Bak\u0131 Forumu ke\u00e7irilib. Qeyd edim\u0259lidir ki, Nizami G\u0259nc\u0259vi Beyn\u0259lxalq M\u0259rk\u0259zi qlobal probleml\u0259rin h\u0259lli yollar\u0131n\u0131 ara\u015fd\u0131ran v\u0259 bu bar\u0259d\u0259 d\u00fcnya&hellip;","_links":{"self":[{"href":"https:\/\/arantv.az\/index.php?rest_route=\/wp\/v2\/posts\/702001"}],"collection":[{"href":"https:\/\/arantv.az\/index.php?rest_route=\/wp\/v2\/posts"}],"about":[{"href":"https:\/\/arantv.az\/index.php?rest_route=\/wp\/v2\/types\/post"}],"author":[{"embeddable":true,"href":"https:\/\/arantv.az\/index.php?rest_route=\/wp\/v2\/users\/2"}],"replies":[{"embeddable":true,"href":"https:\/\/arantv.az\/index.php?rest_route=%2Fwp%2Fv2%2Fcomments&post=702001"}],"version-history":[{"count":0,"href":"https:\/\/arantv.az\/index.php?rest_route=\/wp\/v2\/posts\/702001\/revisions"}],"wp:featuredmedia":[{"embeddable":true,"href":"https:\/\/arantv.az\/index.php?rest_route=\/wp\/v2\/media\/702002"}],"wp:attachment":[{"href":"https:\/\/arantv.az\/index.php?rest_route=%2Fwp%2Fv2%2Fmedia&parent=702001"}],"wp:term":[{"taxonomy":"category","embeddable":true,"href":"https:\/\/arantv.az\/index.php?rest_route=%2Fwp%2Fv2%2Fcategories&post=702001"},{"taxonomy":"post_tag","embeddable":true,"href":"https:\/\/arantv.az\/index.php?rest_route=%2Fwp%2Fv2%2Ftags&post=702001"}],"curies":[{"name":"wp","href":"https:\/\/api.w.org\/{rel}","templated":true}]}}