{"id":702018,"date":"2024-03-15T12:11:20","date_gmt":"2024-03-15T08:11:20","guid":{"rendered":"https:\/\/arantv.az\/?p=702018"},"modified":"2024-03-15T12:11:20","modified_gmt":"2024-03-15T08:11:20","slug":"ot%c9%99n-il-onminl%c9%99rl%c9%99-pay-torpagi-dovl%c9%99t-qeydiyyatina-alinib","status":"publish","type":"post","link":"https:\/\/arantv.az\/?p=702018","title":{"rendered":"\u00d6t\u0259n il onminl\u0259rl\u0259 pay torpa\u011f\u0131 d\u00f6vl\u0259t qeydiyyat\u0131na al\u0131n\u0131b"},"content":{"rendered":"<p>2023-c\u00fc ild\u0259 Az\u0259rbaycanda pay torpaqlar\u0131 \u00fcz\u0259rind\u0259 m\u00fclkiyy\u0259t h\u00fcquqlar\u0131n\u0131n r\u0259smil\u0259\u015fdirilm\u0259si \u00fczr\u0259 probleml\u0259rin h\u0259lli il\u0259 ba\u011fl\u0131 m\u00fclkiyy\u0259t s\u0259n\u0259dl\u0259ri almayan v\u0259t\u0259nda\u015flardan 53 516 n\u0259f\u0259rin m\u00fcraci\u0259ti daxil olub.<\/p>\n<p>\u201cReport\u201d x\u0259b\u0259r verir ki, bunu Ba\u015f nazir \u018fli \u018fs\u0259dov Milli M\u0259clisin bu g\u00fcn ke\u00e7iril\u0259n iclas\u0131nda Nazirl\u0259r Kabinetinin 2023-c\u00fc ild\u0259 f\u0259aliyy\u0259ti haqq\u0131nda hesabat\u0131 t\u0259qdim ed\u0259rk\u0259n bildirib.<\/p>\n<p>Onun s\u00f6zl\u0259rin\u0259 g\u00f6r\u0259, onlardan 47 509 m\u00fcraci\u0259t \u00fczr\u0259 (~90%) d\u00f6vl\u0259t qeydiyyat\u0131 apar\u0131l\u0131b v\u0259 m\u00fclkiyy\u0259t s\u0259n\u0259dl\u0259ri verilib.<\/p>\n","protected":false},"excerpt":{"rendered":"<p>2023-c\u00fc ild\u0259 Az\u0259rbaycanda pay torpaqlar\u0131 \u00fcz\u0259rind\u0259 m\u00fclkiyy\u0259t h\u00fcquqlar\u0131n\u0131n r\u0259smil\u0259\u015fdirilm\u0259si \u00fczr\u0259 probleml\u0259rin h\u0259lli il\u0259 ba\u011fl\u0131 m\u00fclkiyy\u0259t s\u0259n\u0259dl\u0259ri almayan v\u0259t\u0259nda\u015flardan 53 516 n\u0259f\u0259rin m\u00fcraci\u0259ti daxil olub. \u201cReport\u201d x\u0259b\u0259r verir ki, bunu Ba\u015f nazir \u018fli \u018fs\u0259dov Milli M\u0259clisin bu g\u00fcn ke\u00e7iril\u0259n iclas\u0131nda Nazirl\u0259r Kabinetinin 2023-c\u00fc ild\u0259 f\u0259aliyy\u0259ti haqq\u0131nda hesabat\u0131 t\u0259qdim ed\u0259rk\u0259n bildirib. Onun s\u00f6zl\u0259rin\u0259 g\u00f6r\u0259, onlardan 47 509 m\u00fcraci\u0259t \u00fczr\u0259 (~90%) d\u00f6vl\u0259t qeydiyyat\u0131 apar\u0131l\u0131b v\u0259 m\u00fclkiyy\u0259t s\u0259n\u0259dl\u0259ri verilib.<\/p>\n","protected":false},"author":2,"featured_media":702019,"comment_status":"closed","ping_status":"closed","sticky":false,"template":"","format":"standard","meta":{"om_disable_all_campaigns":false,"_monsterinsights_skip_tracking":false,"_monsterinsights_sitenote_active":false,"_monsterinsights_sitenote_note":"","_monsterinsights_sitenote_category":0},"categories":[1],"tags":[],"aioseo_notices":[],"gutentor_comment":0,"rttpg_featured_image_url":{"full":["https:\/\/arantv.az\/wp-content\/uploads\/2024\/03\/47d4e02e-94e3-3e17-9a53-d4a333f2baf1_850.jpg",620,413,false],"landscape":["https:\/\/arantv.az\/wp-content\/uploads\/2024\/03\/47d4e02e-94e3-3e17-9a53-d4a333f2baf1_850.jpg",620,413,false],"portraits":["https:\/\/arantv.az\/wp-content\/uploads\/2024\/03\/47d4e02e-94e3-3e17-9a53-d4a333f2baf1_850.jpg",620,413,false],"thumbnail":["https:\/\/arantv.az\/wp-content\/uploads\/2024\/03\/47d4e02e-94e3-3e17-9a53-d4a333f2baf1_850-500x280.jpg",500,280,true],"medium":["https:\/\/arantv.az\/wp-content\/uploads\/2024\/03\/47d4e02e-94e3-3e17-9a53-d4a333f2baf1_850-548x365.jpg",548,365,true],"large":["https:\/\/arantv.az\/wp-content\/uploads\/2024\/03\/47d4e02e-94e3-3e17-9a53-d4a333f2baf1_850.jpg",620,413,false],"1536x1536":["https:\/\/arantv.az\/wp-content\/uploads\/2024\/03\/47d4e02e-94e3-3e17-9a53-d4a333f2baf1_850.jpg",620,413,false],"2048x2048":["https:\/\/arantv.az\/wp-content\/uploads\/2024\/03\/47d4e02e-94e3-3e17-9a53-d4a333f2baf1_850.jpg",620,413,false],"post-thumbnail":["https:\/\/arantv.az\/wp-content\/uploads\/2024\/03\/47d4e02e-94e3-3e17-9a53-d4a333f2baf1_850-240x172.jpg",240,172,true],"advps-thumb-one":["https:\/\/arantv.az\/wp-content\/uploads\/2024\/03\/47d4e02e-94e3-3e17-9a53-d4a333f2baf1_850.jpg",620,413,false]},"rttpg_author":{"display_name":"V\u00fcsal Rafiqo\u011flu","author_link":"https:\/\/arantv.az\/?author=2"},"rttpg_comment":0,"rttpg_category":"<a href=\"https:\/\/arantv.az\/?cat=1\" rel=\"category\">C\u0259miyy\u0259t<\/a>","rttpg_excerpt":"2023-c\u00fc ild\u0259 Az\u0259rbaycanda pay torpaqlar\u0131 \u00fcz\u0259rind\u0259 m\u00fclkiyy\u0259t h\u00fcquqlar\u0131n\u0131n r\u0259smil\u0259\u015fdirilm\u0259si \u00fczr\u0259 probleml\u0259rin h\u0259lli il\u0259 ba\u011fl\u0131 m\u00fclkiyy\u0259t s\u0259n\u0259dl\u0259ri almayan v\u0259t\u0259nda\u015flardan 53 516 n\u0259f\u0259rin m\u00fcraci\u0259ti daxil olub. \u201cReport\u201d x\u0259b\u0259r verir ki, bunu Ba\u015f nazir \u018fli \u018fs\u0259dov Milli M\u0259clisin bu g\u00fcn ke\u00e7iril\u0259n iclas\u0131nda Nazirl\u0259r Kabinetinin 2023-c\u00fc ild\u0259 f\u0259aliyy\u0259ti haqq\u0131nda hesabat\u0131 t\u0259qdim ed\u0259rk\u0259n bildirib. Onun s\u00f6zl\u0259rin\u0259 g\u00f6r\u0259, onlardan 47 509&hellip;","_links":{"self":[{"href":"https:\/\/arantv.az\/index.php?rest_route=\/wp\/v2\/posts\/702018"}],"collection":[{"href":"https:\/\/arantv.az\/index.php?rest_route=\/wp\/v2\/posts"}],"about":[{"href":"https:\/\/arantv.az\/index.php?rest_route=\/wp\/v2\/types\/post"}],"author":[{"embeddable":true,"href":"https:\/\/arantv.az\/index.php?rest_route=\/wp\/v2\/users\/2"}],"replies":[{"embeddable":true,"href":"https:\/\/arantv.az\/index.php?rest_route=%2Fwp%2Fv2%2Fcomments&post=702018"}],"version-history":[{"count":0,"href":"https:\/\/arantv.az\/index.php?rest_route=\/wp\/v2\/posts\/702018\/revisions"}],"wp:featuredmedia":[{"embeddable":true,"href":"https:\/\/arantv.az\/index.php?rest_route=\/wp\/v2\/media\/702019"}],"wp:attachment":[{"href":"https:\/\/arantv.az\/index.php?rest_route=%2Fwp%2Fv2%2Fmedia&parent=702018"}],"wp:term":[{"taxonomy":"category","embeddable":true,"href":"https:\/\/arantv.az\/index.php?rest_route=%2Fwp%2Fv2%2Fcategories&post=702018"},{"taxonomy":"post_tag","embeddable":true,"href":"https:\/\/arantv.az\/index.php?rest_route=%2Fwp%2Fv2%2Ftags&post=702018"}],"curies":[{"name":"wp","href":"https:\/\/api.w.org\/{rel}","templated":true}]}}