{"id":702022,"date":"2024-03-15T12:17:21","date_gmt":"2024-03-15T08:17:21","guid":{"rendered":"https:\/\/arantv.az\/?p=702022"},"modified":"2024-03-15T12:17:21","modified_gmt":"2024-03-15T08:17:21","slug":"icra-bascilari-%c9%99v%c9%99zin%c9%99-xususi-numay%c9%99nd%c9%99l%c9%99r-yeni-detallar-m%c9%99lum-oldu","status":"publish","type":"post","link":"https:\/\/arantv.az\/?p=702022","title":{"rendered":"\u0130cra ba\u015f\u00e7\u0131lar\u0131 \u0259v\u0259zin\u0259 x\u00fcsusi n\u00fcmay\u0259nd\u0259l\u0259r &#8211; YEN\u0130 DETALLAR M\u018fLUM OLDU"},"content":{"rendered":"<h2><strong>\u0130\u015f\u011faldan azad edil\u0259n rayonlarda v\u0259 Nax\u00e7\u0131vanda t\u0259tbiq edil\u0259n sistem b\u00fct\u00fcn rayonlar\u0131 \u0259hat\u0259 ed\u0259 bil\u0259r<\/strong><\/h2>\n<p>Prezident \u0130lham \u018fliyevin C\u0259bray\u0131l, Qubadl\u0131, Z\u0259ngilan\u00a0 v\u0259 La\u00e7\u0131n rayonlar\u0131na\u00a0 x\u00fcsusi n\u00fcmay\u0259nd\u0259 t\u0259yin etm\u0259si il\u0259 azad edilmi\u015f torpaqlarda bu proses yekunla\u015fmaq m\u0259rh\u0259l\u0259sin\u0259 yax\u0131nla\u015fd\u0131. K\u0259lb\u0259c\u0259r rayonuna da x\u00fcsusi n\u00fcmay\u0259nd\u0259 t\u0259yinat\u0131 realla\u015fd\u0131r\u0131ld\u0131qdan sonra proses b\u00fct\u00fcn i\u015f\u011faldan azad edilmi\u015f rayonlarda ba\u015fa \u00e7atm\u0131\u015f olacaq.<\/p>\n<p>Yada salaq ki, bir ne\u00e7\u0259 g\u00fcn \u0259vv\u0259l\u00a0 d\u00f6vl\u0259t ba\u015f\u00e7\u0131s\u0131\u00a0 Xank\u0259ndi, A\u011fd\u0259r\u0259, Xocal\u0131, el\u0259c\u0259 d\u0259 F\u00fczuli v\u0259 A\u011fdama da\u00a0 x\u00fcsusi n\u00fcmay\u0259nd\u0259l\u0259r t\u0259yin edib. Qeyd ed\u0259k ki, 2021-ci ilin fevral\u0131nda \u201cAz\u0259rbaycan Respublikas\u0131 Prezidentinin x\u00fcsusi n\u00fcmay\u0259nd\u0259likl\u0259ri haqq\u0131nda \u018fsasnam\u0259\u201dni t\u0259sdiq edib. F\u0259rman\u0131n ikinci b\u0259ndind\u0259 deyilir ki, \u201cm\u0259rk\u0259zi v\u0259 yerli icra hakimiyy\u0259ti orqanlar\u0131 v\u0259 d\u00f6vl\u0259t qurumlar\u0131 Az\u0259rbaycan Respublikas\u0131 Prezidentinin x\u00fcsusi n\u00fcmay\u0259nd\u0259liyi t\u0259\u015fkil edilmi\u015f m\u00fcvafiq \u0259razil\u0259rd\u0259 f\u0259aliyy\u0259tl\u0259rini Az\u0259rbaycan Respublikas\u0131 Prezidentinin m\u00fcvafiq \u0259razid\u0259ki x\u00fcsusi n\u00fcmay\u0259nd\u0259si il\u0259 \u0259laq\u0259l\u0259ndirilmi\u015f qaydada h\u0259yata ke\u00e7irirl\u0259r\u201d. Bu f\u0259rmandan sonra\u00a0 Prezidentin Nax\u00e7\u0131vanda da s\u0259lahiyy\u0259tli n\u00fcmay\u0259nd\u0259si t\u0259yinat\u0131 ger\u00e7\u0259kl\u0259\u015fib.<\/p>\n<p>\u0130lham \u018fliyev h\u0259l\u0259 bir m\u00fcdd\u0259t \u0259vv\u0259l\u00a0 bildirib ki,\u00a0 yeni idar\u0259etm\u0259 \u00fcsulu\u00a0 g\u0259l\u0259c\u0259kd\u0259\u00a0 \u00f6lk\u0259mizin b\u00fct\u00fcn dig\u0259r hiss\u0259l\u0259rind\u0259 d\u0259 t\u0259tbiq edilm\u0259lidir:\u00a0 \u201cY\u0259ni bu, h\u0259m b\u00f6y\u00fck quruculuq i\u015fl\u0259ridir, h\u0259m d\u0259 yeni idar\u0259etm\u0259 \u00fcsuludur. \u018fmin\u0259m ki, bu, t\u0259kc\u0259 azad edilmi\u015f \u0259razil\u0259rin yox, b\u00fct\u00f6vl\u00fckd\u0259 \u00f6lk\u0259mizin h\u0259rt\u0259r\u0259fli inki\u015faf\u0131na b\u00f6y\u00fck t\u00f6hf\u0259 ver\u0259c\u0259k\u201d. Bundan \u00f6nc\u0259ki \u00e7\u0131x\u0131\u015flar\u0131 zaman\u0131 da d\u00f6vl\u0259t ba\u015f\u00e7\u0131s\u0131 m\u00f6vcud regional idar\u0259etm\u0259 modelinin sovetl\u0259r d\u00f6vr\u00fcnd\u0259n qald\u0131\u011f\u0131n\u0131, zaman\u0131n t\u0259l\u0259bl\u0259rin\u0259 cavab verm\u0259diyini b\u0259yan edib.<\/p>\n<p><strong>Konstitusiyan\u0131n 124-c\u00fc madd\u0259sin\u0259 \u0259sas\u0259n, yerl\u0259rd\u0259 icra hakimiyy\u0259tini yerli icra hakimiyy\u0259tl\u0259rinin ba\u015f\u00e7\u0131lar\u0131 h\u0259yata ke\u00e7irirl\u0259r. Yerli icra hakimiyy\u0259tl\u0259rinin ba\u015f\u00e7\u0131lar\u0131n\u0131 prezident t\u0259yin edir v\u0259 v\u0259zif\u0259d\u0259n azad edir v\u0259 onlar\u0131n s\u0259lahiyy\u0259tl\u0259rinin \u00e7\u0259r\u00e7iv\u0259l\u0259rini m\u00fc\u0259yy\u0259n edir. Lakin x\u00fcsusi n\u00fcmay\u0259nd\u0259likl\u0259r prezidentin konstitusiyan\u0131n 109-cu madd\u0259sinin 32-ci b\u0259ndind\u0259 n\u0259z\u0259rd\u0259 tutulmu\u015f diksresion s\u0259lahiyy\u0259tl\u0259rin\u0259 g\u00f6r\u0259 t\u0259sis edilib. Bu bax\u0131mdan prezidentin bel\u0259 s\u0259lahiyy\u0259ti var v\u0259 prezident konstitusiyan\u0131n 109-cu madd\u0259sinin 32-ci b\u0259ndin\u0259 \u0259sas\u0259n, m\u00fcv\u0259qq\u0259ti m\u0259qs\u0259dl\u0259rl\u0259 bel\u0259 qurum t\u0259sis ed\u0259 bil\u0259r.<\/strong><\/p>\n<p>Regional idar\u0259etm\u0259 sah\u0259sind\u0259 islahatlar hans\u0131 formada h\u0259yata ke\u00e7irilm\u0259lidir? Bu islahatlar regionlar\u0131m\u0131z\u0131n inki\u015faf\u0131na t\u00f6hf\u0259 ver\u0259 bil\u0259c\u0259kmi? Son ill\u0259rd\u0259 bir s\u0131ra rayonlar\u0131n, h\u0259m\u00e7inin Nax\u00e7\u0131van\u0131n timsal\u0131nda t\u0259tbiq olunan bu model \u00f6z\u00fcn\u00fc do\u011fruldurmu?<\/p>\n<p><img loading=\"lazy\" src=\"https:\/\/cdn.musavat.com\/news\/thumbnails\/c0ea8b6b6a216864a49ba9c546817819.png\" alt=\"Fikr\u0259t Yusifov da prezidentliy\u0259 namiz\u0259d oldu-A\u00c7IQLAMA\" width=\"890\" height=\"627\" \/><\/p>\n<p><strong>Fikr\u0259t Yusifov<\/strong><\/p>\n<p>Sabiq maliyy\u0259 naziri Fikr\u0259t Yusifov \u201cYeni M\u00fcsavat\u201da bildirdi ki, Prezidentin x\u00fcsusi n\u00fcmay\u0259nd\u0259likl\u0259ri haqq\u0131nda \u0259sasnam\u0259nin birinci b\u0259ndind\u0259 Prezidentin x\u00fcsusi n\u00fcmay\u0259nd\u0259liyinin s\u0259lahiyy\u0259tl\u0259ri a\u00e7\u0131q qeyd edilir: \u201c\u018fsasnam\u0259nin birinci b\u0259ndind\u0259 deyilir ki, Az\u0259rbaycan Respublikas\u0131 Prezidentinin x\u00fcsusi n\u00fcmay\u0259nd\u0259liyi i\u015f\u011faldan azad olunmu\u015f \u0259razil\u0259rd\u0259 onlar \u00fc\u00e7\u00fcn m\u00fc\u0259yy\u0259n edilmi\u015f v\u0259zif\u0259l\u0259ri yerin\u0259 yetir\u0259n Az\u0259rbaycan Respublikas\u0131 Prezidentinin Administrasiyas\u0131n\u0131n struktur b\u00f6lm\u0259sidir &#8211; y\u0259ni x\u00fcsusi n\u00fcmay\u0259nd\u0259liyin \u0259m\u0259kda\u015flar\u0131 eyni zamanda Az\u0259rbaycan Respublikas\u0131 Prezidentinin Administrasiyas\u0131n\u0131n \u0259m\u0259kda\u015flar\u0131d\u0131r.<\/p>\n<p>\u0130\u015f\u011faldan azad olunmu\u015f rayonlarda Prezidentin x\u00fcsusi n\u00fcmay\u0259nd\u0259likl\u0259rinin bu \u015f\u0259kild\u0259 yarad\u0131lmas\u0131 h\u0259min rayonlar\u0131n b\u0259rpas\u0131 v\u0259 inki\u015faf\u0131na d\u00f6vl\u0259t ba\u015f\u00e7\u0131s\u0131n\u0131n verdiyi \u00f6n\u0259md\u0259n ir\u0259li g\u0259lir. Bu rayonlarda b\u00fct\u00fcn i\u015fl\u0259r s\u0131f\u0131rdan ba\u015flayaraq h\u0259yata ke\u00e7irilir. \u0130\u015f\u011faldan azad olunmu\u015f rayonlar\u0131n \u0259n q\u0131sa zaman k\u0259siyind\u0259 b\u0259rpas\u0131 v\u0259 oradan vaxt\u0131l\u0259 did\u0259rgin d\u00fc\u015fm\u00fc\u015f v\u0259t\u0259nda\u015flar\u0131m\u0131z\u0131n geri qaytar\u0131lmas\u0131 h\u0259m sosial v\u0259 h\u0259m d\u0259 siyasi m\u0259s\u0259l\u0259dir. Bu s\u0259b\u0259bd\u0259n d\u0259 h\u0259min rayonlarda Prezidentin x\u00fcsusi n\u00fcmay\u0259nd\u0259likl\u0259rinin yarad\u0131lmas\u0131 operativ idar\u0259\u00e7iliyin t\u0259min olunmas\u0131 \u00fc\u00e7\u00fcn \u0259n do\u011fru se\u00e7imdir.<\/p>\n<p>Bu, yax\u015f\u0131 t\u0259cr\u00fcb\u0259dir. Hesab edir\u0259m ki, bu g\u00fcn Prezidentin x\u00fcsusi n\u00fcmay\u0259nd\u0259likl\u0259rinin v\u0259 ya \u0259n az\u0131ndan bir x\u00fcsusi n\u00fcmay\u0259nd\u0259sinin dig\u0259r rayonlar\u0131m\u0131zda olmas\u0131na da ehtiyac var.\u00a0 \u0130lk bax\u0131\u015fda icra hakimiyy\u0259tl\u0259rinin m\u00f6vcud oldu\u011fu \u015f\u0259raitd\u0259 bel\u0259 t\u0259yinat paralel idar\u0259\u00e7ilik\u00a0 kimi g\u00f6r\u00fcn\u0259 bil\u0259r. \u00c7\u00fcnki h\u0259r bir rayonda Prezident t\u0259r\u0259find\u0259n t\u0259yin olunan yerli icra hakimiyy\u0259tinin ba\u015f\u00e7\u0131s\u0131 m\u00f6vcuddur. T\u0259klif etdiyimiz variantda s\u00f6hb\u0259t paralel idar\u0259\u00e7ilikd\u0259n daha \u00e7ox, yerli idar\u0259etm\u0259 strukturlar\u0131n\u0131n f\u0259aliyy\u0259tin\u0259 operativ n\u0259zar\u0259tin h\u0259yata ke\u00e7irilm\u0259sind\u0259n gedir. Bel\u0259 bir yenilik yerl\u0259rd\u0259 idar\u0259\u00e7iliyin \u00e7evikliyini art\u0131rma\u011fa, v\u0259t\u0259nda\u015flar\u0131n qayg\u0131lar\u0131n\u0131 vaxt\u0131nda qar\u015f\u0131lama\u011fa, h\u0259r hans\u0131 bir sah\u0259d\u0259 ba\u015f ver\u0259n probleml\u0259rin operativ h\u0259llin\u0259 nail olma\u011fa k\u00f6m\u0259k ed\u0259rdi. D\u00fc\u015f\u00fcn\u00fcr\u0259m ki, Prezidentin x\u00fcsusi n\u00fcmay\u0259nd\u0259sinin varl\u0131\u011f\u0131 yerli icra hakimiyy\u0259ti ba\u015f\u00e7\u0131lar\u0131n\u0131n v\u0259 m\u0259rk\u0259zi icra orqanlar\u0131n\u0131n yerl\u0259rd\u0259 f\u0259aliyy\u0259t g\u00f6st\u0259r\u0259n t\u0259\u015fkilatlar\u0131n\u0131n r\u0259hb\u0259rl\u0259rinin m\u0259suliyy\u0259tini yet\u0259rinc\u0259 art\u0131rar v\u0259 yerl\u0259rd\u0259 neqativ hallar\u0131n qar\u015f\u0131s\u0131n\u0131n al\u0131nmas\u0131nda t\u0259sirli vasit\u0259y\u0259 \u00e7evril\u0259 bil\u0259r&#8221;.<\/p>\n<p>Sabiq nazir qeyd etdi ki, son ill\u0259rd\u0259 bir s\u0131ra rayonlar\u0131m\u0131zda insanlar\u0131n \u00fczl\u0259\u015fdiyi probleml\u0259rin yerli icra hakimiyy\u0259til\u0259ri t\u0259r\u0259find\u0259n zaman\u0131nda h\u0259ll edilm\u0259m\u0259si s\u0259b\u0259bind\u0259n v\u0259t\u0259nda\u015flar\u0131n \u00f6z etirazlar\u0131n\u0131 ortaya qoymas\u0131 hallar\u0131na rast g\u0259linib. O rayonlarda Prezidentin x\u00fcsusi n\u00fcmay\u0259nd\u0259si olsayd\u0131, icra hakimiyy\u0259ti r\u0259hb\u0259rl\u0259ri yaranan probleml\u0259rin h\u0259llin\u0259 bu q\u0259d\u0259r m\u0259suliyy\u0259tsiz yana\u015fmazd\u0131lar: \u201c\u0130cra hakimiyy\u0259ti ba\u015f\u00e7\u0131lar\u0131 \u0259n az\u0131ndan yaranm\u0131\u015f problemin\u00a0 d\u00f6vl\u0259t ba\u015f\u00e7\u0131s\u0131na x\u00fcsusi n\u00fcmay\u0259nd\u0259 t\u0259r\u0259find\u0259n h\u0259m\u0259n m\u0259ruz\u0259 edil\u0259 bil\u0259c\u0259yind\u0259n\u00a0 ehtiyat edib, onun operativ h\u0259llin\u0259 \u00e7al\u0131\u015fard\u0131lar. T\u0259bii ki, yerli idar\u0259\u00e7iliyin \u00e7evikliyini art\u0131rmaq m\u0259qs\u0259dil\u0259 t\u0259yin edil\u0259n x\u00fcsusi n\u00fcmay\u0259nd\u0259l\u0259r yaln\u0131z yerli icra orqanlar\u0131n\u0131n f\u0259aliyy\u0259tin\u0259 n\u0259zar\u0259t funksiyas\u0131 h\u0259yata ke\u00e7irm\u0259y\u0259c\u0259kl\u0259r, onlar eyni zamanda yerli idar\u0259etm\u0259 v\u0259 icra strukturlar\u0131na probleml\u0259rin h\u0259llind\u0259 yax\u0131ndan k\u00f6m\u0259k ed\u0259c\u0259kl\u0259r\u201d.<\/p>\n<p><img src=\"https:\/\/bizim.media\/file\/articles\/2023\/05\/30\/1685444628_1649418000_280.jpg\" alt=\"Abutal\u0131b S\u0259m\u0259dov: \u201cS\u00fclh sazi\u015fi Az\u0259rbaycan\u0131n t\u0259l\u0259bl\u0259rinin q\u0259bul olunmas\u0131na  g\u0259tirib \u00e7\u0131xaracaq\u201d\" \/><\/p>\n<p><strong>Abutal\u0131b S\u0259m\u0259dov<\/strong><\/p>\n<p><strong>\u201cAlyans\u201d Ara\u015fd\u0131rmalar M\u0259rk\u0259zinin r\u0259hb\u0259ri Abutal\u0131b S\u0259m\u0259dov \u201cYeni M\u00fcsavat\u201da bildirdi ki, yerli idar\u0259etm\u0259nin t\u0259kmill\u0259\u015fm\u0259si sah\u0259sind\u0259 at\u0131lan ilk add\u0131mlar son d\u0259r\u0259c\u0259 m\u00fch\u00fcm v\u0259 vacib add\u0131mlard\u0131r:<\/strong>\u00a0&#8220;Prezidentin s\u0259lahiyy\u0259tli n\u00fcmay\u0259nd\u0259l\u0259rinin t\u0259yin olunmas\u0131 da h\u0259m\u00e7inin. Ancaq bu, ilk add\u0131mlard\u0131r. Prezidentin d\u0259 qeyd etdiyi kimi, bu proses davam ed\u0259c\u0259k v\u0259 davam etm\u0259lidir. G\u00f6z qaba\u011f\u0131ndad\u0131r ki, inzibati \u0259razi b\u00f6lg\u00fcm\u00fcz v\u0259 regionlar\u0131n bu \u015f\u0259kild\u0259 idar\u0259 edilm\u0259si s\u0259m\u0259r\u0259liliyi azald\u0131b. Az\u0259rbaycan\u0131n \u0259ks\u0259r hiss\u0259sind\u0259 m\u00f6vcud olan ikipill\u0259li sistem \u00f6z\u00fcn\u00fc do\u011frultmur. Y\u0259ni k\u0259ndl\u0259r v\u0259 rayonlar. M\u00fctl\u0259q \u00fc\u00e7\u00fcnc\u00fc pill\u0259nin d\u0259 yarad\u0131lmas\u0131na ehtiyac var. V\u0259 bu, iqtisadi rayonlar\u0131n \u0259sas\u0131nda yarad\u0131lsa, hesab edir\u0259m ki, kifay\u0259t q\u0259d\u0259r s\u0259m\u0259r\u0259li idar\u0259etm\u0259 ortaya \u00e7\u0131xa bil\u0259r. Y\u0259ni s\u00f6hb\u0259t Az\u0259rbaycan \u0259razisinin 14 iri inzibati \u0259razi vahidind\u0259 &#8211; onun ad\u0131 vilay\u0259tl\u0259r d\u0259 ola bil\u0259r, b\u00f6lg\u0259l\u0259r d\u0259 ola bil\u0259r, ba\u015fqa bir ad da qoyulmas\u0131 m\u00fcmk\u00fcnd\u00fcr &#8211; m\u00fctl\u0259q \u00fc\u00e7\u00fcnc\u00fc pill\u0259nin ortaya \u00e7\u0131xmas\u0131na ehtiyac var. \u0130ri inzibati \u0259razi vahidl\u0259ri yarad\u0131lmal\u0131d\u0131r. Onlar\u0131n idar\u0259 edilm\u0259sind\u0259 d\u0259 m\u00fc\u0259yy\u0259n yenilikl\u0259r\u0259 getm\u0259k olar. T\u00fcrkiy\u0259 t\u0259cr\u00fcb\u0259sini, d\u00fcnya t\u0259cr\u00fcb\u0259sini n\u0259z\u0259r\u0259 al\u0131b h\u0259min 14 b\u00f6lg\u0259nin idar\u0259 olunmas\u0131nda istifad\u0259 etm\u0259k olar. \u018fks halda, son ill\u0259rin t\u0259cr\u00fcb\u0259si d\u0259 g\u00f6st\u0259rdi ki, regionlar\u0131n inki\u015faf\u0131na nail olmaq m\u00fcmk\u00fcn olmayacaq. Baxmayaraq ki, \u00e7ox b\u00f6y\u00fck v\u0259sait ayr\u0131ld\u0131 v\u0259 bu v\u0259sait y\u00fcz milyard manatdan da art\u0131qd\u0131r, ancaq h\u0259l\u0259 d\u0259 iqtisadi inki\u015faf Bak\u0131 v\u0259 Bak\u0131 \u0259traf\u0131ndad\u0131r. Dig\u0259r b\u00f6lg\u0259l\u0259rin \u00fcmumi daxili m\u0259hsulda pay\u0131 o q\u0259d\u0259r \u00e7ox deyil. Vergil\u0259rin d\u0259 b\u00f6y\u00fck \u0259ks\u0259riyy\u0259ti yaln\u0131z v\u0259 Bak\u0131 v\u0259 Bak\u0131 \u0259traf\u0131ndan y\u0131\u011f\u0131l\u0131r. Yeri g\u0259lmi\u015fk\u0259n, m\u00fcxt\u0259lif nazirlik v\u0259 d\u00f6vl\u0259t qurumlar\u0131 da art\u0131q bu sistemi t\u0259tbiq etm\u0259y\u0259 ba\u015flay\u0131blar. Y\u0259ni b\u00f6lg\u0259l\u0259r \u00fczr\u0259 onlar\u0131n yerli strukturlar\u0131 formala\u015f\u0131b. Bu da kifay\u0259t q\u0259d\u0259r s\u0259m\u0259r\u0259li idar\u0259 etm\u0259y\u0259 imkan verir. Sad\u0259c\u0259 olaraq, yuxar\u0131da dediyimi kimi, b\u00f6lg\u0259l\u0259rin yarad\u0131lmas\u0131na ehtiyac var. Bu istiqam\u0259td\u0259 bir q\u0259d\u0259r s\u00fcr\u0259tl\u0259 h\u0259r\u0259k\u0259t etm\u0259liyik. \u00c7\u00fcnki \u0259razil\u0259rin idar\u0259 olunmas\u0131nda probleml\u0259r g\u00f6z \u0131qaba\u011f\u0131ndad\u0131r\u201d.<\/p>\n","protected":false},"excerpt":{"rendered":"<p>\u0130\u015f\u011faldan azad edil\u0259n rayonlarda v\u0259 Nax\u00e7\u0131vanda t\u0259tbiq edil\u0259n sistem b\u00fct\u00fcn rayonlar\u0131 \u0259hat\u0259 ed\u0259 bil\u0259r Prezident \u0130lham \u018fliyevin C\u0259bray\u0131l, Qubadl\u0131, Z\u0259ngilan\u00a0 v\u0259 La\u00e7\u0131n rayonlar\u0131na\u00a0 x\u00fcsusi n\u00fcmay\u0259nd\u0259 t\u0259yin etm\u0259si il\u0259 azad edilmi\u015f torpaqlarda bu proses yekunla\u015fmaq m\u0259rh\u0259l\u0259sin\u0259 yax\u0131nla\u015fd\u0131. K\u0259lb\u0259c\u0259r rayonuna da x\u00fcsusi n\u00fcmay\u0259nd\u0259 t\u0259yinat\u0131 realla\u015fd\u0131r\u0131ld\u0131qdan sonra proses b\u00fct\u00fcn i\u015f\u011faldan azad edilmi\u015f rayonlarda ba\u015fa \u00e7atm\u0131\u015f olacaq. Yada salaq ki, bir ne\u00e7\u0259 g\u00fcn \u0259vv\u0259l\u00a0 d\u00f6vl\u0259t ba\u015f\u00e7\u0131s\u0131\u00a0 Xank\u0259ndi, A\u011fd\u0259r\u0259, Xocal\u0131, el\u0259c\u0259 d\u0259 F\u00fczuli v\u0259 A\u011fdama da\u00a0 x\u00fcsusi n\u00fcmay\u0259nd\u0259l\u0259r t\u0259yin edib. Qeyd ed\u0259k ki, 2021-ci ilin fevral\u0131nda \u201cAz\u0259rbaycan Respublikas\u0131 Prezidentinin x\u00fcsusi n\u00fcmay\u0259nd\u0259likl\u0259ri haqq\u0131nda \u018fsasnam\u0259\u201dni t\u0259sdiq edib.&hellip;<\/p>\n","protected":false},"author":2,"featured_media":702023,"comment_status":"closed","ping_status":"closed","sticky":false,"template":"","format":"standard","meta":{"om_disable_all_campaigns":false,"_monsterinsights_skip_tracking":false,"_monsterinsights_sitenote_active":false,"_monsterinsights_sitenote_note":"","_monsterinsights_sitenote_category":0},"categories":[19],"tags":[],"aioseo_notices":[],"gutentor_comment":0,"rttpg_featured_image_url":{"full":["https:\/\/arantv.az\/wp-content\/uploads\/2024\/03\/3911c7260ba222d3edd9c3fbefe3b868.jpg",750,422,false],"landscape":["https:\/\/arantv.az\/wp-content\/uploads\/2024\/03\/3911c7260ba222d3edd9c3fbefe3b868.jpg",750,422,false],"portraits":["https:\/\/arantv.az\/wp-content\/uploads\/2024\/03\/3911c7260ba222d3edd9c3fbefe3b868.jpg",750,422,false],"thumbnail":["https:\/\/arantv.az\/wp-content\/uploads\/2024\/03\/3911c7260ba222d3edd9c3fbefe3b868-500x280.jpg",500,280,true],"medium":["https:\/\/arantv.az\/wp-content\/uploads\/2024\/03\/3911c7260ba222d3edd9c3fbefe3b868-649x365.jpg",649,365,true],"large":["https:\/\/arantv.az\/wp-content\/uploads\/2024\/03\/3911c7260ba222d3edd9c3fbefe3b868.jpg",640,360,false],"1536x1536":["https:\/\/arantv.az\/wp-content\/uploads\/2024\/03\/3911c7260ba222d3edd9c3fbefe3b868.jpg",750,422,false],"2048x2048":["https:\/\/arantv.az\/wp-content\/uploads\/2024\/03\/3911c7260ba222d3edd9c3fbefe3b868.jpg",750,422,false],"post-thumbnail":["https:\/\/arantv.az\/wp-content\/uploads\/2024\/03\/3911c7260ba222d3edd9c3fbefe3b868-240x172.jpg",240,172,true],"advps-thumb-one":["https:\/\/arantv.az\/wp-content\/uploads\/2024\/03\/3911c7260ba222d3edd9c3fbefe3b868.jpg",750,422,false]},"rttpg_author":{"display_name":"V\u00fcsal Rafiqo\u011flu","author_link":"https:\/\/arantv.az\/?author=2"},"rttpg_comment":0,"rttpg_category":"<a href=\"https:\/\/arantv.az\/?cat=19\" rel=\"category\">G\u00fcnd\u0259m<\/a>","rttpg_excerpt":"\u0130\u015f\u011faldan azad edil\u0259n rayonlarda v\u0259 Nax\u00e7\u0131vanda t\u0259tbiq edil\u0259n sistem b\u00fct\u00fcn rayonlar\u0131 \u0259hat\u0259 ed\u0259 bil\u0259r Prezident \u0130lham \u018fliyevin C\u0259bray\u0131l, Qubadl\u0131, Z\u0259ngilan\u00a0 v\u0259 La\u00e7\u0131n rayonlar\u0131na\u00a0 x\u00fcsusi n\u00fcmay\u0259nd\u0259 t\u0259yin etm\u0259si il\u0259 azad edilmi\u015f torpaqlarda bu proses yekunla\u015fmaq m\u0259rh\u0259l\u0259sin\u0259 yax\u0131nla\u015fd\u0131. K\u0259lb\u0259c\u0259r rayonuna da x\u00fcsusi n\u00fcmay\u0259nd\u0259 t\u0259yinat\u0131 realla\u015fd\u0131r\u0131ld\u0131qdan sonra proses b\u00fct\u00fcn i\u015f\u011faldan azad edilmi\u015f rayonlarda ba\u015fa \u00e7atm\u0131\u015f olacaq. Yada salaq&hellip;","_links":{"self":[{"href":"https:\/\/arantv.az\/index.php?rest_route=\/wp\/v2\/posts\/702022"}],"collection":[{"href":"https:\/\/arantv.az\/index.php?rest_route=\/wp\/v2\/posts"}],"about":[{"href":"https:\/\/arantv.az\/index.php?rest_route=\/wp\/v2\/types\/post"}],"author":[{"embeddable":true,"href":"https:\/\/arantv.az\/index.php?rest_route=\/wp\/v2\/users\/2"}],"replies":[{"embeddable":true,"href":"https:\/\/arantv.az\/index.php?rest_route=%2Fwp%2Fv2%2Fcomments&post=702022"}],"version-history":[{"count":0,"href":"https:\/\/arantv.az\/index.php?rest_route=\/wp\/v2\/posts\/702022\/revisions"}],"wp:featuredmedia":[{"embeddable":true,"href":"https:\/\/arantv.az\/index.php?rest_route=\/wp\/v2\/media\/702023"}],"wp:attachment":[{"href":"https:\/\/arantv.az\/index.php?rest_route=%2Fwp%2Fv2%2Fmedia&parent=702022"}],"wp:term":[{"taxonomy":"category","embeddable":true,"href":"https:\/\/arantv.az\/index.php?rest_route=%2Fwp%2Fv2%2Fcategories&post=702022"},{"taxonomy":"post_tag","embeddable":true,"href":"https:\/\/arantv.az\/index.php?rest_route=%2Fwp%2Fv2%2Ftags&post=702022"}],"curies":[{"name":"wp","href":"https:\/\/api.w.org\/{rel}","templated":true}]}}