{"id":702025,"date":"2024-03-15T12:19:26","date_gmt":"2024-03-15T08:19:26","guid":{"rendered":"https:\/\/arantv.az\/?p=702025"},"modified":"2024-03-15T12:19:26","modified_gmt":"2024-03-15T08:19:26","slug":"bakida-s%c9%99kid%c9%99-olan-velosiped-zolaqlarinin-aqib%c9%99ti-nec%c9%99-olacaq-aciqlama","status":"publish","type":"post","link":"https:\/\/arantv.az\/?p=702025","title":{"rendered":"Bak\u0131da s\u0259kid\u0259 olan velosiped zolaqlar\u0131n\u0131n aqib\u0259ti nec\u0259 olacaq? &#8211; A\u00c7IQLAMA"},"content":{"rendered":"<p>\u201cB\u00fclb\u00fcl prospektind\u0259 paralel velosiped zolaqlar\u0131n\u0131n layih\u0259y\u0259 daxil olmayan \u0259razil\u0259rd\u0259 l\u0259\u011fv edilm\u0259si v\u0259 s\u0259kil\u0259rin b\u0259rpas\u0131 n\u0259z\u0259rd\u0259 tutulur\u201d.<\/p>\n<p>Bununla ba\u011fl\u0131\u00a0<strong>Oxu.Az<\/strong>-\u0131n sor\u011fusuna cavab olaraq Az\u0259rbaycan Yer\u00fcst\u00fc N\u0259qliyyat Agentliyinin (AYNA) \u0130ctimaiyy\u0259tl\u0259 \u0259laq\u0259l\u0259r v\u0259 media il\u0259 i\u015f departamentind\u0259n\u00a0m\u0259lumat verilib.<\/p>\n<div class=\"AdviadNativeVideo\"><\/div>\n<p>Bildirilib ki, AYNA t\u0259r\u0259find\u0259n beyn\u0259lxalq m\u0259sl\u0259h\u0259t\u00e7i \u015firk\u0259t c\u0259lb olunmaqla Bak\u0131 \u015f\u0259h\u0259rind\u0259 velosiped yollar\u0131n\u0131n yeni \u015f\u0259b\u0259k\u0259sinin layih\u0259si haz\u0131rlan\u0131b v\u0259 bu ilin \u0259vv\u0259lind\u0259n etibar\u0259n layih\u0259nin icras\u0131na ba\u015flan\u0131l\u0131b.<\/p>\n<p>M\u0259lumatda daha \u0259vv\u0259l t\u0259\u015fkil edil\u0259n infrastrukturun b\u0259zi hiss\u0259l\u0259rinin d\u0259 yeni \u015f\u0259b\u0259k\u0259y\u0259 daxil edildiyi\u00a0vur\u011fulanaraq, s\u0259kil\u0259rin \u00fcz\u0259rind\u0259 sal\u0131nan v\u0259 layih\u0259y\u0259 daxil olmayan \u0259razil\u0259rd\u0259ki velosiped zolaqlar\u0131n\u0131n l\u0259\u011fv edilm\u0259sinin v\u0259 s\u0259kil\u0259rin b\u0259rpa olunmas\u0131n\u0131n n\u0259z\u0259rd\u0259 tutuldu\u011fu da diqq\u0259t\u0259 \u00e7atd\u0131r\u0131l\u0131b.<\/p>\n<p>Park\u0131n \u0259razisind\u0259n ke\u00e7\u0259n velosiped zola\u011f\u0131n\u0131n niy\u0259 l\u0259\u011fv olunmas\u0131 il\u0259 ba\u011fl\u0131 suala cavab olaraq is\u0259 bildirilib ki, Sahil park\u0131n\u0131n \u0259razisind\u0259 m\u00f6vcud velosiped zola\u011f\u0131 2022-ci ild\u0259 t\u0259\u015fkil edilib. Zola\u011f\u0131n parkda sal\u0131nmas\u0131 il\u0259 ba\u011fl\u0131 v\u0259t\u0259nda\u015flardan quruma \u00e7oxsayl\u0131 \u015fikay\u0259tl\u0259r daxil olub.<\/p>\n<p>Qeyd ed\u0259k ki, velosiped zolaqlar\u0131 layih\u0259sinin ilkin m\u0259rh\u0259l\u0259si Bak\u0131 \u015f\u0259h\u0259rinin \u0259sas\u0259n m\u0259rk\u0259zi hiss\u0259l\u0259rini &#8211; \u0130stiqlaliyy\u0259t k\u00fc\u00e7\u0259si, Az\u0259rbaycan prospekti, Mirz\u0259a\u011fa \u018fliyev k\u00fc\u00e7\u0259si, B\u00fclb\u00fcl prospekti, Fikr\u0259t \u018fmirov k\u00fc\u00e7\u0259si v\u0259 Bulvar \u0259razisini \u0259hat\u0259 edir. M\u0259rh\u0259l\u0259li \u015f\u0259kild\u0259 dig\u0259r k\u00fc\u00e7\u0259l\u0259rd\u0259 d\u0259 bu tip velosiped zolaqlar\u0131n\u0131n sal\u0131nmas\u0131 planla\u015fd\u0131r\u0131l\u0131r.<\/p>\n","protected":false},"excerpt":{"rendered":"<p>\u201cB\u00fclb\u00fcl prospektind\u0259 paralel velosiped zolaqlar\u0131n\u0131n layih\u0259y\u0259 daxil olmayan \u0259razil\u0259rd\u0259 l\u0259\u011fv edilm\u0259si v\u0259 s\u0259kil\u0259rin b\u0259rpas\u0131 n\u0259z\u0259rd\u0259 tutulur\u201d. Bununla ba\u011fl\u0131\u00a0Oxu.Az-\u0131n sor\u011fusuna cavab olaraq Az\u0259rbaycan Yer\u00fcst\u00fc N\u0259qliyyat Agentliyinin (AYNA) \u0130ctimaiyy\u0259tl\u0259 \u0259laq\u0259l\u0259r v\u0259 media il\u0259 i\u015f departamentind\u0259n\u00a0m\u0259lumat verilib. Bildirilib ki, AYNA t\u0259r\u0259find\u0259n beyn\u0259lxalq m\u0259sl\u0259h\u0259t\u00e7i \u015firk\u0259t c\u0259lb olunmaqla Bak\u0131 \u015f\u0259h\u0259rind\u0259 velosiped yollar\u0131n\u0131n yeni \u015f\u0259b\u0259k\u0259sinin layih\u0259si haz\u0131rlan\u0131b v\u0259 bu ilin \u0259vv\u0259lind\u0259n etibar\u0259n layih\u0259nin icras\u0131na ba\u015flan\u0131l\u0131b. M\u0259lumatda daha \u0259vv\u0259l t\u0259\u015fkil edil\u0259n infrastrukturun b\u0259zi hiss\u0259l\u0259rinin d\u0259 yeni \u015f\u0259b\u0259k\u0259y\u0259 daxil edildiyi\u00a0vur\u011fulanaraq, s\u0259kil\u0259rin \u00fcz\u0259rind\u0259 sal\u0131nan v\u0259 layih\u0259y\u0259 daxil olmayan \u0259razil\u0259rd\u0259ki velosiped zolaqlar\u0131n\u0131n l\u0259\u011fv edilm\u0259sinin v\u0259 s\u0259kil\u0259rin b\u0259rpa olunmas\u0131n\u0131n n\u0259z\u0259rd\u0259 tutuldu\u011fu&hellip;<\/p>\n","protected":false},"author":2,"featured_media":702026,"comment_status":"closed","ping_status":"closed","sticky":false,"template":"","format":"standard","meta":{"om_disable_all_campaigns":false,"_monsterinsights_skip_tracking":false,"_monsterinsights_sitenote_active":false,"_monsterinsights_sitenote_note":"","_monsterinsights_sitenote_category":0},"categories":[1],"tags":[],"aioseo_notices":[],"gutentor_comment":0,"rttpg_featured_image_url":{"full":["https:\/\/arantv.az\/wp-content\/uploads\/2024\/03\/431499454_7632992230053726_8490394709566085124_n.jpg",620,413,false],"landscape":["https:\/\/arantv.az\/wp-content\/uploads\/2024\/03\/431499454_7632992230053726_8490394709566085124_n.jpg",620,413,false],"portraits":["https:\/\/arantv.az\/wp-content\/uploads\/2024\/03\/431499454_7632992230053726_8490394709566085124_n.jpg",620,413,false],"thumbnail":["https:\/\/arantv.az\/wp-content\/uploads\/2024\/03\/431499454_7632992230053726_8490394709566085124_n-500x280.jpg",500,280,true],"medium":["https:\/\/arantv.az\/wp-content\/uploads\/2024\/03\/431499454_7632992230053726_8490394709566085124_n-548x365.jpg",548,365,true],"large":["https:\/\/arantv.az\/wp-content\/uploads\/2024\/03\/431499454_7632992230053726_8490394709566085124_n.jpg",620,413,false],"1536x1536":["https:\/\/arantv.az\/wp-content\/uploads\/2024\/03\/431499454_7632992230053726_8490394709566085124_n.jpg",620,413,false],"2048x2048":["https:\/\/arantv.az\/wp-content\/uploads\/2024\/03\/431499454_7632992230053726_8490394709566085124_n.jpg",620,413,false],"post-thumbnail":["https:\/\/arantv.az\/wp-content\/uploads\/2024\/03\/431499454_7632992230053726_8490394709566085124_n-240x172.jpg",240,172,true],"advps-thumb-one":["https:\/\/arantv.az\/wp-content\/uploads\/2024\/03\/431499454_7632992230053726_8490394709566085124_n.jpg",620,413,false]},"rttpg_author":{"display_name":"V\u00fcsal Rafiqo\u011flu","author_link":"https:\/\/arantv.az\/?author=2"},"rttpg_comment":0,"rttpg_category":"<a href=\"https:\/\/arantv.az\/?cat=1\" rel=\"category\">C\u0259miyy\u0259t<\/a>","rttpg_excerpt":"\u201cB\u00fclb\u00fcl prospektind\u0259 paralel velosiped zolaqlar\u0131n\u0131n layih\u0259y\u0259 daxil olmayan \u0259razil\u0259rd\u0259 l\u0259\u011fv edilm\u0259si v\u0259 s\u0259kil\u0259rin b\u0259rpas\u0131 n\u0259z\u0259rd\u0259 tutulur\u201d. Bununla ba\u011fl\u0131\u00a0Oxu.Az-\u0131n sor\u011fusuna cavab olaraq Az\u0259rbaycan Yer\u00fcst\u00fc N\u0259qliyyat Agentliyinin (AYNA) \u0130ctimaiyy\u0259tl\u0259 \u0259laq\u0259l\u0259r v\u0259 media il\u0259 i\u015f departamentind\u0259n\u00a0m\u0259lumat verilib. Bildirilib ki, AYNA t\u0259r\u0259find\u0259n beyn\u0259lxalq m\u0259sl\u0259h\u0259t\u00e7i \u015firk\u0259t c\u0259lb olunmaqla Bak\u0131 \u015f\u0259h\u0259rind\u0259 velosiped yollar\u0131n\u0131n yeni \u015f\u0259b\u0259k\u0259sinin layih\u0259si haz\u0131rlan\u0131b v\u0259 bu ilin \u0259vv\u0259lind\u0259n&hellip;","_links":{"self":[{"href":"https:\/\/arantv.az\/index.php?rest_route=\/wp\/v2\/posts\/702025"}],"collection":[{"href":"https:\/\/arantv.az\/index.php?rest_route=\/wp\/v2\/posts"}],"about":[{"href":"https:\/\/arantv.az\/index.php?rest_route=\/wp\/v2\/types\/post"}],"author":[{"embeddable":true,"href":"https:\/\/arantv.az\/index.php?rest_route=\/wp\/v2\/users\/2"}],"replies":[{"embeddable":true,"href":"https:\/\/arantv.az\/index.php?rest_route=%2Fwp%2Fv2%2Fcomments&post=702025"}],"version-history":[{"count":0,"href":"https:\/\/arantv.az\/index.php?rest_route=\/wp\/v2\/posts\/702025\/revisions"}],"wp:featuredmedia":[{"embeddable":true,"href":"https:\/\/arantv.az\/index.php?rest_route=\/wp\/v2\/media\/702026"}],"wp:attachment":[{"href":"https:\/\/arantv.az\/index.php?rest_route=%2Fwp%2Fv2%2Fmedia&parent=702025"}],"wp:term":[{"taxonomy":"category","embeddable":true,"href":"https:\/\/arantv.az\/index.php?rest_route=%2Fwp%2Fv2%2Fcategories&post=702025"},{"taxonomy":"post_tag","embeddable":true,"href":"https:\/\/arantv.az\/index.php?rest_route=%2Fwp%2Fv2%2Ftags&post=702025"}],"curies":[{"name":"wp","href":"https:\/\/api.w.org\/{rel}","templated":true}]}}