{"id":702030,"date":"2024-03-15T12:20:11","date_gmt":"2024-03-15T08:20:11","guid":{"rendered":"https:\/\/arantv.az\/?p=702030"},"modified":"2024-03-15T12:20:11","modified_gmt":"2024-03-15T08:20:11","slug":"gurcustan-xin-bascisi-umidvariq-ki-az%c9%99rbaycan-v%c9%99-erm%c9%99nistan-tez-bir-zamanda-sulh-sazisi-imzalayacaqlar","status":"publish","type":"post","link":"https:\/\/arantv.az\/?p=702030","title":{"rendered":"G\u00fcrc\u00fcstan X\u0130N ba\u015f\u00e7\u0131s\u0131: \u201c\u00dcmidvar\u0131q ki, Az\u0259rbaycan v\u0259 Erm\u0259nistan tez bir zamanda s\u00fclh sazi\u015fi imzalayacaqlar\u201d"},"content":{"rendered":"<p>\u201c\u00dc\u00e7t\u0259r\u0259fli g\u00f6r\u00fc\u015f \u00e7\u0259r\u00e7iv\u0259sind\u0259 m\u00fcxt\u0259lif istiqam\u0259tl\u0259rd\u0259 m\u0259s\u0259l\u0259l\u0259r m\u00fczakir\u0259 edilib. \u0130kit\u0259r\u0259fli m\u00fcst\u0259vid\u0259 d\u0259 G\u00fcrc\u00fcstan, Az\u0259rbaycan v\u0259 T\u00fcrkiy\u0259 il\u0259 strateji t\u0259r\u0259fda\u015fl\u0131q v\u0259 n\u00fcmun\u0259vi \u0259laq\u0259l\u0259r m\u00f6vcuddur\u201d.<\/p>\n<div class=\"AdviadNativeVideo\"><\/div>\n<p>APA\u00a0x\u0259b\u0259r verir ki, bunu G\u00fcrc\u00fcstan X\u0130N ba\u015f\u00e7\u0131s\u0131 \u0130lya Dar\u00e7ia\u015fvili bu g\u00fcn Bak\u0131da ke\u00e7iril\u0259n Az\u0259rbaycan, G\u00fcrc\u00fcstan v\u0259 T\u00fcrkiy\u0259 xarici i\u015fl\u0259r nazirl\u0259rinin \u00fc\u00e7t\u0259r\u0259fli g\u00f6r\u00fc\u015f\u00fcn\u00fcn n\u0259tic\u0259l\u0259rin\u0259 dair brifinq zaman\u0131 deyib.<\/p>\n<p>\u201cBu iki \u00f6lk\u0259 G\u00fcrc\u00fcstan\u0131n \u0259n b\u00f6y\u00fck ticar\u0259t t\u0259r\u0259fda\u015f\u0131d\u0131r. Siyasi, iqtisadi, ticari, m\u00fcdafi\u0259, m\u0259d\u0259niyy\u0259t, n\u0259qliyyat, enerji sah\u0259l\u0259rind\u0259 \u0259m\u0259kda\u015fl\u0131qlar m\u00fczakir\u0259 edildi. T\u0259bii ki, biz regionda ged\u0259n prosesl\u0259r\u0259 v\u0259 bu \u00e7a\u011f\u0131r\u0131\u015flar\u0131n \u00f6hd\u0259sind\u0259n g\u0259lm\u0259k \u00fc\u00e7\u00fcn birg\u0259 s\u0259yl\u0259rimiz\u0259 x\u00fcsusi diqq\u0259t yetirdik\u201d, &#8211; nazir bildirib.<\/p>\n<p>\u0130lya Dar\u00e7ia\u015fvili G\u00fcrc\u00fcstan\u0131n C\u0259nubi Qafqazda dinc v\u0259 s\u00fclh \u015f\u0259raitind\u0259 birg\u0259ya\u015fay\u0131\u015f\u0131 q\u0259tiyy\u0259tl\u0259 d\u0259st\u0259kl\u0259diyini, regionda s\u00fclh\u00fcn v\u0259 konstruktiv \u0259m\u0259kda\u015fl\u0131\u011f\u0131n t\u0259\u015fviqi prosesin\u0259 t\u00f6hf\u0259 verm\u0259y\u0259 haz\u0131r oldu\u011funu diqq\u0259t\u0259 \u00e7atd\u0131r\u0131b.<\/p>\n<p>\u201c\u00dcmidvar\u0131q ki, Az\u0259rbaycan v\u0259 Erm\u0259nistan tez bir zamanda raz\u0131l\u0131q \u0259ld\u0259 ed\u0259r\u0259k s\u00fclh sazi\u015fini imzalayacaq v\u0259 bu, regionda uzunm\u00fcdd\u0259tli s\u00fclhl\u0259 sabitlik \u00fc\u00e7\u00fcn d\u00f6n\u00fc\u015f n\u00f6qt\u0259si olacaq\u201d, &#8211; G\u00fcrc\u00fcstan X\u0130N ba\u015f\u00e7\u0131s\u0131 qeyd edib.<\/p>\n","protected":false},"excerpt":{"rendered":"<p>\u201c\u00dc\u00e7t\u0259r\u0259fli g\u00f6r\u00fc\u015f \u00e7\u0259r\u00e7iv\u0259sind\u0259 m\u00fcxt\u0259lif istiqam\u0259tl\u0259rd\u0259 m\u0259s\u0259l\u0259l\u0259r m\u00fczakir\u0259 edilib. \u0130kit\u0259r\u0259fli m\u00fcst\u0259vid\u0259 d\u0259 G\u00fcrc\u00fcstan, Az\u0259rbaycan v\u0259 T\u00fcrkiy\u0259 il\u0259 strateji t\u0259r\u0259fda\u015fl\u0131q v\u0259 n\u00fcmun\u0259vi \u0259laq\u0259l\u0259r m\u00f6vcuddur\u201d. APA\u00a0x\u0259b\u0259r verir ki, bunu G\u00fcrc\u00fcstan X\u0130N ba\u015f\u00e7\u0131s\u0131 \u0130lya Dar\u00e7ia\u015fvili bu g\u00fcn Bak\u0131da ke\u00e7iril\u0259n Az\u0259rbaycan, G\u00fcrc\u00fcstan v\u0259 T\u00fcrkiy\u0259 xarici i\u015fl\u0259r nazirl\u0259rinin \u00fc\u00e7t\u0259r\u0259fli g\u00f6r\u00fc\u015f\u00fcn\u00fcn n\u0259tic\u0259l\u0259rin\u0259 dair brifinq zaman\u0131 deyib. \u201cBu iki \u00f6lk\u0259 G\u00fcrc\u00fcstan\u0131n \u0259n b\u00f6y\u00fck ticar\u0259t t\u0259r\u0259fda\u015f\u0131d\u0131r. Siyasi, iqtisadi, ticari, m\u00fcdafi\u0259, m\u0259d\u0259niyy\u0259t, n\u0259qliyyat, enerji sah\u0259l\u0259rind\u0259 \u0259m\u0259kda\u015fl\u0131qlar m\u00fczakir\u0259 edildi. T\u0259bii ki, biz regionda ged\u0259n prosesl\u0259r\u0259 v\u0259 bu \u00e7a\u011f\u0131r\u0131\u015flar\u0131n \u00f6hd\u0259sind\u0259n g\u0259lm\u0259k \u00fc\u00e7\u00fcn birg\u0259 s\u0259yl\u0259rimiz\u0259 x\u00fcsusi diqq\u0259t yetirdik\u201d, &#8211; nazir bildirib. \u0130lya Dar\u00e7ia\u015fvili&hellip;<\/p>\n","protected":false},"author":2,"featured_media":702031,"comment_status":"closed","ping_status":"closed","sticky":false,"template":"","format":"standard","meta":{"om_disable_all_campaigns":false,"_monsterinsights_skip_tracking":false,"_monsterinsights_sitenote_active":false,"_monsterinsights_sitenote_note":"","_monsterinsights_sitenote_category":0},"categories":[4],"tags":[],"aioseo_notices":[],"gutentor_comment":0,"rttpg_featured_image_url":{"full":["https:\/\/arantv.az\/wp-content\/uploads\/2024\/03\/ilya.jpg",620,413,false],"landscape":["https:\/\/arantv.az\/wp-content\/uploads\/2024\/03\/ilya.jpg",620,413,false],"portraits":["https:\/\/arantv.az\/wp-content\/uploads\/2024\/03\/ilya.jpg",620,413,false],"thumbnail":["https:\/\/arantv.az\/wp-content\/uploads\/2024\/03\/ilya-500x280.jpg",500,280,true],"medium":["https:\/\/arantv.az\/wp-content\/uploads\/2024\/03\/ilya-548x365.jpg",548,365,true],"large":["https:\/\/arantv.az\/wp-content\/uploads\/2024\/03\/ilya.jpg",620,413,false],"1536x1536":["https:\/\/arantv.az\/wp-content\/uploads\/2024\/03\/ilya.jpg",620,413,false],"2048x2048":["https:\/\/arantv.az\/wp-content\/uploads\/2024\/03\/ilya.jpg",620,413,false],"post-thumbnail":["https:\/\/arantv.az\/wp-content\/uploads\/2024\/03\/ilya-240x172.jpg",240,172,true],"advps-thumb-one":["https:\/\/arantv.az\/wp-content\/uploads\/2024\/03\/ilya.jpg",620,413,false]},"rttpg_author":{"display_name":"V\u00fcsal Rafiqo\u011flu","author_link":"https:\/\/arantv.az\/?author=2"},"rttpg_comment":0,"rttpg_category":"<a href=\"https:\/\/arantv.az\/?cat=4\" rel=\"category\">Siyas\u0259t<\/a>","rttpg_excerpt":"\u201c\u00dc\u00e7t\u0259r\u0259fli g\u00f6r\u00fc\u015f \u00e7\u0259r\u00e7iv\u0259sind\u0259 m\u00fcxt\u0259lif istiqam\u0259tl\u0259rd\u0259 m\u0259s\u0259l\u0259l\u0259r m\u00fczakir\u0259 edilib. \u0130kit\u0259r\u0259fli m\u00fcst\u0259vid\u0259 d\u0259 G\u00fcrc\u00fcstan, Az\u0259rbaycan v\u0259 T\u00fcrkiy\u0259 il\u0259 strateji t\u0259r\u0259fda\u015fl\u0131q v\u0259 n\u00fcmun\u0259vi \u0259laq\u0259l\u0259r m\u00f6vcuddur\u201d. APA\u00a0x\u0259b\u0259r verir ki, bunu G\u00fcrc\u00fcstan X\u0130N ba\u015f\u00e7\u0131s\u0131 \u0130lya Dar\u00e7ia\u015fvili bu g\u00fcn Bak\u0131da ke\u00e7iril\u0259n Az\u0259rbaycan, G\u00fcrc\u00fcstan v\u0259 T\u00fcrkiy\u0259 xarici i\u015fl\u0259r nazirl\u0259rinin \u00fc\u00e7t\u0259r\u0259fli g\u00f6r\u00fc\u015f\u00fcn\u00fcn n\u0259tic\u0259l\u0259rin\u0259 dair brifinq zaman\u0131 deyib. \u201cBu iki \u00f6lk\u0259 G\u00fcrc\u00fcstan\u0131n \u0259n b\u00f6y\u00fck&hellip;","_links":{"self":[{"href":"https:\/\/arantv.az\/index.php?rest_route=\/wp\/v2\/posts\/702030"}],"collection":[{"href":"https:\/\/arantv.az\/index.php?rest_route=\/wp\/v2\/posts"}],"about":[{"href":"https:\/\/arantv.az\/index.php?rest_route=\/wp\/v2\/types\/post"}],"author":[{"embeddable":true,"href":"https:\/\/arantv.az\/index.php?rest_route=\/wp\/v2\/users\/2"}],"replies":[{"embeddable":true,"href":"https:\/\/arantv.az\/index.php?rest_route=%2Fwp%2Fv2%2Fcomments&post=702030"}],"version-history":[{"count":0,"href":"https:\/\/arantv.az\/index.php?rest_route=\/wp\/v2\/posts\/702030\/revisions"}],"wp:featuredmedia":[{"embeddable":true,"href":"https:\/\/arantv.az\/index.php?rest_route=\/wp\/v2\/media\/702031"}],"wp:attachment":[{"href":"https:\/\/arantv.az\/index.php?rest_route=%2Fwp%2Fv2%2Fmedia&parent=702030"}],"wp:term":[{"taxonomy":"category","embeddable":true,"href":"https:\/\/arantv.az\/index.php?rest_route=%2Fwp%2Fv2%2Fcategories&post=702030"},{"taxonomy":"post_tag","embeddable":true,"href":"https:\/\/arantv.az\/index.php?rest_route=%2Fwp%2Fv2%2Ftags&post=702030"}],"curies":[{"name":"wp","href":"https:\/\/api.w.org\/{rel}","templated":true}]}}